{"id":171424,"date":"2025-12-16T16:11:40","date_gmt":"2025-12-16T16:11:40","guid":{"rendered":"https:\/\/enolife.com.ar\/es\/?p=171424"},"modified":"2025-12-17T20:51:36","modified_gmt":"2025-12-17T20:51:36","slug":"mendoza-asigno-5-810-millones-para-combatir-la-plaga-de-la-polilla-de-la-vid-en-2025-2026","status":"publish","type":"post","link":"https:\/\/enolife.com.ar\/es\/mendoza-asigno-5-810-millones-para-combatir-la-plaga-de-la-polilla-de-la-vid-en-2025-2026\/","title":{"rendered":"Mendoza asign\u00f3 $5.810 millones para combatir la plaga de la polilla de la vid en 2025\/2026"},"content":{"rendered":"\n<h4 class=\"wp-block-heading\"><em><strong>Mediante un decreto publicado hoy 16\/12\/2025, el gobierno de la provincia de Mendoza dispuso el env\u00edo de esos recursos al Fondo de la Transformaci\u00f3n y el Crecimiento, organismo encargado de asistir financieramente a los productores, industrializadores y comercializadores vinculados a la actividad productiva vitivin\u00edcola en su lucha contra la da\u00f1ina plaga del insecto lobesia botrana.<\/strong><\/em><\/h4>\n\n\n\n<div style=\"height:42px\" aria-hidden=\"true\" class=\"wp-block-spacer\"><\/div>\n\n\n\n\n\n<div style=\"height:44px\" aria-hidden=\"true\" class=\"wp-block-spacer\"><\/div>\n\n\n\n<p>El <strong>gobierno de Mendoza<\/strong> oficializ\u00f3 el env\u00edo de fondos a distintos organismos para que afronten todos los gastos necesarios y otorguen toda la asistencia financiera que requieran los productores, a efectos de completar el programa de lucha contra la <strong>lobesia botrana<\/strong> o<strong> polilla de la vid<\/strong>. As\u00ed, se cumple con la ley provincial <strong>N\u00ba 9343 que, en 2021, prorrog\u00f3 la vigencia del Programa de Control y Erradicaci\u00f3n de la Plaga <\/strong>que instrumenta en el campo el <strong>Instituto de Calidad y Sanidad Agropecuaria Mendoza (Iscamen).<\/strong><\/p>\n\n\n\n<p>Los fondos han sido dispuestos para adquirir y distribuir fitosanitarios, adquirir los difusores de feromonas que controlan biol\u00f3gicamente al insecto y realizar aplicaciones a\u00e9reas sobre unas<strong> 70.000 hect\u00e1reas de vi\u00f1edos pertenecientes a unos 9.000 productores<\/strong> vitivin\u00edcolas de la provincia.<\/p>\n\n\n\n<div style=\"height:18px\" aria-hidden=\"true\" class=\"wp-block-spacer\"><\/div>\n\n\n\n<h3 class=\"wp-block-heading has-vivid-red-color has-text-color has-link-color wp-elements-be29f8d1238bb2ad864078fbe0a2ba5e\">La Lobesia botrana o polilla de la vid es un insecto cuyo alimento principal es la vid, donde desarrolla su ciclo de vida de manera completa, pasando por los estados de huevo, larva o gusano, pupa o cris\u00e1lida y adulto en cada generaci\u00f3n.<\/h3>\n\n\n\n<div style=\"height:18px\" aria-hidden=\"true\" class=\"wp-block-spacer\"><\/div>\n\n\n\n<p>Las larvas se alimentan de las flores o de los granos causando el da\u00f1o. La primera generaci\u00f3n de la temporada ataca a los grupos de flores (inflorescencias) cubri\u00e9ndolos adem\u00e1s con hilos de seda. Las restantes generaciones, provocan da\u00f1os en las uvas en formaci\u00f3n y en los frutos ya desarrollados. En nuestro pa\u00eds, la plaga tiene cuatro generaciones.<\/p>\n\n\n\n<div style=\"height:31px\" aria-hidden=\"true\" class=\"wp-block-spacer\"><\/div>\n\n\n<div class=\"wp-block-image\">\n<figure class=\"aligncenter size-large is-resized\"><a href=\"https:\/\/enolife.com.ar\/es\/wp-content\/uploads\/2024\/11\/LOBESIA.jpg\" data-rel=\"penci-gallery-image-content\" ><img loading=\"lazy\" decoding=\"async\" width=\"1024\" height=\"440\" src=\"https:\/\/enolife.com.ar\/es\/wp-content\/uploads\/2024\/11\/LOBESIA-1024x440.jpg\" alt=\"\" class=\"wp-image-130212\" style=\"width:758px;height:auto\" srcset=\"https:\/\/enolife.com.ar\/es\/wp-content\/uploads\/2024\/11\/LOBESIA-1024x440.jpg 1024w, https:\/\/enolife.com.ar\/es\/wp-content\/uploads\/2024\/11\/LOBESIA-300x129.jpg 300w, https:\/\/enolife.com.ar\/es\/wp-content\/uploads\/2024\/11\/LOBESIA-768x330.jpg 768w, https:\/\/enolife.com.ar\/es\/wp-content\/uploads\/2024\/11\/LOBESIA-1170x503.jpg 1170w, https:\/\/enolife.com.ar\/es\/wp-content\/uploads\/2024\/11\/LOBESIA-585x251.jpg 585w, https:\/\/enolife.com.ar\/es\/wp-content\/uploads\/2024\/11\/LOBESIA.jpg 1280w\" sizes=\"auto, (max-width: 1024px) 100vw, 1024px\" \/><\/a><\/figure><\/div>\n\n\n<div style=\"height:35px\" aria-hidden=\"true\" class=\"wp-block-spacer\"><\/div>\n\n\n\n<p>Produce da\u00f1os directos provocando p\u00e9rdidas en los vol\u00famenes de producci\u00f3n, menor rendimiento por planta y afectando la calidad de la fruta tanto para consumo en fresco como para vinificaci\u00f3n. Asimismo, favorece el ataque de diversos hongos pat\u00f3genos que provocan la podredumbre del racimo. En uva para vinificar, los residuos que dejan estos hongos transmiten mal olor y sabor a los vinos (da\u00f1os indirectos). Adem\u00e1s de los da\u00f1os productivos y de calidad, esta plaga causa importantes perjuicios econ\u00f3micos a trav\u00e9s de las regulaciones que imponen los pa\u00edses importadores en el comercio internacional.<\/p>\n\n\n\n<div style=\"height:32px\" aria-hidden=\"true\" class=\"wp-block-spacer\"><\/div>\n\n\n\n<p class=\"has-medium-font-size\"><strong>El decreto de asignaci\u00f3n de los fondos<\/strong><\/p>\n\n\n\n<p>A continuaci\u00f3n replicamos el texto completo del decreto publicado hoy 16\/12\/2025 en el Bolet\u00edn Oficial de Mendoza:<\/p>\n\n\n\n<p><em>\u00abMINISTERIO DE PRODUCCI\u00d3N<\/em><br><em>\u00abDecreto N\u00ba 2787<\/em><br><em>\u00abVisto el expediente EX-2025-09859474-GDEMZA-SDCONTA#MEIYE, en el cual se tramita un aporte al Fideicomiso de Administraci\u00f3n y Asistencia Financiera Vitivin\u00edcola de la Provincia de Mendoza a efectos de afrontar la lucha contra la plaga Lobesia Botrana; y Considerando:<\/em><br><br><em>\u00abQue mediante Ley N\u00ba 7992 y modificatorias se aprob\u00f3 el contrato de \u201cFideicomiso de Administraci\u00f3n y Asistencia Financiera Vitivin\u00edcola 2009\u201d entre la Provincia de Mendoza, la Administradora Provincial del Fondo para la Transformaci\u00f3n y el Crecimiento de la Provincia de Mendoza y MENDOZA FIDUCIARIA SOCIEDAD AN\u00d3NIMA, con la finalidad de asistir financieramente a los productores, industrializadores y comercializadores vinculados a la actividad productiva vitivin\u00edcola y\/o agroindustrial de la Provincia;<\/em><br><br><em>\u00abQue por Decreto N\u00ba 1318\/17 se aprueba la Adenda al Fideicomiso de Administraci\u00f3n y Asistencia Financiera Vitivin\u00edcola de la Provincia de Mendoza con el objeto, entre otros, de brindar asistencia financiera a establecimientos elaboradores de vino y\/o mosto sulfitado y\/o establecimientos concentradores y\/o exportadores de este \u00faltimo producto, para la adquisici\u00f3n de uva, vino y\/o mosto sulfitado a personas f\u00edsicas o jur\u00eddicas con emprendimientos radicados dentro del territorio de la Provincia de Mendoza;<\/em><br><br><em>\u00abQue en Orden 2 del expediente de referencia, se solicita tramitar un aporte al Fideicomiso de<br>Administraci\u00f3n y Asistencia Financiera Vitivin\u00edcola, por la suma de PESOS CINCO MIL OCHOCIENTOS DIEZ MILLONES ($5.810.000.000), para ser destinado al Programa de Control y Erradicaci\u00f3n de la plaga Lobesia Botrana en la Provincia de Mendoza;<\/em><br><br><em>\u00abQue el Fiduciario tiene capacidad para suscribir convenios de colaboraci\u00f3n con distintas entidades p\u00fablicas y\/o privadas a efecto de llevar la manda fiduciaria con la asistencia t\u00e9cnica requerida (cl\u00e1usula 7.6 del contrato de Fideicomiso);<\/em><br><br><em>\u00abQue la manda permite llevar a cabo todas las acciones y contrataciones tendientes a favorecer la estabilidad de stock v\u00ednicos en Mendoza, con una finalidad eminentemente social, sin asegurar resultado financiero alguno. (Cl\u00e1usula 7.10. del contrato de Fideicomiso);<\/em><br><br><em>\u00abQue la Ley N\u00ba 9343 prorrog\u00f3 la vigencia del Programa de Control y Erradicaci\u00f3n de la Plaga de la Lobesia Botrana en la Provincia, siendo autoridad de aplicaci\u00f3n el Instituto de Sanidad y Calidad Agropecuaria Mendoza (ISCAMEN) para el per\u00edodo 2021\/2022 y en su art\u00edculo 5 estableci\u00f3: \u201cPER\u00cdODO DE APLICACI\u00d3N Y PREVISIONES PARA FUTURAS CAMPA\u00d1AS. La presente Ley tendr\u00e1 como objetivo principal la provisi\u00f3n de recursos financieros para poder ejecutar las acciones de control previstas \u00fanicamente durante la temporada productiva 2021\/2022 debiendo arbitrarse mediante otras normativas y\/o v\u00edas administrativas los recursos necesarios para afrontar futuras campa\u00f1as de lucha contra Lobesia Botrana\u201d;<\/em><br><em><br>\u00abQue el Programa se encuentra enmarcado en las facultades propias del Ministerio de Producci\u00f3n, conforme lo establece el Art\u00edculo 15 de la Ley 9501;<\/em><br><br><em>\u00abQue en Orden 6 se encuentra el Visto Bueno de la Directora General de Administraci\u00f3n y en<br>orden 02 el Visto Bueno del Ministro de Producci\u00f3n;<\/em><br><br>\u00ab<em>Por ello, conforme lo establece el Art\u00edculo 52 de la Ley N\u00ba 9601, Art\u00edculo 24 del Decreto Acuerdo N\u00ba 811\/2025 y lo dictaminado por la Direcci\u00f3n de Asuntos Jur\u00eddicos del Ministerio de Producci\u00f3n,<\/em><br><br><em>\u00abEL GOBERNADOR DE LA PROVINCIA DECRETA:<\/em><br><br><em>\u00abArt\u00edculo 1\u00b0 &#8211; Ot\u00f3rguese un aporte al FIDEICOMISO DE ADMINISTRACI\u00d3N Y ASISTENCIA FINANCIERA VITIVIN\u00cdCOLA DE LA PROVINCIA DE MENDOZA, para implementar medidas sanitarias en el marco del Programa de lucha contra la Plaga Lobesia Botrana 2025\/2026, de PESOS CINCO MIL OCHOCIENTOS DIEZ MILLONES ($5.810.000.000).<\/em><br><br><em>\u00abArt\u00edculo 2\u00b0 &#8211; El gasto que demande lo dispuesto por el presente decreto ser\u00e1 atendido por Tesorer\u00eda General de la Provincia con cargo a la Cuenta General C97001 52401 000 U.G.G. C00001 del Presupuesto vigente Ejercicio 2025.<\/em><br><br><em>\u00abArt\u00edculo 3\u00ba &#8211; Comun\u00edquese lo dispuesto por el presente decreto a \u201cMENDOZA FIDUCIARIA SOCIEDAD AN\u00d3NIMA\u201d en car\u00e1cter de Fiduciario del FIDEICOMISO DE ADMINISTRACI\u00d3N Y ASISTENCIA FINANCIERA VITIVIN\u00cdCOLA DE LA PROVINCIA DE MENDOZA.<\/em><br><br><em>\u00abArt\u00edculo 4\u00ba &#8211; El presente decreto ser\u00e1 refrendado por los se\u00f1ores Ministros de Producci\u00f3n y de Hacienda y Finanzas.<\/em><br><br><em>\u00abArt\u00edculo 5\u00b0 &#8211; Comun\u00edquese, publ\u00edquese, dese al Registro Oficial y arch\u00edvese.\u00bb<\/em><\/p>\n\n\n\n<p>\u00ab<em>Firman:<\/em><br><em>LIC. ALFREDO V. CORNEJO<br>LIC. RODOLFO VARGAS<br>LIC. VICTOR FAYAD<\/em>\u00ab<\/p>\n\n\n\n<div style=\"height:41px\" aria-hidden=\"true\" class=\"wp-block-spacer\"><\/div>\n","protected":false},"excerpt":{"rendered":"<p>Mediante un decreto publicado hoy 16\/12\/2025, el gobierno de la provincia de Mendoza dispuso el&hellip;<\/p>\n","protected":false},"author":2,"featured_media":4321,"comment_status":"closed","ping_status":"open","sticky":false,"template":"","format":"standard","meta":{"footnotes":""},"categories":[14],"tags":[],"class_list":["post-171424","post","type-post","status-publish","format-standard","has-post-thumbnail","hentry","category-news"],"_links":{"self":[{"href":"https:\/\/enolife.com.ar\/es\/wp-json\/wp\/v2\/posts\/171424","targetHints":{"allow":["GET"]}}],"collection":[{"href":"https:\/\/enolife.com.ar\/es\/wp-json\/wp\/v2\/posts"}],"about":[{"href":"https:\/\/enolife.com.ar\/es\/wp-json\/wp\/v2\/types\/post"}],"author":[{"embeddable":true,"href":"https:\/\/enolife.com.ar\/es\/wp-json\/wp\/v2\/users\/2"}],"replies":[{"embeddable":true,"href":"https:\/\/enolife.com.ar\/es\/wp-json\/wp\/v2\/comments?post=171424"}],"version-history":[{"count":0,"href":"https:\/\/enolife.com.ar\/es\/wp-json\/wp\/v2\/posts\/171424\/revisions"}],"wp:featuredmedia":[{"embeddable":true,"href":"https:\/\/enolife.com.ar\/es\/wp-json\/wp\/v2\/media\/4321"}],"wp:attachment":[{"href":"https:\/\/enolife.com.ar\/es\/wp-json\/wp\/v2\/media?parent=171424"}],"wp:term":[{"taxonomy":"category","embeddable":true,"href":"https:\/\/enolife.com.ar\/es\/wp-json\/wp\/v2\/categories?post=171424"},{"taxonomy":"post_tag","embeddable":true,"href":"https:\/\/enolife.com.ar\/es\/wp-json\/wp\/v2\/tags?post=171424"}],"curies":[{"name":"wp","href":"https:\/\/api.w.org\/{rel}","templated":true}]}}