{"id":171415,"date":"2025-12-15T22:26:42","date_gmt":"2025-12-15T22:26:42","guid":{"rendered":"https:\/\/enolife.com.ar\/es\/?p=171415"},"modified":"2025-12-17T16:04:40","modified_gmt":"2025-12-17T16:04:40","slug":"convocan-a-empresas-mendocinas-de-alimentos-y-bebidas-a-la-expocomer-2026-en-panama","status":"publish","type":"post","link":"https:\/\/enolife.com.ar\/es\/convocan-a-empresas-mendocinas-de-alimentos-y-bebidas-a-la-expocomer-2026-en-panama\/","title":{"rendered":"Convocan a empresas mendocinas de alimentos y bebidas a la Expocomer 2026 en Panam\u00e1"},"content":{"rendered":"\n<h4 class=\"wp-block-heading\"><em><strong>El Gobierno de Mendoza y ProMendoza -la agencia estatal de promoci\u00f3n de los productos de la provincia en el exterior- convocaron a las firmas locales que produzcan o comercialicen alimentos y bebidas a participar en Feria Internacional Expocomer 2026, que se realizar\u00e1 del 10 al 12 de marzo en la ciudad de Panam\u00e1. Las inscripciones estar\u00e1n abiertas hasta el 19\/12\/2025 a las 12 hs.<\/strong><\/em><\/h4>\n\n\n\n<div style=\"height:32px\" aria-hidden=\"true\" class=\"wp-block-spacer\"><\/div>\n\n\n<a href=\"https:\/\/www.instagram.com\/agroconciencia_\" aria-label=\"BANNER AGROCONCIENCIA 1700X500\"><img loading=\"lazy\" decoding=\"async\" src=\"https:\/\/enolife.com.ar\/es\/wp-content\/uploads\/2019\/07\/BANNER-AGROCONCIENCIA-1700X500-1.jpg\" alt=\"\"  srcset=\"https:\/\/enolife.com.ar\/es\/wp-content\/uploads\/2019\/07\/BANNER-AGROCONCIENCIA-1700X500-1.jpg 1700w, https:\/\/enolife.com.ar\/es\/wp-content\/uploads\/2019\/07\/BANNER-AGROCONCIENCIA-1700X500-1-300x88.jpg 300w, https:\/\/enolife.com.ar\/es\/wp-content\/uploads\/2019\/07\/BANNER-AGROCONCIENCIA-1700X500-1-1024x301.jpg 1024w, https:\/\/enolife.com.ar\/es\/wp-content\/uploads\/2019\/07\/BANNER-AGROCONCIENCIA-1700X500-1-768x226.jpg 768w, https:\/\/enolife.com.ar\/es\/wp-content\/uploads\/2019\/07\/BANNER-AGROCONCIENCIA-1700X500-1-1536x452.jpg 1536w, https:\/\/enolife.com.ar\/es\/wp-content\/uploads\/2019\/07\/BANNER-AGROCONCIENCIA-1700X500-1-1170x344.jpg 1170w, https:\/\/enolife.com.ar\/es\/wp-content\/uploads\/2019\/07\/BANNER-AGROCONCIENCIA-1700X500-1-585x172.jpg 585w\" sizes=\"auto, (max-width: 1700px) 100vw, 1700px\" width=\"1700\" height=\"500\"   \/><\/a>\n\n\n<div style=\"height:38px\" aria-hidden=\"true\" class=\"wp-block-spacer\"><\/div>\n\n\n\n<p>En la pr\u00f3xima edici\u00f3n de esta importante feria internacional, ProMendoza ofrece y coordina dos modalidades de participaci\u00f3n para las empresas de alimentos:<\/p>\n\n\n\n<p><strong>Presencial: <\/strong>es decir, asistir a la feria y participar sin costo en un stand compartido.<\/p>\n\n\n\n<p><strong>No presencial:<\/strong> enviando sus productos para que ProMendoza las represente. En este caso es importante que los productos est\u00e9n previamente aprobados por ProMendoza. Y que se env\u00eden correctamente embalados, listos para exhibici\u00f3n y entrega, adjuntando la lista de precios de exportaci\u00f3n de todos los productos y el <strong>costo del transporte internacional Mendoza-Panam\u00e1.<\/strong><\/p>\n\n\n\n<p><strong>En el caso de las bodegas, el formato es s\u00f3lo presencial,<\/strong> con un costo de participaci\u00f3n de U$S 1.500, pago en pesos argentinos al tipo de cambio oficial. En ning\u00fan caso se recibir\u00e1n vinos para llevar a la feria.<\/p>\n\n\n\n<p><strong>La participaci\u00f3n presencial incluye:<\/strong><\/p>\n\n\n\n<ul class=\"wp-block-list\">\n<li>Una entrada por empresa<\/li>\n\n\n\n<li>Espacio en el stand institucional de ProMendoza (un mostrador, mesa y sillas, vitrina compartida).<\/li>\n\n\n\n<li>Inscripci\u00f3n y figuraci\u00f3n en el cat\u00e1logo oficial<\/li>\n\n\n\n<li>Asistencia t\u00e9cnica y acompa\u00f1amiento de ProMendoza<\/li>\n\n\n\n<li>Participaci\u00f3n en la ronda internacional con compradores de Centroam\u00e9rica y Sudam\u00e9rica<\/li>\n<\/ul>\n\n\n\n<p>El programa contempla tambi\u00e9n una visita a la <strong>Zona Libre de Col\u00f3n<\/strong>, en el canal de Panam\u00e1, un paso clave para avanzar en la apertura de un hub log\u00edstico de alimentos y vinos en este pa\u00eds centroamericano.<\/p>\n\n\n\n<p>Las inscripciones estar\u00e1n abiertas hasta el 19 de diciembre a las 12 hs. Los cupos son limitados y se asignar\u00e1n por orden de inscripci\u00f3n.<\/p>\n\n\n\n<p>Para inscribirse, ingres\u00e1 hay que ingresar a tinyurl.com\/Expocomer2026. Y para m\u00e1s informaci\u00f3n, escribr a furdaniz@promendoza.com.<\/p>\n\n\n\n<div style=\"height:34px\" aria-hidden=\"true\" class=\"wp-block-spacer\"><\/div>\n","protected":false},"excerpt":{"rendered":"<p>El Gobierno de Mendoza y ProMendoza -la agencia estatal de promoci\u00f3n de los productos de&hellip;<\/p>\n","protected":false},"author":2,"featured_media":171416,"comment_status":"closed","ping_status":"open","sticky":false,"template":"","format":"standard","meta":{"footnotes":""},"categories":[10],"tags":[],"class_list":["post-171415","post","type-post","status-publish","format-standard","has-post-thumbnail","hentry","category-ferias"],"_links":{"self":[{"href":"https:\/\/enolife.com.ar\/es\/wp-json\/wp\/v2\/posts\/171415","targetHints":{"allow":["GET"]}}],"collection":[{"href":"https:\/\/enolife.com.ar\/es\/wp-json\/wp\/v2\/posts"}],"about":[{"href":"https:\/\/enolife.com.ar\/es\/wp-json\/wp\/v2\/types\/post"}],"author":[{"embeddable":true,"href":"https:\/\/enolife.com.ar\/es\/wp-json\/wp\/v2\/users\/2"}],"replies":[{"embeddable":true,"href":"https:\/\/enolife.com.ar\/es\/wp-json\/wp\/v2\/comments?post=171415"}],"version-history":[{"count":0,"href":"https:\/\/enolife.com.ar\/es\/wp-json\/wp\/v2\/posts\/171415\/revisions"}],"wp:featuredmedia":[{"embeddable":true,"href":"https:\/\/enolife.com.ar\/es\/wp-json\/wp\/v2\/media\/171416"}],"wp:attachment":[{"href":"https:\/\/enolife.com.ar\/es\/wp-json\/wp\/v2\/media?parent=171415"}],"wp:term":[{"taxonomy":"category","embeddable":true,"href":"https:\/\/enolife.com.ar\/es\/wp-json\/wp\/v2\/categories?post=171415"},{"taxonomy":"post_tag","embeddable":true,"href":"https:\/\/enolife.com.ar\/es\/wp-json\/wp\/v2\/tags?post=171415"}],"curies":[{"name":"wp","href":"https:\/\/api.w.org\/{rel}","templated":true}]}}