{"id":171362,"date":"2025-12-12T21:03:24","date_gmt":"2025-12-12T21:03:24","guid":{"rendered":"https:\/\/enolife.com.ar\/es\/?p=171362"},"modified":"2025-12-16T16:11:30","modified_gmt":"2025-12-16T16:11:30","slug":"guaymallen-vuelve-a-tener-reina-vendimial-y-eleccion-por-voto-cantado-tras-5-anos-y-un-fallo-judicial","status":"publish","type":"post","link":"https:\/\/enolife.com.ar\/es\/guaymallen-vuelve-a-tener-reina-vendimial-y-eleccion-por-voto-cantado-tras-5-anos-y-un-fallo-judicial\/","title":{"rendered":"Guaymall\u00e9n vuelve a tener Reina vendimial y elecci\u00f3n por voto cantado tras 5 a\u00f1os y un fallo judicial"},"content":{"rendered":"\n<h4 class=\"wp-block-heading\"><em><strong>Cada a\u00f1o, hist\u00f3ricamente, los 18 departamentos en que est\u00e1 dividido el territorio de la provincia de Mendoza elige una reina de la Vendimia, la que luego participa en la elecci\u00f3n final de la Reina Nacional de la Vendimia, a comienzos de marzo. Desde hace 5 a\u00f1os, la comuna de Guaymall\u00e9n, por decisi\u00f3n de su ex intendente, Marcelino Iglesias, hab\u00eda eliminado la figura de \u00abreina\u00bb y designado, en cambio, una \u00abrepresentante\u00bb. Ahora, en cumplimiento de un fallo de la Suprema Corte local que declar\u00f3 inconstitucional la ordenanza municipal 9.196 de 2021, la elegida mediante voto cantado -otra modalidad recuperada- en la pr\u00f3xima fiesta departamental del 19\/12\/25, se llamar\u00e1, como la mayor\u00eda de los vecinos y turistas prefiere, \u00abreina\u00bb.<\/strong><\/em><\/h4>\n\n\n\n<div style=\"height:41px\" aria-hidden=\"true\" class=\"wp-block-spacer\"><\/div>\n\n\n<a href=\"https:\/\/enolife.com.ar\/es\/category\/vino\/\" aria-label=\"banner-el-vino-las-une\"><img loading=\"lazy\" decoding=\"async\" src=\"https:\/\/enolife.com.ar\/es\/wp-content\/uploads\/2021\/12\/banner-el-vino-las-une.gif\" alt=\"\"  width=\"1700\" height=\"500\"   \/><\/a>\n\n\n<div style=\"height:40px\" aria-hidden=\"true\" class=\"wp-block-spacer\"><\/div>\n\n\n\n<p>La <strong>Municipalidad de Guaymall\u00e9n<\/strong>, en cumplimiento de la resoluci\u00f3n dictada por la <strong>Suprema Corte de Justicia de Mendoza<\/strong> y tras la evaluaci\u00f3n formal realizada por la Comisi\u00f3n Vendimia 2026<strong>, restablecer\u00e1 la figura de la Reina Departamental de la Vendimia<\/strong>, junto con todos los elementos tradicionales del sistema vendimial provincial.<\/p>\n\n\n\n<p>Esta decisi\u00f3n se debe a que la gesti\u00f3n municipal anterior a la actual -que conduce <strong>Marcos Calvente<\/strong>&#8211; hab\u00eda implementado modificaciones <strong>que reemplazaron la denominaci\u00f3n de \u201creina\u201d por \u201crepresentante\u201d,<\/strong> alteraron el sistema de votaci\u00f3n y modificaron el encuadre protocolar de la fiesta departamental. Esas disposiciones fueron judicializadas y la Suprema Corte determin\u00f3 que no se ajustaban al marco legal, hist\u00f3rico y cultural vigente, ordenando as\u00ed la restituci\u00f3n del sistema tradicional. Estas modificaciones se instauraron en la ordenanza 9.196 de 2021. En enero de 2023, la Corte declar\u00f3 la inconstitucionalidad de esa norma.<\/p>\n\n\n\n<p>Cumplido el proceso institucional y notificada la ejecuci\u00f3n del fallo durante la actual gesti\u00f3n, la Comisi\u00f3n Vendimia 2026 resolvi\u00f3 restablecer plenamente la estructura hist\u00f3rica, tal como consta en el acta oficial. En ese sentido, determin\u00f3 que deben reincorporarse:<\/p>\n\n\n\n<ul class=\"wp-block-list\">\n<li>El t\u00edtulo de <strong>\u201cReina de la Vendimia de Guaymall\u00e9n\u201d<\/strong><\/li>\n\n\n\n<li>El retorno del<strong> voto cantado<\/strong><\/li>\n\n\n\n<li>La participaci\u00f3n activa de los <strong>distritos en su formato hist\u00f3rico<\/strong><\/li>\n\n\n\n<li>La coherencia institucional con la <strong>normativa vendimial provincial<\/strong><\/li>\n<\/ul>\n\n\n\n<p>Seg\u00fan la fundamentaci\u00f3n t\u00e9cnica y cultural de la provincia, el t\u00e9rmino \u201creina\u201d es un s\u00edmbolo identitario profundamente arraigado en la memoria colectiva, la historia vitivin\u00edcola y el patrimonio cultural inmaterial de los mendocinos. La figura no responde a un concurso de belleza, sino al rol de <strong>embajadora cultural, productiva y social<\/strong> de Mendoza, consolidado desde 1936.<\/p>\n\n\n\n<p>La Comisi\u00f3n destac\u00f3 que la eliminaci\u00f3n del t\u00e9rmino \u201creina\u201d gener\u00f3 una ruptura con el sistema vendimial provincial y con las tradiciones culturales de la provincia. Su restituci\u00f3n devuelve coherencia hist\u00f3rica, fortalece la identidad departamental y garantiza mecanismos de participaci\u00f3n comunitaria basados en la transparencia y la tradici\u00f3n.<\/p>\n\n\n\n<p>El intendente <strong>Marcos Calvente<\/strong> se\u00f1al\u00f3 que, <strong>tras el fallo de la Corte, era necesario restituir el sistema tradicional y cumplir con lo que establece la normativa vigente<\/strong>:<\/p>\n\n\n\n<p>\u201c<em>El esp\u00edritu de la Vendimia nace de la tierra, del trabajo de nuestra gente y de una tradici\u00f3n que forma parte de la identidad colectiva de la provincia. A lo largo del tiempo, la celebraci\u00f3n ha evolucionado, pero siempre conservando s\u00edmbolos, rituales y formas de participaci\u00f3n que le dan sentido y coherencia.&nbsp;Respetar esa historia, revalorizar su patrimonio cultural y fortalecer su v\u00ednculo con las comunidades es una responsabilidad de las gestiones p\u00fablicas. Por eso, Guaymall\u00e9n reafirma su compromiso con una Vendimia que honre el pasado, convoque al presente y proyecte su identidad hacia el futuro\u201d<\/em>, dijo Calvente.<\/p>\n\n\n\n<div style=\"height:24px\" aria-hidden=\"true\" class=\"wp-block-spacer\"><\/div>\n\n\n\n<blockquote class=\"wp-block-quote is-layout-flow wp-block-quote-is-layout-flow\">\n<p>La resoluci\u00f3n es clara al se\u00f1alar que los municipios no est\u00e1n facultados para alterar la esencia de la Vendimia, reconocida como un patrimonio cultural intangible de todos los mendocinos\u00bb.<br><strong>MARCOS CALVENTE, intendente de Guaymall\u00e9n<\/strong><\/p>\n<\/blockquote>\n\n\n\n<div style=\"height:25px\" aria-hidden=\"true\" class=\"wp-block-spacer\"><\/div>\n\n\n\n<p>El jefe comunal se\u00f1al\u00f3 que <em>\u00ablas decisiones que anunciamos se enmarcan en lo dispuesto por la Suprema Corte de Justicia de Mendoza, que declar\u00f3 la inconstitucionalidad de la normativa que hab\u00eda modificado elementos esenciales de nuestra fiesta departamental. Por lo tanto, decidimos restablecer la denominaci\u00f3n tradicional de Reina de la Vendimia y volver al voto cantado, porque ambos forman parte del sistema hist\u00f3rico que sostiene la coherencia de la fiesta a nivel provincial.&nbsp;Con estas medidas, recuperamos un patrimonio simb\u00f3lico, cultural y protocolar, devolvemos a la comunidad una tradici\u00f3n que le pertenece y garantizamos que Guaymall\u00e9n siga integrado de manera plena al sistema vendimial de Mendoza\u201d.<\/em><\/p>\n\n\n\n<div style=\"height:22px\" aria-hidden=\"true\" class=\"wp-block-spacer\"><\/div>\n\n\n\n<p class=\"has-medium-font-size\"><strong>C\u00f3mo ser\u00e1 el anuncio de la ganadora<\/strong><\/p>\n\n\n\n<p>El sistema de votaci\u00f3n continuar\u00e1 realiz\u00e1ndose de manera electr\u00f3nica a trav\u00e9s de la p\u00e1gina oficial. Lo que se modifica es la modalidad del anuncio, que vuelve al formato tradicional de <strong>voto cantado<\/strong>. La directora de Cultura y Turismo de Guaymall\u00e9n, <strong>Carolina Vico<\/strong>, explic\u00f3 que<em> \u201cel voto electr\u00f3nico continuar\u00e1 vigente, como en los \u00faltimos a\u00f1os. Cada representante recibir\u00e1 un puntaje base y, a partir del porcentaje obtenido por votaci\u00f3n web, se sumar\u00e1n los puntos correspondientes. Ese mecanismo convivir\u00e1 con el retorno del voto cantado, que recupera la emoci\u00f3n y la tradici\u00f3n de nuestras vendimias\u201d.<\/em><\/p>\n\n\n\n<div style=\"height:24px\" aria-hidden=\"true\" class=\"wp-block-spacer\"><\/div>\n\n\n<div class=\"wp-block-image\">\n<figure class=\"aligncenter is-resized\" id=\"attachment_94295\"><img decoding=\"async\" src=\"https:\/\/www.guaymallen.gob.ar\/wp-content\/uploads\/2025\/12\/Conferencia-Vendimia-3.jpg\" alt=\"\" class=\"wp-image-94295\" style=\"width:702px;height:auto\"\/><figcaption class=\"wp-element-caption\"><em><strong>Carolina Vico, directora de Cultura y Turismo de Guaymall\u00e9n, junto al intendente Marcos Calvente y la \u00abrepresentante\u00bb -ahora Reina- de 2025, Donatella Borrini<\/strong><\/em><strong><em>.<\/em><\/strong><\/figcaption><\/figure><\/div>\n\n\n<div style=\"height:35px\" aria-hidden=\"true\" class=\"wp-block-spacer\"><\/div>\n\n\n\n<p>Luego, Vico dijo que \u201c<em>la votaci\u00f3n estar\u00e1 habilitada desde el 15 hasta el 18 de diciembre a las 23.59, y posteriormente se realizar\u00e1 el anuncio final durante el acto oficial\u201d.<\/em><\/p>\n\n\n\n<p>Para asegurar transparencia, agilidad y mantener la emoci\u00f3n de la coronaci\u00f3n, se aplicar\u00e1 el siguiente procedimiento:<\/p>\n\n\n\n<ul class=\"wp-block-list\">\n<li>Este m\u00e9todo permite comunicar un volumen reducido de votos, sin perder claridad ni extender la lectura del resultado, y a la vez conserva <strong>el efecto sorpresa<\/strong> que le da intensidad al momento.<\/li>\n\n\n\n<li>Los votos impresos estar\u00e1n <strong>certificados<\/strong>, lo que garantiza su trazabilidad y validez, mientras que el sistema de votaci\u00f3n electr\u00f3nica mantendr\u00e1 <strong>sus controles auditados y avalados por escribanos p\u00fablicos<\/strong>.<\/li>\n<\/ul>\n\n\n\n<p>La votaci\u00f3n estar\u00e1 habilitada desde el 15 hasta el 18 de diciembre a las 23.59, y posteriormente se realizar\u00e1 el anuncio final durante el acto oficial.<\/p>\n\n\n\n<div style=\"height:24px\" aria-hidden=\"true\" class=\"wp-block-spacer\"><\/div>\n\n\n\n<p class=\"has-medium-font-size\"><strong>Guaymall\u00e9n de mis amores, la fiesta 2026<\/strong><\/p>\n\n\n\n<p>La directora de Cultura de Guaymall\u00e9n explic\u00f3 que este a\u00f1o 2025 la fiesta departamental, denominada \u00ab<strong>Guaymall\u00e9n de mis amores\u00bb,<\/strong> se celebrar\u00e1 el <strong>19 de diciembre en el tradicional Predio de la Virgen<\/strong>, desde las 20.30 hs, comenzando con el tradicional acto de <strong>Bendici\u00f3n de los Frutos<\/strong> y continuando con el acto central. <em>\u201cEl gui\u00f3n fue desarrollado en sinton\u00eda con la identidad que la gesti\u00f3n del intendente Marcos Calvente viene trabajando, con direcci\u00f3n de Virginia P\u00e1ez y H\u00e9ctor Gomina, y l\u00ednea argumental de Alicia Casares\u201d.<\/em><\/p>\n\n\n\n<p><em>\u201cAdem\u00e1s<\/em> -agreg\u00f3 Vico-, <em>ya estamos trabajando en la organizaci\u00f3n de otro evento muy querido por los vecinos: <strong>el Festival del Camote<\/strong>, que se realizar\u00e1 el <strong>7 y 8 de febrero<\/strong> de 2026. Seguimos poniendo en valor nuestras expresiones culturales y reforzando el v\u00ednculo con la comunidad\u201d.<\/em><\/p>\n\n\n\n<div style=\"height:24px\" aria-hidden=\"true\" class=\"wp-block-spacer\"><\/div>\n\n\n\n<p class=\"has-small-font-size\"><em><strong>Fuente: Municipalidad de Guaymall\u00e9n<\/strong><\/em><\/p>\n\n\n\n<div style=\"height:32px\" aria-hidden=\"true\" class=\"wp-block-spacer\"><\/div>\n","protected":false},"excerpt":{"rendered":"<p>Cada a\u00f1o, hist\u00f3ricamente, los 18 departamentos en que est\u00e1 dividido el territorio de la provincia&hellip;<\/p>\n","protected":false},"author":2,"featured_media":171364,"comment_status":"closed","ping_status":"open","sticky":false,"template":"","format":"standard","meta":{"footnotes":""},"categories":[14],"tags":[],"class_list":["post-171362","post","type-post","status-publish","format-standard","has-post-thumbnail","hentry","category-news"],"_links":{"self":[{"href":"https:\/\/enolife.com.ar\/es\/wp-json\/wp\/v2\/posts\/171362","targetHints":{"allow":["GET"]}}],"collection":[{"href":"https:\/\/enolife.com.ar\/es\/wp-json\/wp\/v2\/posts"}],"about":[{"href":"https:\/\/enolife.com.ar\/es\/wp-json\/wp\/v2\/types\/post"}],"author":[{"embeddable":true,"href":"https:\/\/enolife.com.ar\/es\/wp-json\/wp\/v2\/users\/2"}],"replies":[{"embeddable":true,"href":"https:\/\/enolife.com.ar\/es\/wp-json\/wp\/v2\/comments?post=171362"}],"version-history":[{"count":0,"href":"https:\/\/enolife.com.ar\/es\/wp-json\/wp\/v2\/posts\/171362\/revisions"}],"wp:featuredmedia":[{"embeddable":true,"href":"https:\/\/enolife.com.ar\/es\/wp-json\/wp\/v2\/media\/171364"}],"wp:attachment":[{"href":"https:\/\/enolife.com.ar\/es\/wp-json\/wp\/v2\/media?parent=171362"}],"wp:term":[{"taxonomy":"category","embeddable":true,"href":"https:\/\/enolife.com.ar\/es\/wp-json\/wp\/v2\/categories?post=171362"},{"taxonomy":"post_tag","embeddable":true,"href":"https:\/\/enolife.com.ar\/es\/wp-json\/wp\/v2\/tags?post=171362"}],"curies":[{"name":"wp","href":"https:\/\/api.w.org\/{rel}","templated":true}]}}