{"id":171210,"date":"2025-12-12T15:03:55","date_gmt":"2025-12-12T15:03:55","guid":{"rendered":"https:\/\/enolife.com.ar\/es\/?p=171210"},"modified":"2025-12-15T14:49:47","modified_gmt":"2025-12-15T14:49:47","slug":"la-olivicultura-tuvo-su-fiesta-mayor-en-maipu-con-premios-y-el-arauco-como-variedad-insignia","status":"publish","type":"post","link":"https:\/\/enolife.com.ar\/es\/la-olivicultura-tuvo-su-fiesta-mayor-en-maipu-con-premios-y-el-arauco-como-variedad-insignia\/","title":{"rendered":"La olivicultura tuvo su fiesta mayor en Maip\u00fa, con premios y el Arauco como variedad insignia"},"content":{"rendered":"\n<h4 class=\"wp-block-heading\"><em><strong>El 21 de noviembre pasado se celebr\u00f3 en el departamento de Maip\u00fa, Mendoza, Argentina, la 25ava. Fiesta Provincial de la Olivicultura, organizada por esa comuna, la Fundaci\u00f3n Seminare y reconocidas entidades educativas y empresas de esta provincia. En la ocasi\u00f3n, adem\u00e1s de entregarse las cl\u00e1sicas distinciones a los aceites de oliva virgen extra (AOVE) elegidos como los mejores por un jurado de expertos, se coron\u00f3 a \u00c1ngeles Nieto como Reina de la Olivicultura 2026 y se puso de relieve mediante charlas y la presentaci\u00f3n de un programa al varietal Arauco como el distintivo de Mendoza.<\/strong><\/em><\/h4>\n\n\n\n<div style=\"height:35px\" aria-hidden=\"true\" class=\"wp-block-spacer\"><\/div>\n\n\n\n\n\n<div style=\"height:45px\" aria-hidden=\"true\" class=\"wp-block-spacer\"><\/div>\n\n\n\n<p>El pasado viernes 21de noviembre de 2025, en el Sal\u00f3n los Olivos del Hotel Arena Maip\u00fa, se realiz\u00f3 la <strong>25ava. Fiesta Provincial de la Olivicultura<\/strong>, en cuyo contexto se destac\u00f3 al varietal de olivo <strong>Arauco<\/strong> como el eje central de la identidad, el turismo y desarrollo oliv\u00edcola de Maip\u00fa y regiones aleda\u00f1as. En el marco de estas bodas de Plata de la fiesta, la <strong>Fundaci\u00f3n Seminare<\/strong> present\u00f3 el Programa <strong>\u201cM\u00e1s Arauco para Mendoza\u201d<\/strong>, con base en el departamento de Maip\u00fa y el slogan <strong>\u201cHaga patria, plante un arauco\u201d<\/strong>. A la vez, se entregaron los premios del <strong>Concurso CuyOliva Internacional 2026<\/strong> y el reconocimiento <strong>Guardi\u00e1n de los Olivos<\/strong> y se eligi\u00f3 la <strong>Reina Provincial de la Olivicultura 2026.<\/strong><\/p>\n\n\n\n<p>EL encuentro fue organizado en forma conjunta entre la Municipalidad de Maip\u00fa, la C\u00e1mara Oliv\u00edcola de Mendoza, Fundaci\u00f3n Seminare, la Universidad Juan Agust\u00edn Maza, la Escuela Internacional Islas Malvinas, la Asociaci\u00f3n Argentina de Sommeliers de Aceites de Oliva y Oleovid Finca Escuela.<\/p>\n\n\n\n<p>La tradicional celebraci\u00f3n reuni\u00f3 a productores, industriales, acad\u00e9micos, periodistas, sommeliers, t\u00e9cnicos, estudiantes y visitantes en una jornada que combin\u00f3&nbsp;historia y revalorizaci\u00f3n de la zona de Maip\u00fa como \u00abcuna del olivo\u201d.<\/p>\n\n\n\n<div style=\"height:35px\" aria-hidden=\"true\" class=\"wp-block-spacer\"><\/div>\n\n\n<div class=\"wp-block-image\">\n<figure class=\"aligncenter size-full is-resized\"><a href=\"https:\/\/enolife.com.ar\/es\/wp-content\/uploads\/2025\/12\/WhatsApp-Image-2025-12-10-at-21.27.36.jpeg\" data-rel=\"penci-gallery-image-content\" ><img loading=\"lazy\" decoding=\"async\" width=\"955\" height=\"582\" src=\"https:\/\/enolife.com.ar\/es\/wp-content\/uploads\/2025\/12\/WhatsApp-Image-2025-12-10-at-21.27.36.jpeg\" alt=\"\" class=\"wp-image-171230\" style=\"width:686px;height:auto\" srcset=\"https:\/\/enolife.com.ar\/es\/wp-content\/uploads\/2025\/12\/WhatsApp-Image-2025-12-10-at-21.27.36.jpeg 955w, https:\/\/enolife.com.ar\/es\/wp-content\/uploads\/2025\/12\/WhatsApp-Image-2025-12-10-at-21.27.36-300x183.jpeg 300w, https:\/\/enolife.com.ar\/es\/wp-content\/uploads\/2025\/12\/WhatsApp-Image-2025-12-10-at-21.27.36-768x468.jpeg 768w, https:\/\/enolife.com.ar\/es\/wp-content\/uploads\/2025\/12\/WhatsApp-Image-2025-12-10-at-21.27.36-585x357.jpeg 585w\" sizes=\"auto, (max-width: 955px) 100vw, 955px\" \/><\/a><\/figure><\/div>\n\n\n<div style=\"height:35px\" aria-hidden=\"true\" class=\"wp-block-spacer\"><\/div>\n\n\n\n<p>Conformaron la mesa acad\u00e9mica el intendente de Maip\u00fa, Mat\u00edas Stevanato; la presidenta del Consejo Deliberante de Maip\u00fa, Yamila Cerezo; el presidente de la C\u00e1mara Oliv\u00edcola de Mendoza, Juan Carlos Garc\u00eda Zuloaga; la vicerrectora acad\u00e9mica de la Universidad Juan Agust\u00edn Maza, Amalia Salafia; el representante de la Escuela Internacional de Turismo, Hoteler\u00eda y Gastronom\u00eda de Mendoza,&nbsp;Sergio Alonso; la vicepresidenta de Fundaci\u00f3n Seminare, Stella Vannucci y el secretario de la Asociaci\u00f3n Argentina de Sommeliers de Aceites de Oliva, Diego Di Giacomo.<\/p>\n\n\n\n<div style=\"height:35px\" aria-hidden=\"true\" class=\"wp-block-spacer\"><\/div>\n\n\n\n<figure class=\"wp-block-gallery has-nested-images columns-default is-cropped wp-block-gallery-1 is-layout-flex wp-block-gallery-is-layout-flex\">\n<figure class=\"wp-block-image size-large\"><a href=\"https:\/\/enolife.com.ar\/es\/wp-content\/uploads\/2025\/12\/WhatsApp-Image-2025-12-10-at-21.28.37.jpeg\" data-rel=\"penci-gallery-image-content\" ><img loading=\"lazy\" decoding=\"async\" width=\"1024\" height=\"529\" data-id=\"171232\" src=\"https:\/\/enolife.com.ar\/es\/wp-content\/uploads\/2025\/12\/WhatsApp-Image-2025-12-10-at-21.28.37-1024x529.jpeg\" alt=\"\" class=\"wp-image-171232\" srcset=\"https:\/\/enolife.com.ar\/es\/wp-content\/uploads\/2025\/12\/WhatsApp-Image-2025-12-10-at-21.28.37-1024x529.jpeg 1024w, https:\/\/enolife.com.ar\/es\/wp-content\/uploads\/2025\/12\/WhatsApp-Image-2025-12-10-at-21.28.37-300x155.jpeg 300w, https:\/\/enolife.com.ar\/es\/wp-content\/uploads\/2025\/12\/WhatsApp-Image-2025-12-10-at-21.28.37-768x397.jpeg 768w, https:\/\/enolife.com.ar\/es\/wp-content\/uploads\/2025\/12\/WhatsApp-Image-2025-12-10-at-21.28.37-585x302.jpeg 585w, https:\/\/enolife.com.ar\/es\/wp-content\/uploads\/2025\/12\/WhatsApp-Image-2025-12-10-at-21.28.37.jpeg 1080w\" sizes=\"auto, (max-width: 1024px) 100vw, 1024px\" \/><\/a><\/figure>\n\n\n\n<figure class=\"wp-block-image size-large\"><a href=\"https:\/\/enolife.com.ar\/es\/wp-content\/uploads\/2025\/12\/WhatsApp-Image-2025-12-10-at-21.31.26.jpeg\" data-rel=\"penci-gallery-image-content\" ><img loading=\"lazy\" decoding=\"async\" width=\"1024\" height=\"576\" data-id=\"171233\" src=\"https:\/\/enolife.com.ar\/es\/wp-content\/uploads\/2025\/12\/WhatsApp-Image-2025-12-10-at-21.31.26-1024x576.jpeg\" alt=\"\" class=\"wp-image-171233\" srcset=\"https:\/\/enolife.com.ar\/es\/wp-content\/uploads\/2025\/12\/WhatsApp-Image-2025-12-10-at-21.31.26-1024x576.jpeg 1024w, https:\/\/enolife.com.ar\/es\/wp-content\/uploads\/2025\/12\/WhatsApp-Image-2025-12-10-at-21.31.26-300x169.jpeg 300w, https:\/\/enolife.com.ar\/es\/wp-content\/uploads\/2025\/12\/WhatsApp-Image-2025-12-10-at-21.31.26-768x432.jpeg 768w, https:\/\/enolife.com.ar\/es\/wp-content\/uploads\/2025\/12\/WhatsApp-Image-2025-12-10-at-21.31.26-1536x864.jpeg 1536w, https:\/\/enolife.com.ar\/es\/wp-content\/uploads\/2025\/12\/WhatsApp-Image-2025-12-10-at-21.31.26-1170x658.jpeg 1170w, https:\/\/enolife.com.ar\/es\/wp-content\/uploads\/2025\/12\/WhatsApp-Image-2025-12-10-at-21.31.26-585x329.jpeg 585w, https:\/\/enolife.com.ar\/es\/wp-content\/uploads\/2025\/12\/WhatsApp-Image-2025-12-10-at-21.31.26.jpeg 1600w\" sizes=\"auto, (max-width: 1024px) 100vw, 1024px\" \/><\/a><\/figure>\n<figcaption class=\"blocks-gallery-caption wp-element-caption\"><em><strong>La mesa acad\u00e9mica<\/strong><\/em><strong><em>&nbsp;<\/em><\/strong><\/figcaption><\/figure>\n\n\n\n<div style=\"height:35px\" aria-hidden=\"true\" class=\"wp-block-spacer\"><\/div>\n\n\n\n<p class=\"has-medium-font-size\"><strong>Entrega de la distinci\u00f3n \u201cGuardi\u00e1n de los Olivos\u201d<\/strong><\/p>\n\n\n\n<p>En el a\u00f1o 2006, para la realizaci\u00f3n de la 6ta. Fiesta Provincial de la Olivicultura, el Consejo Directivo de la Fundaci\u00f3n Seminare le encarg\u00f3 al artista pl\u00e1stico mendocino <strong>Miguel Angel Marchionni<\/strong> la realizaci\u00f3n de una pintura alusiva al <strong>\u00abGuardi\u00e1n de los Olivos\u00bb<\/strong>. Esa pintura de Marchionni fue la imagen elegida por la comisi\u00f3n organizadora de la fiesta para reconocer las personas que demuestran una preocupaci\u00f3n especial por el olivo y sus productos.<\/p>\n\n\n\n<p>Este a\u00f1o 2026 recibieron esta distinci\u00f3n el senador provincial <strong>Bartolom\u00e9 Robles<\/strong>, quien logr\u00f3 que la Legislatura de la Mendoza declarara al aceite de oliva argentino como un alimento nacional, acorde con la ley 26.839; <strong>Carlos Daniel Merlo<\/strong>, fundador de la empresa Luj\u00e1n Agr\u00edcola, por su importante trayectoria y compromiso con el crecimiento oliv\u00edcola de Mendoza; y <strong>Mart\u00edn Zanetti<\/strong>, presidente de Vivero Productora, por impulsar el varietal Arauco y por su compromiso con el programa de Fundaci\u00f3n Seminare \u201cM\u00e1s Arauco para Mendoza\u201d.<\/p>\n\n\n\n<div style=\"height:35px\" aria-hidden=\"true\" class=\"wp-block-spacer\"><\/div>\n\n\n<div class=\"wp-block-image\">\n<figure class=\"aligncenter size-full is-resized\"><a href=\"https:\/\/enolife.com.ar\/es\/wp-content\/uploads\/2025\/12\/WhatsApp-Image-2025-12-10-at-21.34.38.jpeg\" data-rel=\"penci-gallery-image-content\" ><img loading=\"lazy\" decoding=\"async\" width=\"757\" height=\"469\" src=\"https:\/\/enolife.com.ar\/es\/wp-content\/uploads\/2025\/12\/WhatsApp-Image-2025-12-10-at-21.34.38.jpeg\" alt=\"\" class=\"wp-image-171238\" style=\"width:585px;height:auto\" srcset=\"https:\/\/enolife.com.ar\/es\/wp-content\/uploads\/2025\/12\/WhatsApp-Image-2025-12-10-at-21.34.38.jpeg 757w, https:\/\/enolife.com.ar\/es\/wp-content\/uploads\/2025\/12\/WhatsApp-Image-2025-12-10-at-21.34.38-300x186.jpeg 300w, https:\/\/enolife.com.ar\/es\/wp-content\/uploads\/2025\/12\/WhatsApp-Image-2025-12-10-at-21.34.38-585x362.jpeg 585w\" sizes=\"auto, (max-width: 757px) 100vw, 757px\" \/><\/a><figcaption class=\"wp-element-caption\"><em><strong>Mart\u00edn Zanetti, Bartolom\u00e9 Robles y Carlos Daniel Merlo.<\/strong><\/em><\/figcaption><\/figure><\/div>\n\n\n<div style=\"height:35px\" aria-hidden=\"true\" class=\"wp-block-spacer\"><\/div>\n\n\n\n<p class=\"has-medium-font-size\"><strong>Entrega de premios CuyOliva Internacional 2025<\/strong><\/p>\n\n\n\n<p>El jurado estuvo integrado por los sommeliers de aceites de oliva del Panel de Cata de Fundaci\u00f3n Seminare, Mercedes Roco, Pedro Rastrilla, Alejandro Garc\u00eda, Rodolfo Cavagnaro, Gerardo Antunez, Ra\u00fal Falcon, Laura Alarc\u00f3n, Leo Rizzo, Susana Parisi, Emanuel Zingariello, Auxiliar del Panel Romina Cortez. Este grupo de especialistas fue el encargado de elegir los mejores AOVE para las categor\u00edas Medalla de Plata, Medalla de Oro, Gran Medalla de Oro y Doble Gran Medalla de Oro. Actuaron como codirectores del Panel de Cata <strong>Juan Carlos Garc\u00eda Zuloaga<\/strong> y <strong>Stella Vannucci.<\/strong><\/p>\n\n\n\n<div style=\"height:35px\" aria-hidden=\"true\" class=\"wp-block-spacer\"><\/div>\n\n\n<div class=\"wp-block-image\">\n<figure class=\"aligncenter size-large is-resized\"><a href=\"https:\/\/enolife.com.ar\/es\/wp-content\/uploads\/2025\/12\/WhatsApp-Image-2025-12-10-at-21.36.40.jpeg\" data-rel=\"penci-gallery-image-content\" ><img loading=\"lazy\" decoding=\"async\" width=\"1024\" height=\"528\" src=\"https:\/\/enolife.com.ar\/es\/wp-content\/uploads\/2025\/12\/WhatsApp-Image-2025-12-10-at-21.36.40-1024x528.jpeg\" alt=\"\" class=\"wp-image-171241\" style=\"width:686px;height:auto\" srcset=\"https:\/\/enolife.com.ar\/es\/wp-content\/uploads\/2025\/12\/WhatsApp-Image-2025-12-10-at-21.36.40-1024x528.jpeg 1024w, https:\/\/enolife.com.ar\/es\/wp-content\/uploads\/2025\/12\/WhatsApp-Image-2025-12-10-at-21.36.40-300x155.jpeg 300w, https:\/\/enolife.com.ar\/es\/wp-content\/uploads\/2025\/12\/WhatsApp-Image-2025-12-10-at-21.36.40-768x396.jpeg 768w, https:\/\/enolife.com.ar\/es\/wp-content\/uploads\/2025\/12\/WhatsApp-Image-2025-12-10-at-21.36.40-585x302.jpeg 585w, https:\/\/enolife.com.ar\/es\/wp-content\/uploads\/2025\/12\/WhatsApp-Image-2025-12-10-at-21.36.40.jpeg 1080w\" sizes=\"auto, (max-width: 1024px) 100vw, 1024px\" \/><\/a><figcaption class=\"wp-element-caption\"><strong><em>Entrega de certificados a los integrantes del Panel de Cata de Fundaci\u00f3n Seminare<\/em>.<\/strong><\/figcaption><\/figure><\/div>\n\n\n<div style=\"height:35px\" aria-hidden=\"true\" class=\"wp-block-spacer\"><\/div>\n\n\n\n<p>La organizaci\u00f3n puso de relieve que en el concurso se recibieron aceites de oliva virgen extra provenientes de las provincias argentinas de Mendoza, San Juan, La Rioja, Salta, C\u00f3rdoba, Buenos Aires y San Luis, de Espa\u00f1a y de Uruguay.<\/p>\n\n\n\n<div style=\"height:35px\" aria-hidden=\"true\" class=\"wp-block-spacer\"><\/div>\n\n\n\n<p class=\"has-medium-font-size\"><strong>Los aceites premiados <\/strong><\/p>\n\n\n\n<p><strong>Agropecuaria EL Mistol SA<\/strong> de San Mart\u00edn, provincia de San Juan, obtuvo:&nbsp;&nbsp;<\/p>\n\n\n\n<ul class=\"wp-block-list\">\n<li><strong>Gran Medalla De Oro <\/strong>para su aceite de oliva virgen extra, El Mistol Premium<\/li>\n\n\n\n<li><strong>Medalla De Oro <\/strong>para su aceite de oliva virgen extra, El Mistol Blend Cl\u00e1sico<\/li>\n<\/ul>\n\n\n\n<div style=\"height:20px\" aria-hidden=\"true\" class=\"wp-block-spacer\"><\/div>\n\n\n\n<p><strong>Augusto Zingaretti e Hijos SA <\/strong>de San Rafael, Mendoza,&nbsp; obtuvo:&nbsp;&nbsp;<\/p>\n\n\n\n<ul class=\"wp-block-list\">\n<li><strong>Gran Medalla De Oro <\/strong>para su AOVE, Bivarietal (Arauco \/ Picual)<\/li>\n<\/ul>\n\n\n\n<div style=\"height:20px\" aria-hidden=\"true\" class=\"wp-block-spacer\"><\/div>\n\n\n\n<p><strong>Integraci\u00f3n Regional SRL <\/strong>de Carpinter\u00eda, Pocito, San Juan,&nbsp;obtuvo:<\/p>\n\n\n\n<ul class=\"wp-block-list\">\n<li><strong>Gran Medalla De Oro<\/strong> para su AOVE, Seis Mar\u00edas Blend Intenso <\/li>\n\n\n\n<li><strong>Medalla De Oro<\/strong> para su AOVE, Seis Marias Blend Medio <\/li>\n<\/ul>\n\n\n\n<div style=\"height:20px\" aria-hidden=\"true\" class=\"wp-block-spacer\"><\/div>\n\n\n\n<p><strong>Dario Jes\u00fas Amante Ripamonti <\/strong>de Mendoza, obtuvo:&nbsp;&nbsp;<\/p>\n\n\n\n<ul class=\"wp-block-list\">\n<li><strong>Medalla De Oro <\/strong>para su aceite de oliva virgen extra, <strong>Aluh\u00e9 Blend<\/strong><\/li>\n<\/ul>\n\n\n\n<div style=\"height:20px\" aria-hidden=\"true\" class=\"wp-block-spacer\"><\/div>\n\n\n\n<figure class=\"wp-block-gallery has-nested-images columns-default is-cropped wp-block-gallery-2 is-layout-flex wp-block-gallery-is-layout-flex\">\n<figure class=\"wp-block-image size-full\"><a href=\"https:\/\/enolife.com.ar\/es\/wp-content\/uploads\/2025\/12\/WhatsApp-Image-2025-12-10-at-21.38.27.jpeg\" data-rel=\"penci-gallery-image-content\" ><img loading=\"lazy\" decoding=\"async\" width=\"675\" height=\"500\" data-id=\"171248\" src=\"https:\/\/enolife.com.ar\/es\/wp-content\/uploads\/2025\/12\/WhatsApp-Image-2025-12-10-at-21.38.27.jpeg\" alt=\"\" class=\"wp-image-171248\" srcset=\"https:\/\/enolife.com.ar\/es\/wp-content\/uploads\/2025\/12\/WhatsApp-Image-2025-12-10-at-21.38.27.jpeg 675w, https:\/\/enolife.com.ar\/es\/wp-content\/uploads\/2025\/12\/WhatsApp-Image-2025-12-10-at-21.38.27-300x222.jpeg 300w, https:\/\/enolife.com.ar\/es\/wp-content\/uploads\/2025\/12\/WhatsApp-Image-2025-12-10-at-21.38.27-585x433.jpeg 585w\" sizes=\"auto, (max-width: 675px) 100vw, 675px\" \/><\/a><figcaption class=\"wp-element-caption\"><em><strong>Fabi\u00e1n Famar, Integraci\u00f3n Regional SRL <\/strong><\/em><\/figcaption><\/figure>\n\n\n\n<figure class=\"wp-block-image size-full\"><a href=\"https:\/\/enolife.com.ar\/es\/wp-content\/uploads\/2025\/12\/WhatsApp-Image-2025-12-10-at-21.39.30.jpeg\" data-rel=\"penci-gallery-image-content\" ><img loading=\"lazy\" decoding=\"async\" width=\"687\" height=\"494\" data-id=\"171249\" src=\"https:\/\/enolife.com.ar\/es\/wp-content\/uploads\/2025\/12\/WhatsApp-Image-2025-12-10-at-21.39.30.jpeg\" alt=\"\" class=\"wp-image-171249\" srcset=\"https:\/\/enolife.com.ar\/es\/wp-content\/uploads\/2025\/12\/WhatsApp-Image-2025-12-10-at-21.39.30.jpeg 687w, https:\/\/enolife.com.ar\/es\/wp-content\/uploads\/2025\/12\/WhatsApp-Image-2025-12-10-at-21.39.30-300x216.jpeg 300w, https:\/\/enolife.com.ar\/es\/wp-content\/uploads\/2025\/12\/WhatsApp-Image-2025-12-10-at-21.39.30-585x421.jpeg 585w\" sizes=\"auto, (max-width: 687px) 100vw, 687px\" \/><\/a><figcaption class=\"wp-element-caption\"><em><strong>Dario Amante<\/strong><\/em><\/figcaption><\/figure>\n<\/figure>\n\n\n\n<div style=\"height:20px\" aria-hidden=\"true\" class=\"wp-block-spacer\"><\/div>\n\n\n\n<p><strong>Olimas SA <\/strong>de Parque Industrial Alvear de la provincia de&nbsp; San Juan, obtuvo:&nbsp;&nbsp;<\/p>\n\n\n\n<ul class=\"wp-block-list\">\n<li><strong>Gran Medalla De Oro <\/strong>para su AOVE, Viridian Blen Intenso<\/li>\n<\/ul>\n\n\n\n<div style=\"height:20px\" aria-hidden=\"true\" class=\"wp-block-spacer\"><\/div>\n\n\n\n<p><strong>Callieris Sergio Arnaldo\/Quatrolivas<\/strong>, de Guaymall\u00e9n, Mendoza, obtuvo:<\/p>\n\n\n\n<ul class=\"wp-block-list\">\n<li><strong>Medalla De Oro <\/strong>para su AOVE, Quatrolivas Blend<\/li>\n\n\n\n<li><strong>Gran Medalla De Oro <\/strong>para su AOVE, Varietal Arauco<\/li>\n<\/ul>\n\n\n\n<div style=\"height:20px\" aria-hidden=\"true\" class=\"wp-block-spacer\"><\/div>\n\n\n\n<p><strong>Terra SRL <\/strong>de<strong> <\/strong>La Rioja, obtuvo:<\/p>\n\n\n\n<ul class=\"wp-block-list\">\n<li><strong>Medalla De Oro <\/strong>para su aceite de oliva virgen extra, Aurum Blend<\/li>\n<\/ul>\n\n\n\n<div style=\"height:20px\" aria-hidden=\"true\" class=\"wp-block-spacer\"><\/div>\n\n\n\n<figure class=\"wp-block-gallery has-nested-images columns-default is-cropped wp-block-gallery-3 is-layout-flex wp-block-gallery-is-layout-flex\">\n<figure class=\"wp-block-image size-large\"><a href=\"https:\/\/enolife.com.ar\/es\/wp-content\/uploads\/2025\/12\/WhatsApp-Image-2025-12-10-at-21.39.58.jpeg\" data-rel=\"penci-gallery-image-content\" ><img loading=\"lazy\" decoding=\"async\" width=\"953\" height=\"592\" data-id=\"171253\" src=\"https:\/\/enolife.com.ar\/es\/wp-content\/uploads\/2025\/12\/WhatsApp-Image-2025-12-10-at-21.39.58.jpeg\" alt=\"\" class=\"wp-image-171253\" srcset=\"https:\/\/enolife.com.ar\/es\/wp-content\/uploads\/2025\/12\/WhatsApp-Image-2025-12-10-at-21.39.58.jpeg 953w, https:\/\/enolife.com.ar\/es\/wp-content\/uploads\/2025\/12\/WhatsApp-Image-2025-12-10-at-21.39.58-300x186.jpeg 300w, https:\/\/enolife.com.ar\/es\/wp-content\/uploads\/2025\/12\/WhatsApp-Image-2025-12-10-at-21.39.58-768x477.jpeg 768w, https:\/\/enolife.com.ar\/es\/wp-content\/uploads\/2025\/12\/WhatsApp-Image-2025-12-10-at-21.39.58-585x363.jpeg 585w\" sizes=\"auto, (max-width: 953px) 100vw, 953px\" \/><\/a><figcaption class=\"wp-element-caption\"><strong><em>Sergio Arnaldo Callieris<\/em><\/strong><\/figcaption><\/figure>\n\n\n\n<figure class=\"wp-block-image size-large\"><a href=\"https:\/\/enolife.com.ar\/es\/wp-content\/uploads\/2025\/12\/WhatsApp-Image-2025-12-10-at-21.40.31.jpeg\" data-rel=\"penci-gallery-image-content\" ><img loading=\"lazy\" decoding=\"async\" width=\"1024\" height=\"657\" data-id=\"171254\" src=\"https:\/\/enolife.com.ar\/es\/wp-content\/uploads\/2025\/12\/WhatsApp-Image-2025-12-10-at-21.40.31-1024x657.jpeg\" alt=\"\" class=\"wp-image-171254\" srcset=\"https:\/\/enolife.com.ar\/es\/wp-content\/uploads\/2025\/12\/WhatsApp-Image-2025-12-10-at-21.40.31-1024x657.jpeg 1024w, https:\/\/enolife.com.ar\/es\/wp-content\/uploads\/2025\/12\/WhatsApp-Image-2025-12-10-at-21.40.31-300x193.jpeg 300w, https:\/\/enolife.com.ar\/es\/wp-content\/uploads\/2025\/12\/WhatsApp-Image-2025-12-10-at-21.40.31-768x493.jpeg 768w, https:\/\/enolife.com.ar\/es\/wp-content\/uploads\/2025\/12\/WhatsApp-Image-2025-12-10-at-21.40.31-585x376.jpeg 585w, https:\/\/enolife.com.ar\/es\/wp-content\/uploads\/2025\/12\/WhatsApp-Image-2025-12-10-at-21.40.31.jpeg 1106w\" sizes=\"auto, (max-width: 1024px) 100vw, 1024px\" \/><\/a><figcaption class=\"wp-element-caption\"><strong><em>Marcela Mart\u00ednez, de Terra SRL<\/em><\/strong><\/figcaption><\/figure>\n<\/figure>\n\n\n\n<div style=\"height:20px\" aria-hidden=\"true\" class=\"wp-block-spacer\"><\/div>\n\n\n\n<p><strong>Almazara SA de San Juan<\/strong><em>, <\/em>obtuvo<em>:<\/em><\/p>\n\n\n\n<ul class=\"wp-block-list\">\n<li><strong>Medalla De Oro <\/strong>para su aceite de oliva virgen extra, Fontalba&nbsp;Blend<\/li>\n<\/ul>\n\n\n\n<div style=\"height:20px\" aria-hidden=\"true\" class=\"wp-block-spacer\"><\/div>\n\n\n\n<p><strong>Gabriel Mesquida SACIFI de San Juan<\/strong><em>, <\/em>obtuvo<em>:<\/em><\/p>\n\n\n\n<ul class=\"wp-block-list\">\n<li><strong>Medalla De Oro <\/strong>para su aceite de oliva virgen extra, \u201cDo\u00f1a Paca\u201d BLEND<\/li>\n<\/ul>\n\n\n\n<div style=\"height:20px\" aria-hidden=\"true\" class=\"wp-block-spacer\"><\/div>\n\n\n\n<figure class=\"wp-block-gallery has-nested-images columns-default is-cropped wp-block-gallery-4 is-layout-flex wp-block-gallery-is-layout-flex\">\n<figure class=\"wp-block-image size-large\"><a href=\"https:\/\/enolife.com.ar\/es\/wp-content\/uploads\/2025\/12\/WhatsApp-Image-2025-12-10-at-21.40.58.jpeg\" data-rel=\"penci-gallery-image-content\" ><img loading=\"lazy\" decoding=\"async\" width=\"1024\" height=\"610\" data-id=\"171256\" src=\"https:\/\/enolife.com.ar\/es\/wp-content\/uploads\/2025\/12\/WhatsApp-Image-2025-12-10-at-21.40.58-1024x610.jpeg\" alt=\"\" class=\"wp-image-171256\" srcset=\"https:\/\/enolife.com.ar\/es\/wp-content\/uploads\/2025\/12\/WhatsApp-Image-2025-12-10-at-21.40.58-1024x610.jpeg 1024w, https:\/\/enolife.com.ar\/es\/wp-content\/uploads\/2025\/12\/WhatsApp-Image-2025-12-10-at-21.40.58-300x179.jpeg 300w, https:\/\/enolife.com.ar\/es\/wp-content\/uploads\/2025\/12\/WhatsApp-Image-2025-12-10-at-21.40.58-768x457.jpeg 768w, https:\/\/enolife.com.ar\/es\/wp-content\/uploads\/2025\/12\/WhatsApp-Image-2025-12-10-at-21.40.58-1170x696.jpeg 1170w, https:\/\/enolife.com.ar\/es\/wp-content\/uploads\/2025\/12\/WhatsApp-Image-2025-12-10-at-21.40.58-585x348.jpeg 585w, https:\/\/enolife.com.ar\/es\/wp-content\/uploads\/2025\/12\/WhatsApp-Image-2025-12-10-at-21.40.58.jpeg 1428w\" sizes=\"auto, (max-width: 1024px) 100vw, 1024px\" \/><\/a><figcaption class=\"wp-element-caption\"><strong><em>Estela Vanucci y Adriana Huertas, de Almazara SA<\/em><\/strong><\/figcaption><\/figure>\n\n\n\n<figure class=\"wp-block-image size-large\"><a href=\"https:\/\/enolife.com.ar\/es\/wp-content\/uploads\/2025\/12\/WhatsApp-Image-2025-12-10-at-21.41.27.jpeg\" data-rel=\"penci-gallery-image-content\" ><img loading=\"lazy\" decoding=\"async\" width=\"1024\" height=\"732\" data-id=\"171257\" src=\"https:\/\/enolife.com.ar\/es\/wp-content\/uploads\/2025\/12\/WhatsApp-Image-2025-12-10-at-21.41.27-1024x732.jpeg\" alt=\"\" class=\"wp-image-171257\" srcset=\"https:\/\/enolife.com.ar\/es\/wp-content\/uploads\/2025\/12\/WhatsApp-Image-2025-12-10-at-21.41.27-1024x732.jpeg 1024w, https:\/\/enolife.com.ar\/es\/wp-content\/uploads\/2025\/12\/WhatsApp-Image-2025-12-10-at-21.41.27-300x214.jpeg 300w, https:\/\/enolife.com.ar\/es\/wp-content\/uploads\/2025\/12\/WhatsApp-Image-2025-12-10-at-21.41.27-768x549.jpeg 768w, https:\/\/enolife.com.ar\/es\/wp-content\/uploads\/2025\/12\/WhatsApp-Image-2025-12-10-at-21.41.27-585x418.jpeg 585w, https:\/\/enolife.com.ar\/es\/wp-content\/uploads\/2025\/12\/WhatsApp-Image-2025-12-10-at-21.41.27.jpeg 1056w\" sizes=\"auto, (max-width: 1024px) 100vw, 1024px\" \/><\/a><figcaption class=\"wp-element-caption\"><strong><em>Juan Carlos Garc\u00eda Zuloaga y Sabrina Mesquida<\/em><\/strong><\/figcaption><\/figure>\n<\/figure>\n\n\n\n<div style=\"height:20px\" aria-hidden=\"true\" class=\"wp-block-spacer\"><\/div>\n\n\n\n<p><strong>Oliv\u00edcola Gullo SRL de Mendoza<\/strong><em>, <\/em>obtuvo<em>:<\/em><\/p>\n\n\n\n<ul class=\"wp-block-list\">\n<li><strong>Gran Medalla De Oro <\/strong>para su AOVE \u201cFamiglia Gullo\u201d Blend<\/li>\n<\/ul>\n\n\n\n<div style=\"height:20px\" aria-hidden=\"true\" class=\"wp-block-spacer\"><\/div>\n\n\n\n<p><strong>Agroindustria Los Dos Alamos SA de Maip\u00fa, Mendoza<\/strong><em>, <\/em>obtuvo:<\/p>\n\n\n\n<ul class=\"wp-block-list\">\n<li><strong>Medalla De Oro <\/strong>para su AOVE \u201cMar\u00eda Angela Cimino\u201d Varietal Arauco<\/li>\n<\/ul>\n\n\n\n<div style=\"height:20px\" aria-hidden=\"true\" class=\"wp-block-spacer\"><\/div>\n\n\n\n<figure class=\"wp-block-gallery has-nested-images columns-default is-cropped wp-block-gallery-5 is-layout-flex wp-block-gallery-is-layout-flex\">\n<figure class=\"wp-block-image size-large\"><a href=\"https:\/\/enolife.com.ar\/es\/wp-content\/uploads\/2025\/12\/WhatsApp-Image-2025-12-10-at-21.41.57.jpeg\" data-rel=\"penci-gallery-image-content\" ><img loading=\"lazy\" decoding=\"async\" width=\"864\" height=\"627\" data-id=\"171261\" src=\"https:\/\/enolife.com.ar\/es\/wp-content\/uploads\/2025\/12\/WhatsApp-Image-2025-12-10-at-21.41.57.jpeg\" alt=\"\" class=\"wp-image-171261\" srcset=\"https:\/\/enolife.com.ar\/es\/wp-content\/uploads\/2025\/12\/WhatsApp-Image-2025-12-10-at-21.41.57.jpeg 864w, https:\/\/enolife.com.ar\/es\/wp-content\/uploads\/2025\/12\/WhatsApp-Image-2025-12-10-at-21.41.57-300x218.jpeg 300w, https:\/\/enolife.com.ar\/es\/wp-content\/uploads\/2025\/12\/WhatsApp-Image-2025-12-10-at-21.41.57-768x557.jpeg 768w, https:\/\/enolife.com.ar\/es\/wp-content\/uploads\/2025\/12\/WhatsApp-Image-2025-12-10-at-21.41.57-585x425.jpeg 585w\" sizes=\"auto, (max-width: 864px) 100vw, 864px\" \/><\/a><figcaption class=\"wp-element-caption\"><strong><em>Vanesa Perrini&nbsp;, Oliv\u00edcola Gullo<\/em><\/strong><\/figcaption><\/figure>\n\n\n\n<figure class=\"wp-block-image size-large\"><a href=\"https:\/\/enolife.com.ar\/es\/wp-content\/uploads\/2025\/12\/WhatsApp-Image-2025-12-10-at-21.42.24.jpeg\" data-rel=\"penci-gallery-image-content\" ><img loading=\"lazy\" decoding=\"async\" width=\"1024\" height=\"652\" data-id=\"171262\" src=\"https:\/\/enolife.com.ar\/es\/wp-content\/uploads\/2025\/12\/WhatsApp-Image-2025-12-10-at-21.42.24-1024x652.jpeg\" alt=\"\" class=\"wp-image-171262\" srcset=\"https:\/\/enolife.com.ar\/es\/wp-content\/uploads\/2025\/12\/WhatsApp-Image-2025-12-10-at-21.42.24-1024x652.jpeg 1024w, https:\/\/enolife.com.ar\/es\/wp-content\/uploads\/2025\/12\/WhatsApp-Image-2025-12-10-at-21.42.24-300x191.jpeg 300w, https:\/\/enolife.com.ar\/es\/wp-content\/uploads\/2025\/12\/WhatsApp-Image-2025-12-10-at-21.42.24-768x489.jpeg 768w, https:\/\/enolife.com.ar\/es\/wp-content\/uploads\/2025\/12\/WhatsApp-Image-2025-12-10-at-21.42.24-1170x745.jpeg 1170w, https:\/\/enolife.com.ar\/es\/wp-content\/uploads\/2025\/12\/WhatsApp-Image-2025-12-10-at-21.42.24-585x372.jpeg 585w, https:\/\/enolife.com.ar\/es\/wp-content\/uploads\/2025\/12\/WhatsApp-Image-2025-12-10-at-21.42.24.jpeg 1175w\" sizes=\"auto, (max-width: 1024px) 100vw, 1024px\" \/><\/a><figcaption class=\"wp-element-caption\"><strong><em>Miguel Rippari, Los Dos \u00c1lamos<\/em><\/strong><\/figcaption><\/figure>\n<\/figure>\n\n\n\n<div style=\"height:20px\" aria-hidden=\"true\" class=\"wp-block-spacer\"><\/div>\n\n\n\n<p><strong>Casa Garc\u00eda, <\/strong>de<strong> <\/strong>Mendoza, obtuvo<\/p>\n\n\n\n<ul class=\"wp-block-list\">\n<li><strong>Medalla de Oro <\/strong>para su AOVE \u201dCasa Garc\u00eda\u201d Blend<\/li>\n<\/ul>\n\n\n\n<div style=\"height:20px\" aria-hidden=\"true\" class=\"wp-block-spacer\"><\/div>\n\n\n\n<p><strong>Bodega El Porvenir de Cafayate, <\/strong>de Salta, obtuvo:<\/p>\n\n\n\n<ul class=\"wp-block-list\">\n<li><strong>Medalla de Oro <\/strong>para su AOVE, <strong>Blend Bivarietal:<\/strong> barnea\/picual.<\/li>\n\n\n\n<li><strong>Medalla de Oro <\/strong>para su AOVE, <strong>Blend Bivarietal:<\/strong> arbequina\/manzanilla.<\/li>\n<\/ul>\n\n\n\n<div style=\"height:20px\" aria-hidden=\"true\" class=\"wp-block-spacer\"><\/div>\n\n\n\n<p><strong>Fuerte Divisadero SA , <\/strong>de Mendoza, obtuvo:<\/p>\n\n\n\n<ul class=\"wp-block-list\">\n<li><strong>Medalla de Oro <\/strong>para su AOVE, <strong>Flor Mia Varietal Arbosana<\/strong><\/li>\n\n\n\n<li><strong>Medalla de Oro <\/strong>para su AOVE, <strong>Flor Mia Blend<\/strong>.<\/li>\n<\/ul>\n\n\n\n<div style=\"height:20px\" aria-hidden=\"true\" class=\"wp-block-spacer\"><\/div>\n\n\n\n<p><strong>Bodega Lamadrid Estate Wines &#8211; Fincas de Agrelo <\/strong>de<em> <\/em>Luj\u00e1n de Cuyo, Mendoza, obtuvo:<\/p>\n\n\n\n<ul class=\"wp-block-list\">\n<li><strong>Gran Medalla de Oro <\/strong>para su AOVE, Lamadrid Blend Edici\u00f3n Limitada<\/li>\n<\/ul>\n\n\n\n<div style=\"height:20px\" aria-hidden=\"true\" class=\"wp-block-spacer\"><\/div>\n\n\n\n<figure class=\"wp-block-gallery has-nested-images columns-default is-cropped wp-block-gallery-6 is-layout-flex wp-block-gallery-is-layout-flex\">\n<figure class=\"wp-block-image size-large\"><a href=\"https:\/\/enolife.com.ar\/es\/wp-content\/uploads\/2025\/12\/WhatsApp-Image-2025-12-10-at-21.42.50.jpeg\" data-rel=\"penci-gallery-image-content\" ><img loading=\"lazy\" decoding=\"async\" width=\"1024\" height=\"723\" data-id=\"171272\" src=\"https:\/\/enolife.com.ar\/es\/wp-content\/uploads\/2025\/12\/WhatsApp-Image-2025-12-10-at-21.42.50-1024x723.jpeg\" alt=\"\" class=\"wp-image-171272\" srcset=\"https:\/\/enolife.com.ar\/es\/wp-content\/uploads\/2025\/12\/WhatsApp-Image-2025-12-10-at-21.42.50-1024x723.jpeg 1024w, https:\/\/enolife.com.ar\/es\/wp-content\/uploads\/2025\/12\/WhatsApp-Image-2025-12-10-at-21.42.50-300x212.jpeg 300w, https:\/\/enolife.com.ar\/es\/wp-content\/uploads\/2025\/12\/WhatsApp-Image-2025-12-10-at-21.42.50-768x542.jpeg 768w, https:\/\/enolife.com.ar\/es\/wp-content\/uploads\/2025\/12\/WhatsApp-Image-2025-12-10-at-21.42.50-585x413.jpeg 585w, https:\/\/enolife.com.ar\/es\/wp-content\/uploads\/2025\/12\/WhatsApp-Image-2025-12-10-at-21.42.50.jpeg 1101w\" sizes=\"auto, (max-width: 1024px) 100vw, 1024px\" \/><\/a><figcaption class=\"wp-element-caption\"><strong><em>Walter Garc\u00eda<\/em><\/strong><\/figcaption><\/figure>\n\n\n\n<figure class=\"wp-block-image size-large\"><a href=\"https:\/\/enolife.com.ar\/es\/wp-content\/uploads\/2025\/12\/WhatsApp-Image-2025-12-10-at-21.43.22.jpeg\" data-rel=\"penci-gallery-image-content\" ><img loading=\"lazy\" decoding=\"async\" width=\"1024\" height=\"638\" data-id=\"171271\" src=\"https:\/\/enolife.com.ar\/es\/wp-content\/uploads\/2025\/12\/WhatsApp-Image-2025-12-10-at-21.43.22-1024x638.jpeg\" alt=\"\" class=\"wp-image-171271\" srcset=\"https:\/\/enolife.com.ar\/es\/wp-content\/uploads\/2025\/12\/WhatsApp-Image-2025-12-10-at-21.43.22-1024x638.jpeg 1024w, https:\/\/enolife.com.ar\/es\/wp-content\/uploads\/2025\/12\/WhatsApp-Image-2025-12-10-at-21.43.22-300x187.jpeg 300w, https:\/\/enolife.com.ar\/es\/wp-content\/uploads\/2025\/12\/WhatsApp-Image-2025-12-10-at-21.43.22-768x478.jpeg 768w, https:\/\/enolife.com.ar\/es\/wp-content\/uploads\/2025\/12\/WhatsApp-Image-2025-12-10-at-21.43.22-1170x729.jpeg 1170w, https:\/\/enolife.com.ar\/es\/wp-content\/uploads\/2025\/12\/WhatsApp-Image-2025-12-10-at-21.43.22-585x364.jpeg 585w, https:\/\/enolife.com.ar\/es\/wp-content\/uploads\/2025\/12\/WhatsApp-Image-2025-12-10-at-21.43.22.jpeg 1397w\" sizes=\"auto, (max-width: 1024px) 100vw, 1024px\" \/><\/a><figcaption class=\"wp-element-caption\"><em><strong>Gustavo Baz\u00e1n, de Fuerte Divisadero<\/strong><\/em><\/figcaption><\/figure>\n<\/figure>\n\n\n\n<div style=\"height:20px\" aria-hidden=\"true\" class=\"wp-block-spacer\"><\/div>\n\n\n\n<p><strong>Filius, <\/strong>de Mendoza, obtuvo:<\/p>\n\n\n\n<ul class=\"wp-block-list\">\n<li><strong>Gran Medalla de Oro <\/strong>para su AOVE, <strong>Filius Varietal Arauco<\/strong><\/li>\n\n\n\n<li><strong>Medalla de Oro <\/strong>para su AOVE, <strong>Filius Edici\u00f3n Limitada Blend<\/strong><\/li>\n<\/ul>\n\n\n\n<div style=\"height:30px\" aria-hidden=\"true\" class=\"wp-block-spacer\"><\/div>\n\n\n\n<p><strong>Cooperativa Vitivinifruticola La Riojana, <\/strong>de Chilecito, La Rioja, obtuvo:<\/p>\n\n\n\n<ul class=\"wp-block-list\">\n<li><strong>Medalla de Oro <\/strong>para su aceite <strong>Blend Terra Nova<\/strong><\/li>\n\n\n\n<li><strong>Medalla de Oro <\/strong>para su aceite <strong>Blend Alta Gamma<\/strong>.<\/li>\n\n\n\n<li><strong>Medalla de Oro <\/strong>para su aceite <strong>Blend Org\u00e1nico<\/strong><\/li>\n\n\n\n<li><strong>Medalla de Plata <\/strong>para su aceite <strong>Blend Biodin\u00e1mico<\/strong>.<\/li>\n<\/ul>\n\n\n\n<div style=\"height:33px\" aria-hidden=\"true\" class=\"wp-block-spacer\"><\/div>\n\n\n\n<figure class=\"wp-block-gallery has-nested-images columns-default is-cropped wp-block-gallery-7 is-layout-flex wp-block-gallery-is-layout-flex\">\n<figure class=\"wp-block-image size-large\"><a href=\"https:\/\/enolife.com.ar\/es\/wp-content\/uploads\/2025\/12\/WhatsApp-Image-2025-12-10-at-21.43.48.jpeg\" data-rel=\"penci-gallery-image-content\" ><img loading=\"lazy\" decoding=\"async\" width=\"1024\" height=\"805\" data-id=\"171276\" src=\"https:\/\/enolife.com.ar\/es\/wp-content\/uploads\/2025\/12\/WhatsApp-Image-2025-12-10-at-21.43.48-1024x805.jpeg\" alt=\"\" class=\"wp-image-171276\" srcset=\"https:\/\/enolife.com.ar\/es\/wp-content\/uploads\/2025\/12\/WhatsApp-Image-2025-12-10-at-21.43.48-1024x805.jpeg 1024w, https:\/\/enolife.com.ar\/es\/wp-content\/uploads\/2025\/12\/WhatsApp-Image-2025-12-10-at-21.43.48-300x236.jpeg 300w, https:\/\/enolife.com.ar\/es\/wp-content\/uploads\/2025\/12\/WhatsApp-Image-2025-12-10-at-21.43.48-768x604.jpeg 768w, https:\/\/enolife.com.ar\/es\/wp-content\/uploads\/2025\/12\/WhatsApp-Image-2025-12-10-at-21.43.48-1170x920.jpeg 1170w, https:\/\/enolife.com.ar\/es\/wp-content\/uploads\/2025\/12\/WhatsApp-Image-2025-12-10-at-21.43.48-585x460.jpeg 585w, https:\/\/enolife.com.ar\/es\/wp-content\/uploads\/2025\/12\/WhatsApp-Image-2025-12-10-at-21.43.48.jpeg 1412w\" sizes=\"auto, (max-width: 1024px) 100vw, 1024px\" \/><\/a><figcaption class=\"wp-element-caption\"><strong><em>Mercedes Roco, de Filius<\/em><\/strong><\/figcaption><\/figure>\n\n\n\n<figure class=\"wp-block-image size-large\"><a href=\"https:\/\/enolife.com.ar\/es\/wp-content\/uploads\/2025\/12\/WhatsApp-Image-2025-12-10-at-21.44.17.jpeg\" data-rel=\"penci-gallery-image-content\" ><img loading=\"lazy\" decoding=\"async\" width=\"1024\" height=\"725\" data-id=\"171277\" src=\"https:\/\/enolife.com.ar\/es\/wp-content\/uploads\/2025\/12\/WhatsApp-Image-2025-12-10-at-21.44.17-1024x725.jpeg\" alt=\"\" class=\"wp-image-171277\" srcset=\"https:\/\/enolife.com.ar\/es\/wp-content\/uploads\/2025\/12\/WhatsApp-Image-2025-12-10-at-21.44.17-1024x725.jpeg 1024w, https:\/\/enolife.com.ar\/es\/wp-content\/uploads\/2025\/12\/WhatsApp-Image-2025-12-10-at-21.44.17-300x212.jpeg 300w, https:\/\/enolife.com.ar\/es\/wp-content\/uploads\/2025\/12\/WhatsApp-Image-2025-12-10-at-21.44.17-768x544.jpeg 768w, https:\/\/enolife.com.ar\/es\/wp-content\/uploads\/2025\/12\/WhatsApp-Image-2025-12-10-at-21.44.17-585x414.jpeg 585w, https:\/\/enolife.com.ar\/es\/wp-content\/uploads\/2025\/12\/WhatsApp-Image-2025-12-10-at-21.44.17.jpeg 1086w\" sizes=\"auto, (max-width: 1024px) 100vw, 1024px\" \/><\/a><figcaption class=\"wp-element-caption\"><strong><em>Alejandro Dur\u00e1n, de La Riojana<\/em><\/strong><\/figcaption><\/figure>\n<\/figure>\n\n\n\n<div style=\"height:20px\" aria-hidden=\"true\" class=\"wp-block-spacer\"><\/div>\n\n\n\n<p><strong>Enigma Olive Oil by Ledesma Family&nbsp;<\/strong>de C\u00f3rdoba, Argentina, obtuvo:&nbsp;&nbsp;<\/p>\n\n\n\n<ul class=\"wp-block-list\">\n<li><strong>Gran Medalla de Oro<\/strong><em><strong> <\/strong><\/em>para su AOVE, Varietal Arauco<\/li>\n\n\n\n<li><strong>Medalla de Oro <\/strong>para su aceite de oliva virgen extra, Blend Intenso<\/li>\n\n\n\n<li><strong>Medalla de Oro <\/strong>para su aceite de oliva virgen extra, Blend Cl\u00e1sico<\/li>\n<\/ul>\n\n\n\n<p><\/p>\n\n\n\n<p><strong>Hearland S.A.- Las Susanas,<\/strong> de Mendoza, obtuvo:<\/p>\n\n\n\n<ul class=\"wp-block-list\">\n<li><strong>Medalla de Oro <\/strong>para su aceite de oliva virgen extra, <strong>Varietal Coratina<\/strong> <strong>&nbsp;<\/strong><\/li>\n\n\n\n<li><strong>Medalla de Oro <\/strong>para su aceite de oliva virgen extra, <strong>Varietal Picual<\/strong><\/li>\n<\/ul>\n\n\n\n<div style=\"height:20px\" aria-hidden=\"true\" class=\"wp-block-spacer\"><\/div>\n\n\n\n<div style=\"height:0px\" aria-hidden=\"true\" class=\"wp-block-spacer\"><\/div>\n\n\n\n<figure class=\"wp-block-gallery has-nested-images columns-default is-cropped wp-block-gallery-8 is-layout-flex wp-block-gallery-is-layout-flex\">\n<figure class=\"wp-block-image size-large\"><a href=\"https:\/\/enolife.com.ar\/es\/wp-content\/uploads\/2025\/12\/WhatsApp-Image-2025-12-10-at-21.44.51.jpeg\" data-rel=\"penci-gallery-image-content\" ><img loading=\"lazy\" decoding=\"async\" width=\"1024\" height=\"690\" data-id=\"171280\" src=\"https:\/\/enolife.com.ar\/es\/wp-content\/uploads\/2025\/12\/WhatsApp-Image-2025-12-10-at-21.44.51-1024x690.jpeg\" alt=\"\" class=\"wp-image-171280\" srcset=\"https:\/\/enolife.com.ar\/es\/wp-content\/uploads\/2025\/12\/WhatsApp-Image-2025-12-10-at-21.44.51-1024x690.jpeg 1024w, https:\/\/enolife.com.ar\/es\/wp-content\/uploads\/2025\/12\/WhatsApp-Image-2025-12-10-at-21.44.51-300x202.jpeg 300w, https:\/\/enolife.com.ar\/es\/wp-content\/uploads\/2025\/12\/WhatsApp-Image-2025-12-10-at-21.44.51-768x517.jpeg 768w, https:\/\/enolife.com.ar\/es\/wp-content\/uploads\/2025\/12\/WhatsApp-Image-2025-12-10-at-21.44.51-585x394.jpeg 585w, https:\/\/enolife.com.ar\/es\/wp-content\/uploads\/2025\/12\/WhatsApp-Image-2025-12-10-at-21.44.51.jpeg 1124w\" sizes=\"auto, (max-width: 1024px) 100vw, 1024px\" \/><\/a><figcaption class=\"wp-element-caption\"><strong><em>Marcelo Ledesma, Enigma Olive Oil<\/em><\/strong><\/figcaption><\/figure>\n\n\n\n<figure class=\"wp-block-image size-large\"><a href=\"https:\/\/enolife.com.ar\/es\/wp-content\/uploads\/2025\/12\/WhatsApp-Image-2025-12-10-at-21.45.24.jpeg\" data-rel=\"penci-gallery-image-content\" ><img loading=\"lazy\" decoding=\"async\" width=\"1024\" height=\"635\" data-id=\"171281\" src=\"https:\/\/enolife.com.ar\/es\/wp-content\/uploads\/2025\/12\/WhatsApp-Image-2025-12-10-at-21.45.24-1024x635.jpeg\" alt=\"\" class=\"wp-image-171281\" srcset=\"https:\/\/enolife.com.ar\/es\/wp-content\/uploads\/2025\/12\/WhatsApp-Image-2025-12-10-at-21.45.24-1024x635.jpeg 1024w, https:\/\/enolife.com.ar\/es\/wp-content\/uploads\/2025\/12\/WhatsApp-Image-2025-12-10-at-21.45.24-300x186.jpeg 300w, https:\/\/enolife.com.ar\/es\/wp-content\/uploads\/2025\/12\/WhatsApp-Image-2025-12-10-at-21.45.24-768x476.jpeg 768w, https:\/\/enolife.com.ar\/es\/wp-content\/uploads\/2025\/12\/WhatsApp-Image-2025-12-10-at-21.45.24-585x363.jpeg 585w, https:\/\/enolife.com.ar\/es\/wp-content\/uploads\/2025\/12\/WhatsApp-Image-2025-12-10-at-21.45.24.jpeg 1129w\" sizes=\"auto, (max-width: 1024px) 100vw, 1024px\" \/><\/a><figcaption class=\"wp-element-caption\"><strong><em>Susana Parisi, Hearland<\/em><\/strong><\/figcaption><\/figure>\n<\/figure>\n\n\n\n<div style=\"height:20px\" aria-hidden=\"true\" class=\"wp-block-spacer\"><\/div>\n\n\n\n<p><strong>Empresa Olivum SA<\/strong> de San Juan, obtuvo:<\/p>\n\n\n\n<ul class=\"wp-block-list\">\n<li><strong>GranMedalla de Oro <\/strong>para su AOVE <strong>Olivum Varietal Coratina<\/strong>.<\/li>\n\n\n\n<li><strong>Medalla de Oro <\/strong>para su AOVE <strong>Olivum<\/strong> <strong>Varietal Changlot&nbsp;<\/strong><\/li>\n\n\n\n<li><strong>Medalla de Oro <\/strong>para su AOVE <strong>Olivum<\/strong> <strong>Varietal Picual&nbsp;<\/strong><\/li>\n\n\n\n<li><strong>Medalla de Oro <\/strong>para su AOVE <strong>Olivum<\/strong> <strong>Blend Medio<\/strong><\/li>\n<\/ul>\n\n\n\n<div style=\"height:20px\" aria-hidden=\"true\" class=\"wp-block-spacer\"><\/div>\n\n\n\n<p><strong>Almazara La Loma,<\/strong> de San Rafael, Mendoza, obtuvo:<\/p>\n\n\n\n<ul class=\"wp-block-list\">\n<li><strong>Medalla de Oro <\/strong>para su aceite de oliva virgen extra, Rapa Blend Intenso<\/li>\n\n\n\n<li><strong>Gran Medalla de Oro <\/strong>para su AOVE, Rapa Varietal Arbequina<\/li>\n<\/ul>\n\n\n\n<div style=\"height:20px\" aria-hidden=\"true\" class=\"wp-block-spacer\"><\/div>\n\n\n\n<p><strong>Finca La Fausta de Mendoza<\/strong><em>, <\/em>obtuvo<em>:<\/em><\/p>\n\n\n\n<ul class=\"wp-block-list\">\n<li><strong>Gran Medalla de Oro <\/strong>para su AOVE, Varietal Arauco<\/li>\n\n\n\n<li><strong>Gran Medalla de Oro <\/strong>para su AOVE, Varietal Arauco Novo<strong><\/strong><\/li>\n<\/ul>\n\n\n\n<div style=\"height:20px\" aria-hidden=\"true\" class=\"wp-block-spacer\"><\/div>\n\n\n\n<figure class=\"wp-block-gallery has-nested-images columns-default is-cropped wp-block-gallery-9 is-layout-flex wp-block-gallery-is-layout-flex\">\n<figure class=\"wp-block-image size-large\"><a href=\"https:\/\/enolife.com.ar\/es\/wp-content\/uploads\/2025\/12\/WhatsApp-Image-2025-12-10-at-21.45.49.jpeg\" data-rel=\"penci-gallery-image-content\" ><img loading=\"lazy\" decoding=\"async\" width=\"1024\" height=\"657\" data-id=\"171284\" src=\"https:\/\/enolife.com.ar\/es\/wp-content\/uploads\/2025\/12\/WhatsApp-Image-2025-12-10-at-21.45.49-1024x657.jpeg\" alt=\"\" class=\"wp-image-171284\" srcset=\"https:\/\/enolife.com.ar\/es\/wp-content\/uploads\/2025\/12\/WhatsApp-Image-2025-12-10-at-21.45.49-1024x657.jpeg 1024w, https:\/\/enolife.com.ar\/es\/wp-content\/uploads\/2025\/12\/WhatsApp-Image-2025-12-10-at-21.45.49-300x193.jpeg 300w, https:\/\/enolife.com.ar\/es\/wp-content\/uploads\/2025\/12\/WhatsApp-Image-2025-12-10-at-21.45.49-768x493.jpeg 768w, https:\/\/enolife.com.ar\/es\/wp-content\/uploads\/2025\/12\/WhatsApp-Image-2025-12-10-at-21.45.49-585x375.jpeg 585w, https:\/\/enolife.com.ar\/es\/wp-content\/uploads\/2025\/12\/WhatsApp-Image-2025-12-10-at-21.45.49.jpeg 1072w\" sizes=\"auto, (max-width: 1024px) 100vw, 1024px\" \/><\/a><figcaption class=\"wp-element-caption\"><strong><em>Claudina Gomensoro, La Loma<\/em><\/strong><\/figcaption><\/figure>\n\n\n\n<figure class=\"wp-block-image size-large\"><a href=\"https:\/\/enolife.com.ar\/es\/wp-content\/uploads\/2025\/12\/WhatsApp-Image-2025-12-10-at-21.46.09.jpeg\" data-rel=\"penci-gallery-image-content\" ><img loading=\"lazy\" decoding=\"async\" width=\"1024\" height=\"692\" data-id=\"171285\" src=\"https:\/\/enolife.com.ar\/es\/wp-content\/uploads\/2025\/12\/WhatsApp-Image-2025-12-10-at-21.46.09-1024x692.jpeg\" alt=\"\" class=\"wp-image-171285\" srcset=\"https:\/\/enolife.com.ar\/es\/wp-content\/uploads\/2025\/12\/WhatsApp-Image-2025-12-10-at-21.46.09-1024x692.jpeg 1024w, https:\/\/enolife.com.ar\/es\/wp-content\/uploads\/2025\/12\/WhatsApp-Image-2025-12-10-at-21.46.09-300x203.jpeg 300w, https:\/\/enolife.com.ar\/es\/wp-content\/uploads\/2025\/12\/WhatsApp-Image-2025-12-10-at-21.46.09-768x519.jpeg 768w, https:\/\/enolife.com.ar\/es\/wp-content\/uploads\/2025\/12\/WhatsApp-Image-2025-12-10-at-21.46.09-585x395.jpeg 585w, https:\/\/enolife.com.ar\/es\/wp-content\/uploads\/2025\/12\/WhatsApp-Image-2025-12-10-at-21.46.09.jpeg 1129w\" sizes=\"auto, (max-width: 1024px) 100vw, 1024px\" \/><\/a><figcaption class=\"wp-element-caption\"><strong><em>Alejandra Alonso, La Fausta<\/em><\/strong><\/figcaption><\/figure>\n<\/figure>\n\n\n\n<div style=\"height:20px\" aria-hidden=\"true\" class=\"wp-block-spacer\"><\/div>\n\n\n\n<p><strong>Olivo Sur SRL <\/strong>de Rep\u00fablica del Uruguay, obtuvo:<\/p>\n\n\n\n<ul class=\"wp-block-list\">\n<li><strong>Gran Medalla de Oro <\/strong>para su AOVE Serrano Blend<\/li>\n<\/ul>\n\n\n\n<div style=\"height:20px\" aria-hidden=\"true\" class=\"wp-block-spacer\"><\/div>\n\n\n\n<p><strong>Estancia Agr\u00edcola Ganadera Las Mar\u00edas, <\/strong>de San Luis,<em> <\/em>obtuvo<em>:<\/em><\/p>\n\n\n\n<ul class=\"wp-block-list\">\n<li><strong>Doble Gran Medalla de Oro <\/strong>para su AOVE Familia Rastrilla Varietal Arauco.<\/li>\n\n\n\n<li><strong>Gran Medalla de Oro <\/strong>para su AOVE Familia Rastrilla Varietal Arbequina <\/li>\n\n\n\n<li><strong>Medalla de Oro <\/strong>para su aceite de oliva virgen extraFamilia Rastrilla Blend<\/li>\n<\/ul>\n\n\n\n<div style=\"height:22px\" aria-hidden=\"true\" class=\"wp-block-spacer\"><\/div>\n\n\n\n<figure class=\"wp-block-gallery has-nested-images columns-default is-cropped wp-block-gallery-10 is-layout-flex wp-block-gallery-is-layout-flex\">\n<figure class=\"wp-block-image size-large\"><a href=\"https:\/\/enolife.com.ar\/es\/wp-content\/uploads\/2025\/12\/WhatsApp-Image-2025-12-10-at-21.46.28.jpeg\" data-rel=\"penci-gallery-image-content\" ><img loading=\"lazy\" decoding=\"async\" width=\"1024\" height=\"677\" data-id=\"171287\" src=\"https:\/\/enolife.com.ar\/es\/wp-content\/uploads\/2025\/12\/WhatsApp-Image-2025-12-10-at-21.46.28-1024x677.jpeg\" alt=\"\" class=\"wp-image-171287\" srcset=\"https:\/\/enolife.com.ar\/es\/wp-content\/uploads\/2025\/12\/WhatsApp-Image-2025-12-10-at-21.46.28-1024x677.jpeg 1024w, https:\/\/enolife.com.ar\/es\/wp-content\/uploads\/2025\/12\/WhatsApp-Image-2025-12-10-at-21.46.28-300x198.jpeg 300w, https:\/\/enolife.com.ar\/es\/wp-content\/uploads\/2025\/12\/WhatsApp-Image-2025-12-10-at-21.46.28-768x508.jpeg 768w, https:\/\/enolife.com.ar\/es\/wp-content\/uploads\/2025\/12\/WhatsApp-Image-2025-12-10-at-21.46.28-780x516.jpeg 780w, https:\/\/enolife.com.ar\/es\/wp-content\/uploads\/2025\/12\/WhatsApp-Image-2025-12-10-at-21.46.28-585x387.jpeg 585w, https:\/\/enolife.com.ar\/es\/wp-content\/uploads\/2025\/12\/WhatsApp-Image-2025-12-10-at-21.46.28.jpeg 1134w\" sizes=\"auto, (max-width: 1024px) 100vw, 1024px\" \/><\/a><figcaption class=\"wp-element-caption\"><strong><em>Jorge Serrano, de Olivo Sur<\/em><\/strong><\/figcaption><\/figure>\n\n\n\n<figure class=\"wp-block-image size-large\"><a href=\"https:\/\/enolife.com.ar\/es\/wp-content\/uploads\/2025\/12\/WhatsApp-Image-2025-12-10-at-21.46.56.jpeg\" data-rel=\"penci-gallery-image-content\" ><img loading=\"lazy\" decoding=\"async\" width=\"1024\" height=\"684\" data-id=\"171288\" src=\"https:\/\/enolife.com.ar\/es\/wp-content\/uploads\/2025\/12\/WhatsApp-Image-2025-12-10-at-21.46.56-1024x684.jpeg\" alt=\"\" class=\"wp-image-171288\" srcset=\"https:\/\/enolife.com.ar\/es\/wp-content\/uploads\/2025\/12\/WhatsApp-Image-2025-12-10-at-21.46.56-1024x684.jpeg 1024w, https:\/\/enolife.com.ar\/es\/wp-content\/uploads\/2025\/12\/WhatsApp-Image-2025-12-10-at-21.46.56-300x200.jpeg 300w, https:\/\/enolife.com.ar\/es\/wp-content\/uploads\/2025\/12\/WhatsApp-Image-2025-12-10-at-21.46.56-768x513.jpeg 768w, https:\/\/enolife.com.ar\/es\/wp-content\/uploads\/2025\/12\/WhatsApp-Image-2025-12-10-at-21.46.56-1170x781.jpeg 1170w, https:\/\/enolife.com.ar\/es\/wp-content\/uploads\/2025\/12\/WhatsApp-Image-2025-12-10-at-21.46.56-585x391.jpeg 585w, https:\/\/enolife.com.ar\/es\/wp-content\/uploads\/2025\/12\/WhatsApp-Image-2025-12-10-at-21.46.56.jpeg 1348w\" sizes=\"auto, (max-width: 1024px) 100vw, 1024px\" \/><\/a><figcaption class=\"wp-element-caption\"><strong><em>Gabriel y Andrea Rastrilla, de Las Mar\u00edas<\/em><\/strong><\/figcaption><\/figure>\n<\/figure>\n\n\n\n<div style=\"height:20px\" aria-hidden=\"true\" class=\"wp-block-spacer\"><\/div>\n\n\n\n<p><strong>Coraz\u00f3n de Lunlunta <\/strong>de Maip\u00fa, Mendoza, obtuvo:<\/p>\n\n\n\n<ul class=\"wp-block-list\">\n<li><strong>Doble Gran Medalla de Oro<\/strong>, para su AOVE Olei &amp; Co Varietal Arauco alto en polifenoles<\/li>\n\n\n\n<li><strong>Medalla de Oro<\/strong>, para su AOVE Olei &amp; Co Blend<\/li>\n<\/ul>\n\n\n\n<div style=\"height:20px\" aria-hidden=\"true\" class=\"wp-block-spacer\"><\/div>\n\n\n<div class=\"wp-block-image\">\n<figure class=\"aligncenter size-large is-resized\"><a href=\"https:\/\/enolife.com.ar\/es\/wp-content\/uploads\/2025\/12\/WhatsApp-Image-2025-12-10-at-21.47.18.jpeg\" data-rel=\"penci-gallery-image-content\" ><img loading=\"lazy\" decoding=\"async\" width=\"1024\" height=\"643\" src=\"https:\/\/enolife.com.ar\/es\/wp-content\/uploads\/2025\/12\/WhatsApp-Image-2025-12-10-at-21.47.18-1024x643.jpeg\" alt=\"\" class=\"wp-image-171292\" style=\"width:664px;height:auto\" srcset=\"https:\/\/enolife.com.ar\/es\/wp-content\/uploads\/2025\/12\/WhatsApp-Image-2025-12-10-at-21.47.18-1024x643.jpeg 1024w, https:\/\/enolife.com.ar\/es\/wp-content\/uploads\/2025\/12\/WhatsApp-Image-2025-12-10-at-21.47.18-300x188.jpeg 300w, https:\/\/enolife.com.ar\/es\/wp-content\/uploads\/2025\/12\/WhatsApp-Image-2025-12-10-at-21.47.18-768x482.jpeg 768w, https:\/\/enolife.com.ar\/es\/wp-content\/uploads\/2025\/12\/WhatsApp-Image-2025-12-10-at-21.47.18-585x367.jpeg 585w, https:\/\/enolife.com.ar\/es\/wp-content\/uploads\/2025\/12\/WhatsApp-Image-2025-12-10-at-21.47.18.jpeg 1067w\" sizes=\"auto, (max-width: 1024px) 100vw, 1024px\" \/><\/a><figcaption class=\"wp-element-caption\"><em><strong>Gabriel Guardia y Micaela Mogavero, de Coraz\u00f3n de Lunlunta<\/strong><\/em>.<\/figcaption><\/figure><\/div>\n\n\n<div style=\"height:20px\" aria-hidden=\"true\" class=\"wp-block-spacer\"><\/div>\n\n\n\n<p><strong>Empresa Sol Frut SA<\/strong> de San Juan, otuvo:<\/p>\n\n\n\n<ul class=\"wp-block-list\">\n<li><strong>Doble Gran Medalla de Oro <\/strong>para su AOVE <strong>Oliovita Varietal Coratina<\/strong>.<\/li>\n\n\n\n<li><strong>Medalla de Oro <\/strong>para su AOVE <strong>Oliovita<\/strong> <strong>Varietal Changlot.<\/strong><\/li>\n\n\n\n<li><strong>Medalla de Oro <\/strong>para su AOVE <strong>Oliovita Varietal Arbequina.<\/strong><\/li>\n\n\n\n<li><strong>Medalla de Oro <\/strong>para su aceite de oliva virgen extra <strong>Oliovita<\/strong> <strong>Aprile<\/strong><\/li>\n\n\n\n<li><strong>Medalla de Oro <\/strong>para su AOVE <strong>Oliovita Blend Cl\u00e1sico<\/strong><\/li>\n\n\n\n<li><strong>Medalla de Oro <\/strong>para su AOVE <strong>Oliovita Picual Organico.<\/strong><\/li>\n\n\n\n<li><strong>Medalla de Plata <\/strong>para su AOVE <strong>Oliovita Blend Medierraneo<\/strong><\/li>\n\n\n\n<li><strong>Medalla de Oro <\/strong>para su AOVE <strong>Oliovita Blend Gourmet<\/strong><\/li>\n<\/ul>\n\n\n\n<div style=\"height:20px\" aria-hidden=\"true\" class=\"wp-block-spacer\"><\/div>\n\n\n\n<p><strong>Mar\u00eda Victoria Saccarello<\/strong>, de Florida, Uruguay, obtuvo:<\/p>\n\n\n\n<ul class=\"wp-block-list\">\n<li><strong>Gran Medalla de Oro <\/strong>para su AOVE: \u201cPique Roto\u201d Varietal Pendolino<\/li>\n\n\n\n<li><strong>Gran Medalla de Oro <\/strong>para su AOVE: \u201cPique Roto\u201d Varietal Taggiasca<\/li>\n\n\n\n<li><strong>Medalla de Oro <\/strong>para su AOVE, \u201cPique Roto\u201d Varietal Tosca<\/li>\n<\/ul>\n\n\n\n<div style=\"height:20px\" aria-hidden=\"true\" class=\"wp-block-spacer\"><\/div>\n\n\n\n<p><strong>Ernesto Singer, de <\/strong>Uruguay, obtuvo:<\/p>\n\n\n\n<ul class=\"wp-block-list\">\n<li><strong>Gran Medalla de Oro <\/strong>para su AOVE \u201cTuperc\u00ed\u201d Blend<\/li>\n<\/ul>\n\n\n\n<div style=\"height:20px\" aria-hidden=\"true\" class=\"wp-block-spacer\"><\/div>\n\n\n\n<p><strong>La Sociedad Cooperativa Andaluza Olivarera La Pur\u00edsima<\/strong>, de Espa\u00f1a, obtuvo:<\/p>\n\n\n\n<ul class=\"wp-block-list\">\n<li><strong>Doble Gran Medalla de Oro <\/strong>habiendo logrado97,2&nbsp; puntos, para su aceite de oliva virgen extra, El Empiedro, Varietal Hojiblanca (con denominaci\u00f3n de origen : Priego De Cordoba-Espa\u00f1a)<\/li>\n<\/ul>\n\n\n\n<div style=\"height:35px\" aria-hidden=\"true\" class=\"wp-block-spacer\"><\/div>\n\n\n\n<p class=\"has-medium-font-size\"><strong>Presentaci\u00f3n del Programa \u201cM\u00e1s Arauco para Mendoza\u201d<\/strong><\/p>\n\n\n\n<p>El presidente de la C\u00e1mara Oliv\u00edcola de Mendoza, Juan Carlos Garc\u00eda Zuloaga, present\u00f3 el programa de Fundaci\u00f3n Seminare denominado \u201cM\u00e1s Arauco para Mendoza, partiendo de Maip\u00fa cuna del Olivo\u201d. Este programa consiste en hacer foco &nbsp;en la variedad Arauco, considerada por el Consejo Ole\u00edcola Internacional como una variedad aut\u00f3ctona argentina y teniendo en cuenta que la Indicaci\u00f3n Geogr\u00e1fica Mendoza para el Aceite Oliva Virgen Extra exige que tiene que tener por lo menos un 20 % de varietal Arauco en su blend para su certificaci\u00f3n. Esto es en virtud de sus cualidades sensoriales y la cantidad de polifenoles que contribuyen a una alimentaci\u00f3n saludable. Por ello, seg\u00fan se fundament\u00f3, es deseable aumentar la superficie implantada de esta variedad en el territorio de la provincia de Mendoza.<\/p>\n\n\n\n<p>Como parte de este programa, Fundaci\u00f3n Seminare adquiri\u00f3 a Vivero Productora 30 plantines de olivos varietal Arauco, los cuales fueron numerados y entregados a los invitados presentes, a las reinas del Olivo mandato cumplido y a referentes oliv\u00edcolas, quienes firmaron un compromiso para plantar y cuidar ese olivo, contribuyendo a difundir el lema \u201cHaga Patria plante un olivo, de Variedad Arauco\u201d.<\/p>\n\n\n\n<div style=\"height:35px\" aria-hidden=\"true\" class=\"wp-block-spacer\"><\/div>\n\n\n<div class=\"wp-block-image\">\n<figure class=\"aligncenter size-large is-resized\"><a href=\"https:\/\/enolife.com.ar\/es\/wp-content\/uploads\/2025\/12\/WhatsApp-Image-2025-12-10-at-21.47.54.jpeg\" data-rel=\"penci-gallery-image-content\" ><img loading=\"lazy\" decoding=\"async\" width=\"1024\" height=\"644\" src=\"https:\/\/enolife.com.ar\/es\/wp-content\/uploads\/2025\/12\/WhatsApp-Image-2025-12-10-at-21.47.54-1024x644.jpeg\" alt=\"\" class=\"wp-image-171294\" style=\"width:606px;height:auto\" srcset=\"https:\/\/enolife.com.ar\/es\/wp-content\/uploads\/2025\/12\/WhatsApp-Image-2025-12-10-at-21.47.54-1024x644.jpeg 1024w, https:\/\/enolife.com.ar\/es\/wp-content\/uploads\/2025\/12\/WhatsApp-Image-2025-12-10-at-21.47.54-300x189.jpeg 300w, https:\/\/enolife.com.ar\/es\/wp-content\/uploads\/2025\/12\/WhatsApp-Image-2025-12-10-at-21.47.54-768x483.jpeg 768w, https:\/\/enolife.com.ar\/es\/wp-content\/uploads\/2025\/12\/WhatsApp-Image-2025-12-10-at-21.47.54-1170x736.jpeg 1170w, https:\/\/enolife.com.ar\/es\/wp-content\/uploads\/2025\/12\/WhatsApp-Image-2025-12-10-at-21.47.54-585x368.jpeg 585w, https:\/\/enolife.com.ar\/es\/wp-content\/uploads\/2025\/12\/WhatsApp-Image-2025-12-10-at-21.47.54.jpeg 1421w\" sizes=\"auto, (max-width: 1024px) 100vw, 1024px\" \/><\/a><figcaption class=\"wp-element-caption\"><em><strong>Entrega de plantines variedad Arauco<\/strong><\/em><strong><em>.<\/em><\/strong><\/figcaption><\/figure><\/div>\n\n\n<div style=\"height:35px\" aria-hidden=\"true\" class=\"wp-block-spacer\"><\/div>\n\n\n\n<p class=\"has-medium-font-size\"><strong>Elecci\u00f3n y coronaci\u00f3n de la Reina Provincial de la Olivicultura 2026<\/strong><strong><\/strong><\/p>\n\n\n\n<p>Las candidatas que se presentaron fueron <strong>\u00c1ngeles Nieto, Mar\u00eda Luz Iranzo, Mar\u00eda Milagros Oyola, Brisa Santander,<\/strong> quienes recibieron una capacitaci\u00f3n especial de Fundaci\u00f3n Seminare durante tres meses, en los que obtuvieron conocimientos sobre olivicultura y el t\u00edtulo de <strong>Sommelier de Aceites de Oliva. <\/strong>Ese fue un requisito para poder postularse y ser luego embajadoras de la olivicultura mendocina.<\/p>\n\n\n\n<div style=\"height:35px\" aria-hidden=\"true\" class=\"wp-block-spacer\"><\/div>\n\n\n<div class=\"wp-block-image\">\n<figure class=\"aligncenter size-full is-resized\"><a href=\"https:\/\/enolife.com.ar\/es\/wp-content\/uploads\/2025\/12\/WhatsApp-Image-2025-12-10-at-21.32.22-1.jpeg\" data-rel=\"penci-gallery-image-content\" ><img loading=\"lazy\" decoding=\"async\" width=\"952\" height=\"630\" src=\"https:\/\/enolife.com.ar\/es\/wp-content\/uploads\/2025\/12\/WhatsApp-Image-2025-12-10-at-21.32.22-1.jpeg\" alt=\"\" class=\"wp-image-171301\" style=\"width:634px;height:auto\" srcset=\"https:\/\/enolife.com.ar\/es\/wp-content\/uploads\/2025\/12\/WhatsApp-Image-2025-12-10-at-21.32.22-1.jpeg 952w, https:\/\/enolife.com.ar\/es\/wp-content\/uploads\/2025\/12\/WhatsApp-Image-2025-12-10-at-21.32.22-1-300x199.jpeg 300w, https:\/\/enolife.com.ar\/es\/wp-content\/uploads\/2025\/12\/WhatsApp-Image-2025-12-10-at-21.32.22-1-768x508.jpeg 768w, https:\/\/enolife.com.ar\/es\/wp-content\/uploads\/2025\/12\/WhatsApp-Image-2025-12-10-at-21.32.22-1-780x516.jpeg 780w, https:\/\/enolife.com.ar\/es\/wp-content\/uploads\/2025\/12\/WhatsApp-Image-2025-12-10-at-21.32.22-1-585x387.jpeg 585w\" sizes=\"auto, (max-width: 952px) 100vw, 952px\" \/><\/a><figcaption class=\"wp-element-caption\"><em><strong>\u00c1ngeles Nieto, Mar\u00eda Luz Iranzo, Mar\u00eda Milagros Oyola y Brisa Santander<\/strong><\/em><\/figcaption><\/figure><\/div>\n\n\n<div style=\"height:35px\" aria-hidden=\"true\" class=\"wp-block-spacer\"><\/div>\n\n\n\n<p>Se coron\u00f3 a <strong>\u00c1ngeles Nieto<\/strong> como reina de la Olivicultura 2026 y a <strong>Mar\u00eda Luz Iranzo <\/strong>como virreina.<\/p>\n\n\n\n<div style=\"height:35px\" aria-hidden=\"true\" class=\"wp-block-spacer\"><\/div>\n\n\n<div class=\"wp-block-image\">\n<figure class=\"aligncenter size-large is-resized\"><a href=\"https:\/\/enolife.com.ar\/es\/wp-content\/uploads\/2025\/12\/WhatsApp-Image-2025-12-10-at-21.48.15.jpeg\" data-rel=\"penci-gallery-image-content\" ><img loading=\"lazy\" decoding=\"async\" width=\"1024\" height=\"632\" src=\"https:\/\/enolife.com.ar\/es\/wp-content\/uploads\/2025\/12\/WhatsApp-Image-2025-12-10-at-21.48.15-1024x632.jpeg\" alt=\"\" class=\"wp-image-171303\" style=\"width:632px;height:auto\" srcset=\"https:\/\/enolife.com.ar\/es\/wp-content\/uploads\/2025\/12\/WhatsApp-Image-2025-12-10-at-21.48.15-1024x632.jpeg 1024w, https:\/\/enolife.com.ar\/es\/wp-content\/uploads\/2025\/12\/WhatsApp-Image-2025-12-10-at-21.48.15-300x185.jpeg 300w, https:\/\/enolife.com.ar\/es\/wp-content\/uploads\/2025\/12\/WhatsApp-Image-2025-12-10-at-21.48.15-768x474.jpeg 768w, https:\/\/enolife.com.ar\/es\/wp-content\/uploads\/2025\/12\/WhatsApp-Image-2025-12-10-at-21.48.15-585x361.jpeg 585w, https:\/\/enolife.com.ar\/es\/wp-content\/uploads\/2025\/12\/WhatsApp-Image-2025-12-10-at-21.48.15.jpeg 1074w\" sizes=\"auto, (max-width: 1024px) 100vw, 1024px\" \/><\/a><figcaption class=\"wp-element-caption\"><em><strong>\u00c1ngeles Nieto y Mar\u00eda Luz Iranzo.<\/strong><\/em><strong><em> <\/em><\/strong><\/figcaption><\/figure><\/div>\n\n\n<div style=\"height:51px\" aria-hidden=\"true\" class=\"wp-block-spacer\"><\/div>\n\n\n\n<p><strong><br><\/strong><\/p>\n","protected":false},"excerpt":{"rendered":"<p>El 21 de noviembre pasado se celebr\u00f3 en el departamento de Maip\u00fa, Mendoza, Argentina, la&hellip;<\/p>\n","protected":false},"author":2,"featured_media":171306,"comment_status":"closed","ping_status":"open","sticky":false,"template":"","format":"standard","meta":{"footnotes":""},"categories":[14],"tags":[],"class_list":["post-171210","post","type-post","status-publish","format-standard","has-post-thumbnail","hentry","category-news"],"_links":{"self":[{"href":"https:\/\/enolife.com.ar\/es\/wp-json\/wp\/v2\/posts\/171210","targetHints":{"allow":["GET"]}}],"collection":[{"href":"https:\/\/enolife.com.ar\/es\/wp-json\/wp\/v2\/posts"}],"about":[{"href":"https:\/\/enolife.com.ar\/es\/wp-json\/wp\/v2\/types\/post"}],"author":[{"embeddable":true,"href":"https:\/\/enolife.com.ar\/es\/wp-json\/wp\/v2\/users\/2"}],"replies":[{"embeddable":true,"href":"https:\/\/enolife.com.ar\/es\/wp-json\/wp\/v2\/comments?post=171210"}],"version-history":[{"count":0,"href":"https:\/\/enolife.com.ar\/es\/wp-json\/wp\/v2\/posts\/171210\/revisions"}],"wp:featuredmedia":[{"embeddable":true,"href":"https:\/\/enolife.com.ar\/es\/wp-json\/wp\/v2\/media\/171306"}],"wp:attachment":[{"href":"https:\/\/enolife.com.ar\/es\/wp-json\/wp\/v2\/media?parent=171210"}],"wp:term":[{"taxonomy":"category","embeddable":true,"href":"https:\/\/enolife.com.ar\/es\/wp-json\/wp\/v2\/categories?post=171210"},{"taxonomy":"post_tag","embeddable":true,"href":"https:\/\/enolife.com.ar\/es\/wp-json\/wp\/v2\/tags?post=171210"}],"curies":[{"name":"wp","href":"https:\/\/api.w.org\/{rel}","templated":true}]}}