{"id":171166,"date":"2025-12-11T23:33:30","date_gmt":"2025-12-11T23:33:30","guid":{"rendered":"https:\/\/enolife.com.ar\/es\/?p=171166"},"modified":"2025-12-13T15:51:25","modified_gmt":"2025-12-13T15:51:25","slug":"mendoza-y-la-region-chilena-del-maule-se-asocian-para-promover-sus-vinos-en-el-mundo","status":"publish","type":"post","link":"https:\/\/enolife.com.ar\/es\/mendoza-y-la-region-chilena-del-maule-se-asocian-para-promover-sus-vinos-en-el-mundo\/","title":{"rendered":"Mendoza y la regi\u00f3n chilena del Maule se asocian para promover sus vinos en el mundo"},"content":{"rendered":"\n<h4 class=\"wp-block-heading\"><em><strong>Funcionarios de gobierno de Mendoza y de la Regi\u00f3n chilena del Maule (foto principal) se reunieron en la sede de ProMendoza -la agencia de promoci\u00f3n de los productos de esta provincia en el mundo- para planear acciones conjuntas que complementen la hist\u00f3rica relaci\u00f3n entre los pueblos y las econom\u00edas de ambas regiones.<\/strong><\/em><\/h4>\n\n\n\n<div style=\"height:32px\" aria-hidden=\"true\" class=\"wp-block-spacer\"><\/div>\n\n\n<a href=\"https:\/\/fermentis.com\/es\/\" aria-label=\"FERMENTIS 1700X500\"><img loading=\"lazy\" decoding=\"async\" src=\"https:\/\/enolife.com.ar\/es\/wp-content\/uploads\/2025\/05\/FERMENTIS-1700X500.gif\" alt=\"\"  width=\"1700\" height=\"500\"   \/><\/a>\n\n\n<div style=\"height:37px\" aria-hidden=\"true\" class=\"wp-block-spacer\"><\/div>\n\n\n\n<p>ProMendoza -la agencia de promoci\u00f3n mendocina en el exterior- busca fortalecer v\u00ednculos con la Regi\u00f3n del Maule en chile, con el objetivo de impulsar la promoci\u00f3n comercial conjunta. A tal efecto, la presidenta de la entidad gubernamental, <strong>Patricia Gim\u00e9nez,<\/strong> se reuni\u00f3 con el gobernador regional del Maule, <strong>Pedro Pablo \u00c1lvarez Salamanca Ram\u00edrez<\/strong>, para debatir oportunidades de promoci\u00f3n comercial y complementaci\u00f3n econ\u00f3mica entre ambas regiones.<\/p>\n\n\n\n<p>El encuentro se centr\u00f3 en la promoci\u00f3n vitivin\u00edcola en mercados internacionales, evaluando la posibilidad de participar en ferias y de realizar acciones conjuntas que integren, entre otras cosas, servicios de <strong>vi\u00f1edos chilenos y bodegas mendocinas.<\/strong><\/p>\n\n\n\n<p>Adem\u00e1s, se abordaron temas relacionados a las oportunidades que surgen de una matriz productiva similar, incluyendo no s\u00f3lo vinos sino tambi\u00e9n productos agr\u00edcolas, tecnolog\u00eda, metalmec\u00e1nica y servicios.<\/p>\n\n\n\n<p><em>\u00abCoincidimos en la importancia de proyectarnos hacia el mundo, como socios estrat\u00e9gicos y trabajar en iniciativas que potencien la presencia internacional de ambas regiones\u00bb<\/em>, dijo Gim\u00e9nez.<\/p>\n\n\n\n<p>Otro punto desarrollado y que ser\u00e1 un tema clave en los pr\u00f3ximos meses, fue la log\u00edstica integrada entre <strong>Mendoza<\/strong> y la <strong>Regi\u00f3n del Maule<\/strong>, especialmente a trav\u00e9s del <strong>Paso Pehuenche<\/strong>, que abre nuevas posibilidades para las empresas mendocinas mediante la conexi\u00f3n con <strong>Talca <\/strong>y los puertos del sur de Chile.<\/p>\n\n\n\n<div style=\"height:34px\" aria-hidden=\"true\" class=\"wp-block-spacer\"><\/div>\n\n\n\n<figure class=\"wp-block-image size-large\"><a href=\"https:\/\/enolife.com.ar\/es\/wp-content\/uploads\/2025\/12\/Reunion-ProMendoza-Region-del-Maule.jpeg\" data-rel=\"penci-gallery-image-content\" ><img loading=\"lazy\" decoding=\"async\" width=\"1024\" height=\"480\" src=\"https:\/\/enolife.com.ar\/es\/wp-content\/uploads\/2025\/12\/Reunion-ProMendoza-Region-del-Maule-1024x480.jpeg\" alt=\"\" class=\"wp-image-171197\" srcset=\"https:\/\/enolife.com.ar\/es\/wp-content\/uploads\/2025\/12\/Reunion-ProMendoza-Region-del-Maule-1024x480.jpeg 1024w, https:\/\/enolife.com.ar\/es\/wp-content\/uploads\/2025\/12\/Reunion-ProMendoza-Region-del-Maule-300x141.jpeg 300w, https:\/\/enolife.com.ar\/es\/wp-content\/uploads\/2025\/12\/Reunion-ProMendoza-Region-del-Maule-768x360.jpeg 768w, https:\/\/enolife.com.ar\/es\/wp-content\/uploads\/2025\/12\/Reunion-ProMendoza-Region-del-Maule-1170x548.jpeg 1170w, https:\/\/enolife.com.ar\/es\/wp-content\/uploads\/2025\/12\/Reunion-ProMendoza-Region-del-Maule-585x274.jpeg 585w, https:\/\/enolife.com.ar\/es\/wp-content\/uploads\/2025\/12\/Reunion-ProMendoza-Region-del-Maule.jpeg 1280w\" sizes=\"auto, (max-width: 1024px) 100vw, 1024px\" \/><\/a><figcaption class=\"wp-element-caption\"><em><strong>Los integrantes de la misi\u00f3n chilena, junto a funcionarios de ProMendoza, en la sede de la entidad en la ciudad de Mendoza<\/strong><\/em><strong><em>.<\/em><\/strong><\/figcaption><\/figure>\n\n\n\n<div style=\"height:30px\" aria-hidden=\"true\" class=\"wp-block-spacer\"><\/div>\n\n\n\n<p>Es importante destacar que el gobernador del Maule se reuni\u00f3 tambi\u00e9n con el gobernador de Mendoza, <strong>Alfredo Cornejo<\/strong>, con quien repas\u00f3 la agenda conjunta que ambas regiones vienen desarrollando. Cornejo aprovech\u00f3 la oportunidad para invitarlos a participar de las actividades de la pr\u00f3xima vendimia y de <strong>Vinexpo Explorer Mendoza, The Bulk Wine Chapter<\/strong>, que llegar\u00e1 en junio de 2026, destacando que <em>\u00abjunto a ProMendoza, generamos espacios para que se re\u00fanan con bodegas y empresas de derivados, fortaleciendo los v\u00ednculos comerciales\u00bb.<\/em><\/p>\n\n\n\n<p><em>\u00abFinalmente, evaluamos el avance del Paso Pehuenche, un punto estrat\u00e9gico para ambos lados de la cordillera, y acordamos seguir trabajando con los equipos t\u00e9cnicos de Mendoza y del Maule para su desarrollo\u00bb,<\/em> coment\u00f3 Cornejo.<\/p>\n\n\n\n<div style=\"height:31px\" aria-hidden=\"true\" class=\"wp-block-spacer\"><\/div>\n\n\n\n<p class=\"has-small-font-size\"><em><strong>Fuente: Gobierno de Mendoza<\/strong><\/em><\/p>\n\n\n\n<div style=\"height:33px\" aria-hidden=\"true\" class=\"wp-block-spacer\"><\/div>\n","protected":false},"excerpt":{"rendered":"<p>Funcionarios de gobierno de Mendoza y de la Regi\u00f3n chilena del Maule (foto principal) se&hellip;<\/p>\n","protected":false},"author":2,"featured_media":171196,"comment_status":"closed","ping_status":"open","sticky":false,"template":"","format":"standard","meta":{"footnotes":""},"categories":[14],"tags":[],"class_list":["post-171166","post","type-post","status-publish","format-standard","has-post-thumbnail","hentry","category-news"],"_links":{"self":[{"href":"https:\/\/enolife.com.ar\/es\/wp-json\/wp\/v2\/posts\/171166","targetHints":{"allow":["GET"]}}],"collection":[{"href":"https:\/\/enolife.com.ar\/es\/wp-json\/wp\/v2\/posts"}],"about":[{"href":"https:\/\/enolife.com.ar\/es\/wp-json\/wp\/v2\/types\/post"}],"author":[{"embeddable":true,"href":"https:\/\/enolife.com.ar\/es\/wp-json\/wp\/v2\/users\/2"}],"replies":[{"embeddable":true,"href":"https:\/\/enolife.com.ar\/es\/wp-json\/wp\/v2\/comments?post=171166"}],"version-history":[{"count":0,"href":"https:\/\/enolife.com.ar\/es\/wp-json\/wp\/v2\/posts\/171166\/revisions"}],"wp:featuredmedia":[{"embeddable":true,"href":"https:\/\/enolife.com.ar\/es\/wp-json\/wp\/v2\/media\/171196"}],"wp:attachment":[{"href":"https:\/\/enolife.com.ar\/es\/wp-json\/wp\/v2\/media?parent=171166"}],"wp:term":[{"taxonomy":"category","embeddable":true,"href":"https:\/\/enolife.com.ar\/es\/wp-json\/wp\/v2\/categories?post=171166"},{"taxonomy":"post_tag","embeddable":true,"href":"https:\/\/enolife.com.ar\/es\/wp-json\/wp\/v2\/tags?post=171166"}],"curies":[{"name":"wp","href":"https:\/\/api.w.org\/{rel}","templated":true}]}}