{"id":171159,"date":"2025-12-10T13:41:48","date_gmt":"2025-12-10T13:41:48","guid":{"rendered":"https:\/\/enolife.com.ar\/es\/?p=171159"},"modified":"2025-12-12T15:03:43","modified_gmt":"2025-12-12T15:03:43","slug":"el-inv-tiene-dos-nuevos-directores-en-areas-clave-administracion-y-fiscalizacion","status":"publish","type":"post","link":"https:\/\/enolife.com.ar\/es\/el-inv-tiene-dos-nuevos-directores-en-areas-clave-administracion-y-fiscalizacion\/","title":{"rendered":"El INV tiene dos nuevos directores en \u00e1reas clave: Administraci\u00f3n y Fiscalizaci\u00f3n"},"content":{"rendered":"\n<h4 class=\"wp-block-heading\"><em><strong>El ministro de Econom\u00eda de Argentina, Luis Caputo, emiti\u00f3 hoy 10\/12\/2025 dos resoluciones a trav\u00e9s del Bolet\u00edn Oficial formalizando designaciones estrat\u00e9gicas dentro del Instituto Nacional de Vitivinicultura (INV). Se trata de dos funcionarios de planta cuyas nuevas funciones se encuadran en el plan de desrregulaci\u00f3n dispuesto por el gobierno nacional, el cual comenz\u00f3 con la baja de casi 1.000 normativas burocr\u00e1ticas y t\u00e9cnicas entre octubre y noviembre de 2025, algunas de ellas cuestionadas por amplios sectores de la industria, como la que exime de la obligaci\u00f3n de declarar el ingreso de uva a las bodegas.<\/strong><\/em><\/h4>\n\n\n\n<div style=\"height:33px\" aria-hidden=\"true\" class=\"wp-block-spacer\"><\/div>\n\n\n<a href=\"https:\/\/grupoaltasur.com\/\" aria-label=\"1700-500px\"><img loading=\"lazy\" decoding=\"async\" src=\"https:\/\/enolife.com.ar\/es\/wp-content\/uploads\/2021\/01\/1700-500px.jpg\" alt=\"\"  srcset=\"https:\/\/enolife.com.ar\/es\/wp-content\/uploads\/2021\/01\/1700-500px.jpg 1700w, https:\/\/enolife.com.ar\/es\/wp-content\/uploads\/2021\/01\/1700-500px-300x88.jpg 300w, https:\/\/enolife.com.ar\/es\/wp-content\/uploads\/2021\/01\/1700-500px-1024x301.jpg 1024w, https:\/\/enolife.com.ar\/es\/wp-content\/uploads\/2021\/01\/1700-500px-768x226.jpg 768w, https:\/\/enolife.com.ar\/es\/wp-content\/uploads\/2021\/01\/1700-500px-1536x452.jpg 1536w, https:\/\/enolife.com.ar\/es\/wp-content\/uploads\/2021\/01\/1700-500px-1170x344.jpg 1170w, https:\/\/enolife.com.ar\/es\/wp-content\/uploads\/2021\/01\/1700-500px-585x172.jpg 585w\" sizes=\"auto, (max-width: 1700px) 100vw, 1700px\" width=\"1700\" height=\"500\"   \/><\/a>\n\n\n<div style=\"height:29px\" aria-hidden=\"true\" class=\"wp-block-spacer\"><\/div>\n\n\n\n<p>El Ministerio de Econom\u00eda de Argentina formaliz\u00f3 dos designaciones estrat\u00e9gicas dentro del <strong>Instituto Nacional de Vitivinicultura (INV)<\/strong>, organismo descentralizado que depende de la Secretar\u00eda de Agricultura, Ganader\u00eda y Pesca. Las resoluciones <strong>1951\/2025 y 1952\/2025<\/strong>, firmadas por el ministro <strong>Luis Caputo<\/strong> y publicadas hoy 10\/12\/2025, asignan de manera transitoria cargos de alta responsabilidad en \u00e1reas t\u00e9cnicas y de control del sector.<\/p>\n\n\n\n<p>Los nombramientos se dictan en el marco de la normativa vigente sobre designaciones transitorias en la administraci\u00f3n p\u00fablica y del organigrama aprobado para el INV, entidad que regula la producci\u00f3n, industria y comercio vitivin\u00edcola en todo el pa\u00eds.<\/p>\n\n\n\n<div style=\"height:29px\" aria-hidden=\"true\" class=\"wp-block-spacer\"><\/div>\n\n\n\n<p class=\"has-medium-font-size\"><strong>Un contador de la UNCuyo a cargo de Administraci\u00f3n<\/strong><\/p>\n\n\n\n<p>A trav\u00e9s de la Resoluci\u00f3n 1951\/2025, el Gobierno nacional asign\u00f3 las funciones de director general de la Direcci\u00f3n General T\u00e9cnica Administrativa del INV al contador recibido en la Universidad Nacional de Cuyo (UNCuyo) <strong>Jorge Emilio Rafael Becerra<\/strong>, de la planta permanente del organismo. El cargo, de nivel A y funci\u00f3n ejecutiva I, tendr\u00e1 vigencia transitoria desde el 3 de setiembre de 2025 y se extender\u00e1 hasta que se concrete el proceso de selecci\u00f3n definitivo. Seg\u00fan consigna la resoluci\u00f3n, <em>\u00abel cargo se extender\u00e1 hasta tanto se instrumente su cobertura definitiva con arreglo a los respectivos reg\u00edmenes de selecci\u00f3n, no pudiendo superar el plazo de tres (3) a\u00f1os\u00bb.<\/em><\/p>\n\n\n\n<p>La designaci\u00f3n, seg\u00fan se aclara en la Resoluci\u00f3n, no implica gasto extraordinario y fue avalada por el servicio jur\u00eddico del Ministerio de Econom\u00eda. <em>\u00abEl gasto que demande el cumplimiento de esta resoluci\u00f3n ser\u00e1 imputado a las partidas presupuestarias correspondientes al Instituto Nacional de Vitivinicultura\u00bb, <\/em>consigna la publicaci\u00f3n.<\/p>\n\n\n\n<div style=\"height:23px\" aria-hidden=\"true\" class=\"wp-block-spacer\"><\/div>\n\n\n\n<p class=\"has-medium-font-size\"><strong>Nuevo director nacional de Fiscalizaci\u00f3n<\/strong><\/p>\n\n\n\n<p>La Resoluci\u00f3n 1952\/2025 dispone tambi\u00e9n la asignaci\u00f3n del cargo de director nacional de Fiscalizaci\u00f3n del INV a <strong>Armando S\u00f3crates Celso Tonioni<\/strong>, igualmente con car\u00e1cter transitorio. Tonioni, de nivel A y <em>\u00abtramo avanzado\u00bb<\/em> en la escala jer\u00e1rquica del INV, asume funciones desde la misma fecha y hasta que se cubra el puesto mediante concurso, con un plazo m\u00e1ximo de 3 a\u00f1os en el puesto.<\/p>\n\n\n\n<p>Este rol es clave para el control de calidad, trazabilidad y cumplimiento normativo en toda la cadena vitivin\u00edcola, una de las \u00e1reas m\u00e1s sensibles del organismo. Al igual que en el caso anterior, la designaci\u00f3n fue exceptuada de las limitaciones administrativas y cuenta con la intervenci\u00f3n de los organismos t\u00e9cnicos correspondientes.<\/p>\n\n\n\n<p>Con estas designaciones, el Ministerio de Econom\u00eda busca fortalecer la estructura directiva del Instituto Nacional de Vitivinicultura en \u00e1reas estrat\u00e9gicas de gesti\u00f3n, control y administraci\u00f3n en una etapa de reorganizaci\u00f3n interna del sector.<\/p>\n\n\n\n<div style=\"height:28px\" aria-hidden=\"true\" class=\"wp-block-spacer\"><\/div>\n\n\n\n<p class=\"has-small-font-size\"><em><strong>Fuentes: Bolet\u00edn Oficial de la Rep\u00fablica Argentina y MDZ Online<\/strong><\/em><\/p>\n\n\n\n<div style=\"height:41px\" aria-hidden=\"true\" class=\"wp-block-spacer\"><\/div>\n\n\n\n<div style=\"height:34px\" aria-hidden=\"true\" class=\"wp-block-spacer\"><\/div>\n","protected":false},"excerpt":{"rendered":"<p>El ministro de Econom\u00eda de Argentina, Luis Caputo, emiti\u00f3 hoy 10\/12\/2025 dos resoluciones a trav\u00e9s&hellip;<\/p>\n","protected":false},"author":2,"featured_media":158983,"comment_status":"closed","ping_status":"open","sticky":false,"template":"","format":"standard","meta":{"footnotes":""},"categories":[14],"tags":[],"class_list":["post-171159","post","type-post","status-publish","format-standard","has-post-thumbnail","hentry","category-news"],"_links":{"self":[{"href":"https:\/\/enolife.com.ar\/es\/wp-json\/wp\/v2\/posts\/171159","targetHints":{"allow":["GET"]}}],"collection":[{"href":"https:\/\/enolife.com.ar\/es\/wp-json\/wp\/v2\/posts"}],"about":[{"href":"https:\/\/enolife.com.ar\/es\/wp-json\/wp\/v2\/types\/post"}],"author":[{"embeddable":true,"href":"https:\/\/enolife.com.ar\/es\/wp-json\/wp\/v2\/users\/2"}],"replies":[{"embeddable":true,"href":"https:\/\/enolife.com.ar\/es\/wp-json\/wp\/v2\/comments?post=171159"}],"version-history":[{"count":0,"href":"https:\/\/enolife.com.ar\/es\/wp-json\/wp\/v2\/posts\/171159\/revisions"}],"wp:featuredmedia":[{"embeddable":true,"href":"https:\/\/enolife.com.ar\/es\/wp-json\/wp\/v2\/media\/158983"}],"wp:attachment":[{"href":"https:\/\/enolife.com.ar\/es\/wp-json\/wp\/v2\/media?parent=171159"}],"wp:term":[{"taxonomy":"category","embeddable":true,"href":"https:\/\/enolife.com.ar\/es\/wp-json\/wp\/v2\/categories?post=171159"},{"taxonomy":"post_tag","embeddable":true,"href":"https:\/\/enolife.com.ar\/es\/wp-json\/wp\/v2\/tags?post=171159"}],"curies":[{"name":"wp","href":"https:\/\/api.w.org\/{rel}","templated":true}]}}