{"id":171108,"date":"2025-12-08T14:24:21","date_gmt":"2025-12-08T14:24:21","guid":{"rendered":"https:\/\/enolife.com.ar\/es\/?p=171108"},"modified":"2025-12-11T23:33:11","modified_gmt":"2025-12-11T23:33:11","slug":"las-imagenes-del-vino-mendocino-de-1900-a-1930-en-un-libro-digital-de-la-uncuyo-de-acceso-abierto","status":"publish","type":"post","link":"https:\/\/enolife.com.ar\/es\/las-imagenes-del-vino-mendocino-de-1900-a-1930-en-un-libro-digital-de-la-uncuyo-de-acceso-abierto\/","title":{"rendered":"Las im\u00e1genes del vino mendocino de 1900 a 1930, en un libro digital de la UNCuyo de acceso abierto"},"content":{"rendered":"\n<h4 class=\"wp-block-heading\"><em><strong>El mi\u00e9rcoles 10\/12\/2025, en la Enoteca -centro tem\u00e1tico del vino en la Capital de Mendoza- se presentar\u00e1 el libro \u00abIm\u00e1genes y vitivinicultura: cartograf\u00edas narrativas y cultura visual de la vid y el vino de Mendoza 1900-1930, Argentina\u00bb. La asistencia al acto es libre y gratuita. La obra fue editada por la Editorial de la Facultad de Filosof\u00eda y Letras estar\u00e1 disponible en formato PDF en la Biblioteca Digital de la Universidad Nacional de Cuyo, con libre lectura y descarga.<\/strong><\/em><strong><em> <\/em><\/strong><\/h4>\n\n\n\n<div style=\"height:39px\" aria-hidden=\"true\" class=\"wp-block-spacer\"><\/div>\n\n\n<a href=\"https:\/\/enolife.com.ar\/es\/category\/vino\/\" aria-label=\"banner-el-vino-las-une\"><img loading=\"lazy\" decoding=\"async\" src=\"https:\/\/enolife.com.ar\/es\/wp-content\/uploads\/2021\/12\/banner-el-vino-las-une.gif\" alt=\"\"  width=\"1700\" height=\"500\"   \/><\/a>\n\n\n<div style=\"height:35px\" aria-hidden=\"true\" class=\"wp-block-spacer\"><\/div>\n\n\n\n<p>La <strong>Editorial de la Facultad de Filosof\u00eda y Letras (Edifyl)<\/strong> de la <strong>Universidad Nacional de Cuyo (UNCuyo) <\/strong>invita a la presentaci\u00f3n del libro <strong>\u00abIm\u00e1genes y vitivinicultura: cartograf\u00edas, narrativas y cultura visual de la vid y el vino de Mendoza 1900-1930, Argentina\u00bb<\/strong>, coordinado por Patricia S. Favre y Daniel Grilli.<\/p>\n\n\n\n<p>El acto de lanzamiento se llevar\u00e1 a cabo en la Enoteca -centro tem\u00e1tico del vino de la Capital de Mendoza, ubicado en Av. Peltier 611 de esta ciudad-, el mi\u00e9rcoles 10\/12\/2025 desde las 19.30 hs.<\/p>\n\n\n\n<p>El evento contar\u00e1 con la participaci\u00f3n de sus autores, <strong>Patricia Favre, Daniel Grilli, Rosana Aguerregaray, Celia Garc\u00eda, Pilar Dussel, Lorena Manzini Marchesi y Laura Piazze<\/strong>, con la presentaci\u00f3n de <strong>Graciela Moretti.<\/strong><\/p>\n\n\n\n<p>Este libro forma parte de la colecci\u00f3n <strong>\u00abH\u00edbridos\u00bb<\/strong> de la Edifyl y estar\u00e1 disponible en acceso abierto para su descarga en la Biblioteca Digital (BDigital), del repositorio de la Biblioteca Central de la UNCuyo y en el cat\u00e1logo Edifyl a partir del 10\/12. Para acceder al libro, entr\u00e1 al siguiente link: <a href=\"https:\/\/bdigital.uncu.edu.ar\/21182\">Biblioteca Digital | SID | UNCuyo: Im\u00e1genes y vitivinicultura<\/a><\/p>\n\n\n\n<div style=\"height:33px\" aria-hidden=\"true\" class=\"wp-block-spacer\"><\/div>\n\n\n<div class=\"wp-block-image\">\n<figure class=\"aligncenter size-large is-resized\"><a href=\"https:\/\/enolife.com.ar\/es\/wp-content\/uploads\/2025\/12\/Tapa-libro-vitivinicultura-1-scaled.png\" data-rel=\"penci-gallery-image-content\" ><img loading=\"lazy\" decoding=\"async\" width=\"1308\" height=\"1635\" src=\"https:\/\/enolife.com.ar\/es\/wp-content\/uploads\/2025\/12\/Tapa-libro-vitivinicultura-1-edited.png\" alt=\"\" class=\"wp-image-171120\" style=\"width:608px;height:auto\" srcset=\"https:\/\/enolife.com.ar\/es\/wp-content\/uploads\/2025\/12\/Tapa-libro-vitivinicultura-1-edited.png 1308w, https:\/\/enolife.com.ar\/es\/wp-content\/uploads\/2025\/12\/Tapa-libro-vitivinicultura-1-edited-240x300.png 240w, https:\/\/enolife.com.ar\/es\/wp-content\/uploads\/2025\/12\/Tapa-libro-vitivinicultura-1-edited-819x1024.png 819w, https:\/\/enolife.com.ar\/es\/wp-content\/uploads\/2025\/12\/Tapa-libro-vitivinicultura-1-edited-768x960.png 768w, https:\/\/enolife.com.ar\/es\/wp-content\/uploads\/2025\/12\/Tapa-libro-vitivinicultura-1-edited-1229x1536.png 1229w, https:\/\/enolife.com.ar\/es\/wp-content\/uploads\/2025\/12\/Tapa-libro-vitivinicultura-1-edited-1170x1463.png 1170w, https:\/\/enolife.com.ar\/es\/wp-content\/uploads\/2025\/12\/Tapa-libro-vitivinicultura-1-edited-585x731.png 585w\" sizes=\"auto, (max-width: 1308px) 100vw, 1308px\" \/><\/a><\/figure><\/div>\n\n\n<div style=\"height:43px\" aria-hidden=\"true\" class=\"wp-block-spacer\"><\/div>\n\n\n\n<p>El libro <strong>\u00abIm\u00e1genes y vitivinicultura: cartograf\u00edas, narrativas y cultura visual de la vid y el vino de Mendoza (1900-1930, Argentina)\u00bb<\/strong> es un aporte a la historia de la vitivinicultura, que recupera un gran conjunto de im\u00e1genes, que difunden y ponen el valor el acervo patrimonial mendocino de car\u00e1cter ic\u00f3nico.<\/p>\n\n\n\n<p>A trav\u00e9s de sus cap\u00edtulos, sus autores analizan a partir de <strong>im\u00e1genes in\u00e9ditas<\/strong> un per\u00edodo sumamente relevante para la historia mendocina: las primeras tres d\u00e9cadas del siglo XX, per\u00edodo en el cual se produce un desarrollo excepcional de la vitivinicultura, coincidente con el auge de la cultura gr\u00e1fica.<\/p>\n\n\n\n<div style=\"height:38px\" aria-hidden=\"true\" class=\"wp-block-spacer\"><\/div>\n\n\n<div class=\"wp-block-image\">\n<figure class=\"aligncenter size-large is-resized\"><a href=\"https:\/\/enolife.com.ar\/es\/wp-content\/uploads\/2025\/12\/Vitivinicultura-antigua-e1765199783999.jpg\" data-rel=\"penci-gallery-image-content\" ><img loading=\"lazy\" decoding=\"async\" width=\"1024\" height=\"569\" src=\"https:\/\/enolife.com.ar\/es\/wp-content\/uploads\/2025\/12\/Vitivinicultura-antigua-e1765199783999-1024x569.jpg\" alt=\"\" class=\"wp-image-171109\" style=\"width:696px;height:auto\" srcset=\"https:\/\/enolife.com.ar\/es\/wp-content\/uploads\/2025\/12\/Vitivinicultura-antigua-e1765199783999-1024x569.jpg 1024w, https:\/\/enolife.com.ar\/es\/wp-content\/uploads\/2025\/12\/Vitivinicultura-antigua-e1765199783999-300x167.jpg 300w, https:\/\/enolife.com.ar\/es\/wp-content\/uploads\/2025\/12\/Vitivinicultura-antigua-e1765199783999-768x426.jpg 768w, https:\/\/enolife.com.ar\/es\/wp-content\/uploads\/2025\/12\/Vitivinicultura-antigua-e1765199783999-1536x853.jpg 1536w, https:\/\/enolife.com.ar\/es\/wp-content\/uploads\/2025\/12\/Vitivinicultura-antigua-e1765199783999-2048x1137.jpg 2048w, https:\/\/enolife.com.ar\/es\/wp-content\/uploads\/2025\/12\/Vitivinicultura-antigua-e1765199783999-1170x650.jpg 1170w, https:\/\/enolife.com.ar\/es\/wp-content\/uploads\/2025\/12\/Vitivinicultura-antigua-e1765199783999-585x325.jpg 585w\" sizes=\"auto, (max-width: 1024px) 100vw, 1024px\" \/><\/a><\/figure><\/div>\n\n\n<div style=\"height:34px\" aria-hidden=\"true\" class=\"wp-block-spacer\"><\/div>\n\n\n\n<p>Estas fotograf\u00edas e im\u00e1genes -de diferentes soportes, significados, espacios de circulaci\u00f3n y funciones- forjan una concepci\u00f3n visual identitaria esencial para <strong>Mendoza<\/strong>. Partiendo de im\u00e1genes, se analizan diversos aspectos como las pr\u00e1cticas t\u00e9cnicas relativas al cultivo y los procesos de elaboraci\u00f3n, promoci\u00f3n, comercializaci\u00f3n y legitimaci\u00f3n de los productos, empresarios y trabajadores, entre otros fen\u00f3menos representativos de la \u00e9poca.<\/p>\n\n\n\n<div style=\"height:54px\" aria-hidden=\"true\" class=\"wp-block-spacer\"><\/div>\n","protected":false},"excerpt":{"rendered":"<p>El mi\u00e9rcoles 10\/12\/2025, en la Enoteca -centro tem\u00e1tico del vino en la Capital de Mendoza-&hellip;<\/p>\n","protected":false},"author":2,"featured_media":171115,"comment_status":"closed","ping_status":"open","sticky":false,"template":"","format":"standard","meta":{"footnotes":""},"categories":[47],"tags":[],"class_list":["post-171108","post","type-post","status-publish","format-standard","has-post-thumbnail","hentry","category-agenda"],"_links":{"self":[{"href":"https:\/\/enolife.com.ar\/es\/wp-json\/wp\/v2\/posts\/171108","targetHints":{"allow":["GET"]}}],"collection":[{"href":"https:\/\/enolife.com.ar\/es\/wp-json\/wp\/v2\/posts"}],"about":[{"href":"https:\/\/enolife.com.ar\/es\/wp-json\/wp\/v2\/types\/post"}],"author":[{"embeddable":true,"href":"https:\/\/enolife.com.ar\/es\/wp-json\/wp\/v2\/users\/2"}],"replies":[{"embeddable":true,"href":"https:\/\/enolife.com.ar\/es\/wp-json\/wp\/v2\/comments?post=171108"}],"version-history":[{"count":0,"href":"https:\/\/enolife.com.ar\/es\/wp-json\/wp\/v2\/posts\/171108\/revisions"}],"wp:featuredmedia":[{"embeddable":true,"href":"https:\/\/enolife.com.ar\/es\/wp-json\/wp\/v2\/media\/171115"}],"wp:attachment":[{"href":"https:\/\/enolife.com.ar\/es\/wp-json\/wp\/v2\/media?parent=171108"}],"wp:term":[{"taxonomy":"category","embeddable":true,"href":"https:\/\/enolife.com.ar\/es\/wp-json\/wp\/v2\/categories?post=171108"},{"taxonomy":"post_tag","embeddable":true,"href":"https:\/\/enolife.com.ar\/es\/wp-json\/wp\/v2\/tags?post=171108"}],"curies":[{"name":"wp","href":"https:\/\/api.w.org\/{rel}","templated":true}]}}