{"id":171101,"date":"2025-12-06T22:10:06","date_gmt":"2025-12-06T22:10:06","guid":{"rendered":"https:\/\/enolife.com.ar\/es\/?p=171101"},"modified":"2025-12-08T22:41:24","modified_gmt":"2025-12-08T22:41:24","slug":"vino-musica-y-gastronomia-en-el-terroir-del-bonarda-para-festejar-los-209-anos-de-san-martin","status":"publish","type":"post","link":"https:\/\/enolife.com.ar\/es\/vino-musica-y-gastronomia-en-el-terroir-del-bonarda-para-festejar-los-209-anos-de-san-martin\/","title":{"rendered":"Vino, m\u00fasica y gastronom\u00eda en el terroir del Bonarda para festejar los 209 a\u00f1os de San Mart\u00edn"},"content":{"rendered":"\n<h4 class=\"wp-block-heading\"><em><strong>El departamento de Mendoza que ostenta el nombre del Libertador de Am\u00e9rica celebrar\u00e1 el 20\/12\/25 un nuevo aniversario con la 4\u00aa edici\u00f3n del encuentro \u00abPaseo del Vino en Tierras del Bonarda\u00bb. Unas 30 bodegas con 130 distintas etiquetas, m\u00fasica en vivo y propuestas gastron\u00f3micas formar\u00e1n parte de una noche que destaca la identidad vitivin\u00edcola y cultural del Este mendocino.<\/strong><\/em><\/h4>\n\n\n\n<div style=\"height:32px\" aria-hidden=\"true\" class=\"wp-block-spacer\"><\/div>\n\n\n<a href=\"https:\/\/www.instagram.com\/chirca.arg\/\" aria-label=\"Banner Chirca Enolife 1700 x 500\"><img loading=\"lazy\" decoding=\"async\" src=\"https:\/\/enolife.com.ar\/es\/wp-content\/uploads\/2025\/03\/Banner-Chirca-Enolife-1700-x-500-1.gif\" alt=\"\"  width=\"568\" height=\"168\"   \/><\/a>\n\n\n<div style=\"height:41px\" aria-hidden=\"true\" class=\"wp-block-spacer\"><\/div>\n\n\n\n<p>El departamento de <strong>General San Mart\u00edn <\/strong>cumplir\u00e1 209 a\u00f1os y lo festejar\u00e1 con uno de sus eventos m\u00e1s representativos: la 4\u00aa edici\u00f3n del <strong>Paseo del Vino en Tierras del Bonarda<\/strong>, una actividad que se consolida como uno de los encuentros ecotur\u00edsticos m\u00e1s convocantes de la regi\u00f3n del Este. <strong>La celebraci\u00f3n se realizar\u00e1 el s\u00e1bado 20 de diciembre, de 20 a 2<\/strong> hs, en el tradicional Paseo de la Patria de esta pujante ciudad mendocina.<\/p>\n\n\n\n<p>La propuesta, que <strong>combina vino, m\u00fasica y gastronom\u00eda<\/strong>, busca acercar el universo vitivin\u00edcola a vecinos y turistas, al tiempo que fortalece el circuito comercial para bodegas locales. <\/p>\n\n\n\n<p>La coordinadora del evento, <strong>Ana Mart\u00ednez<\/strong>, destac\u00f3 que la iniciativa tiene como objetivo <em>\u201cacercar el vino a la ciudadan\u00eda, expandir horizontes y, al mismo tiempo, cerrar el c\u00edrculo comercial permitiendo a las bodegas vender sus productos y a los visitantes adquirir vinos de calidad a precios promocionales y accesibles\u201d.<\/em><\/p>\n\n\n\n<p>La degustaci\u00f3n reunir\u00e1 a unas 30 bodegas y alrededor de 130 etiquetas, incluyendo tambi\u00e9n vermuter\u00edas y productores locales. Los asistentes podr\u00e1n acceder a la <strong>copa oficial de Plan Bonarda<\/strong>, que incluye tres degustaciones para iniciar el recorrido. Adem\u00e1s, habr\u00e1 espacios gastron\u00f3micos, stands de <em>delicatessen<\/em> como<strong> chocolates y productos picantes<\/strong>, venta directa de vinos a precios especiales y un ambiente festivo pensado para disfrutar en comunidad.<\/p>\n\n\n\n<div style=\"height:33px\" aria-hidden=\"true\" class=\"wp-block-spacer\"><\/div>\n\n\n<div class=\"wp-block-image\">\n<figure class=\"aligncenter is-resized\"><a href=\"https:\/\/www.mendovoz.com\/u\/fotografias\/fotosnoticias\/2025\/12\/5\/242012.jpeg\" data-rel=\"penci-gallery-image-content\" ><img decoding=\"async\" src=\"https:\/\/www.mendovoz.com\/u\/fotografias\/m\/2025\/12\/5\/f685x385-242012_279705_4660.jpeg\" alt=\"San Mart\u00edn celebra su aniversario con la 4\u00aa edici\u00f3n del Paseo del Vino en Tierras del Bonarda\" style=\"width:707px;height:auto\"\/><\/a><\/figure><\/div>\n\n\n<div style=\"height:36px\" aria-hidden=\"true\" class=\"wp-block-spacer\"><\/div>\n\n\n\n<p>La m\u00fasica ser\u00e1 otro de los ejes de la noche: actuar\u00e1 la Orquesta de la Escuela Municipal General San Mart\u00edn, acompa\u00f1ada por un DJ set que animar\u00e1 toda la jornada. <\/p>\n\n\n\n<p><strong>El evento ser\u00e1 gratuito y abierto al p\u00fablico<\/strong>, reafirmando su car\u00e1cter participativo e inclusivo.<\/p>\n\n\n\n<p class=\"has-light-green-cyan-background-color has-background\">Entre las bodegas confirmadas se encuentran Familia Morcos, El Sue\u00f1o Vineyard, Nieto Senetiner, Finca Savina, Zamora Wines, Los Haroldos, La A\u00f1orada, Crotta, Sangre Italiana, Antonietti, Lucero Corzo, Guaiteca, Familia Garavaglia, Absuelto Wines, Don Richard, Imberti Wines, Betsabe Wines, Familia Palma, Cava Gentile, Vinos Pirincho, Territorio Trilla, Casa Roza, Orfila, Quinta Navarro, Onofri Wines, Chequepe, Bodega y Vermuter\u00eda Galigniana, Destiler\u00eda Caesar, Por Amor Licores, B y B Vinotecas y Canillas N\u00f3mades.<\/p>\n\n\n\n<div style=\"height:41px\" aria-hidden=\"true\" class=\"wp-block-spacer\"><\/div>\n\n\n<div class=\"wp-block-image\">\n<figure class=\"aligncenter is-resized\"><img decoding=\"async\" src=\"https:\/\/www.mendovoz.com\/u\/fotografias\/m\/2025\/12\/5\/f768x1-242013_242140_5050.jpeg\" alt=\"\" style=\"width:738px;height:auto\"\/><\/figure><\/div>\n\n\n<div style=\"height:40px\" aria-hidden=\"true\" class=\"wp-block-spacer\"><\/div>\n\n\n\n<p>El Paseo del Vino integra una semana completa de actividades que el Municipio prepar\u00f3 para celebrar el aniversario del departamento. <strong>La agenda incluye acciones culturales, recreativas y ecotur\u00edsticas que buscan homenajear el legado hist\u00f3rico de San Mart\u00edn y Luzuriaga<\/strong>, al tiempo que destacan el trabajo, la producci\u00f3n y la identidad vitivin\u00edcola que caracteriza al distrito de Los Barriales y a toda la regi\u00f3n.<\/p>\n\n\n\n<div style=\"height:25px\" aria-hidden=\"true\" class=\"wp-block-spacer\"><\/div>\n\n\n\n<p class=\"has-small-font-size\"><em><strong>Fuentes: Mendovoz y Municipalidad de San Mart\u00edn<\/strong><\/em><\/p>\n\n\n\n<div style=\"height:42px\" aria-hidden=\"true\" class=\"wp-block-spacer\"><\/div>\n","protected":false},"excerpt":{"rendered":"<p>El departamento de Mendoza que ostenta el nombre del Libertador de Am\u00e9rica celebrar\u00e1 el 20\/12\/25&hellip;<\/p>\n","protected":false},"author":2,"featured_media":171103,"comment_status":"closed","ping_status":"open","sticky":false,"template":"","format":"standard","meta":{"footnotes":""},"categories":[47],"tags":[],"class_list":["post-171101","post","type-post","status-publish","format-standard","has-post-thumbnail","hentry","category-agenda"],"_links":{"self":[{"href":"https:\/\/enolife.com.ar\/es\/wp-json\/wp\/v2\/posts\/171101","targetHints":{"allow":["GET"]}}],"collection":[{"href":"https:\/\/enolife.com.ar\/es\/wp-json\/wp\/v2\/posts"}],"about":[{"href":"https:\/\/enolife.com.ar\/es\/wp-json\/wp\/v2\/types\/post"}],"author":[{"embeddable":true,"href":"https:\/\/enolife.com.ar\/es\/wp-json\/wp\/v2\/users\/2"}],"replies":[{"embeddable":true,"href":"https:\/\/enolife.com.ar\/es\/wp-json\/wp\/v2\/comments?post=171101"}],"version-history":[{"count":0,"href":"https:\/\/enolife.com.ar\/es\/wp-json\/wp\/v2\/posts\/171101\/revisions"}],"wp:featuredmedia":[{"embeddable":true,"href":"https:\/\/enolife.com.ar\/es\/wp-json\/wp\/v2\/media\/171103"}],"wp:attachment":[{"href":"https:\/\/enolife.com.ar\/es\/wp-json\/wp\/v2\/media?parent=171101"}],"wp:term":[{"taxonomy":"category","embeddable":true,"href":"https:\/\/enolife.com.ar\/es\/wp-json\/wp\/v2\/categories?post=171101"},{"taxonomy":"post_tag","embeddable":true,"href":"https:\/\/enolife.com.ar\/es\/wp-json\/wp\/v2\/tags?post=171101"}],"curies":[{"name":"wp","href":"https:\/\/api.w.org\/{rel}","templated":true}]}}