{"id":171026,"date":"2025-12-05T13:56:14","date_gmt":"2025-12-05T13:56:14","guid":{"rendered":"https:\/\/enolife.com.ar\/es\/?p=171026"},"modified":"2025-12-10T15:18:11","modified_gmt":"2025-12-10T15:18:11","slug":"la-reina-madre-de-tunuyan-sera-indemnizada-con-12-000-000-por-discriminacion","status":"publish","type":"post","link":"https:\/\/enolife.com.ar\/es\/la-reina-madre-de-tunuyan-sera-indemnizada-con-12-000-000-por-discriminacion\/","title":{"rendered":"La reina madre de Tunuy\u00e1n ser\u00e1 indemnizada con $12.000.000 por discriminaci\u00f3n"},"content":{"rendered":"\n<h4 class=\"wp-block-heading\"><em><strong>En un fallo in\u00e9dito y que sienta precedente, la Justicia civil de Mendoza orden\u00f3 que el ex intendente de Tunuy\u00e1n y actual diputado nacional peronista Mart\u00edn Aveiro, en conjunto con la propia comuna del Valle de Uco, indemnicen a la ex reina de la Vendimia de Campo de los Andes, Yamila Escudero, quien fue discriminada en 2014 cuando le negaron la posibilidad de participar de una fiesta distrital por estar embarazada<\/strong><\/em><strong><em>.<\/em><\/strong><\/h4>\n\n\n\n<div style=\"height:39px\" aria-hidden=\"true\" class=\"wp-block-spacer\"><\/div>\n\n\n<a href=\"https:\/\/enolife.com.ar\/es\/category\/vino\/\" aria-label=\"banner-el-vino-las-une\"><img loading=\"lazy\" decoding=\"async\" src=\"https:\/\/enolife.com.ar\/es\/wp-content\/uploads\/2021\/12\/banner-el-vino-las-une.gif\" alt=\"\"  width=\"1700\" height=\"500\"   \/><\/a>\n\n\n<div style=\"height:34px\" aria-hidden=\"true\" class=\"wp-block-spacer\"><\/div>\n\n\n\n<p>Tras un juicio que dur\u00f3 10 a\u00f1os, <strong>Yamila Estefan\u00eda Escudero<\/strong>, la ex reina vendimial del distrito <strong>Campo de los Andes, Tunuy\u00e1n<\/strong>, fue beneficiada con un fallo hist\u00f3rico que le otorga una millonaria indemnizaci\u00f3n<strong> -$8.000.000 m\u00e1s intereses- <\/strong>y reconoce que le inflingieron da\u00f1o moral, a la par que exige la modificaci\u00f3n de reglamentos discriminatorios para postularse a <strong>Reina de la Vendimia en Mendoza.<\/strong> <\/p>\n\n\n\n<p>Este fallo afirma que <strong>excluir a una reina por embarazo es violencia institucional y discriminaci\u00f3n<\/strong>, como fue el caso de Yamila, que&nbsp;fue apartada de su rol de reina distrital por estar embarazada de 8 meses, lo que deriv\u00f3 en el juicio.<\/p>\n\n\n\n<p>En 2014 Yamila, con <strong>18 a\u00f1os<\/strong>, estaba en el octavo mes de gestaci\u00f3n cuando fue marginada de la fiesta distrital de <strong>Campo Los Andes<\/strong>, en la que hab\u00eda sido coronada reina el a\u00f1o anterior. Adem\u00e1s de la indemnizaci\u00f3n por da\u00f1o moral, que deber\u00e1n asumir el ex intendente <strong>Mart\u00edn Aveiro<\/strong> y el municipio de Tunuy\u00e1n, el juez orden\u00f3 eliminar del reglamento vendimial el requisito de ser soltera, sin conviviente y sin hijos. El fallo del Tercer Tribunal de Gesti\u00f3n Asociada estableci\u00f3 que <strong>Yamila <\/strong>deber\u00e1 recibir &#8211;<strong>por da\u00f1o moral- la suma de $8.000.000<\/strong>, cifra que con intereses por el tiempo transcurrido desde el hecho a la salida del fallo se transformar\u00e1 en <strong>m\u00e1s de $12 millones.<\/strong><\/p>\n\n\n\n<div style=\"height:28px\" aria-hidden=\"true\" class=\"wp-block-spacer\"><\/div>\n\n\n<div class=\"wp-block-image\">\n<figure class=\"aligncenter size-full is-resized\"><a href=\"https:\/\/enolife.com.ar\/es\/wp-content\/uploads\/2025\/12\/Reina-embarazada1.webp\"><img loading=\"lazy\" decoding=\"async\" width=\"624\" height=\"468\" src=\"https:\/\/enolife.com.ar\/es\/wp-content\/uploads\/2025\/12\/Reina-embarazada1.webp\" alt=\"\" class=\"wp-image-171032\" style=\"width:686px;height:auto\" srcset=\"https:\/\/enolife.com.ar\/es\/wp-content\/uploads\/2025\/12\/Reina-embarazada1.webp 624w, https:\/\/enolife.com.ar\/es\/wp-content\/uploads\/2025\/12\/Reina-embarazada1-300x225.webp 300w, https:\/\/enolife.com.ar\/es\/wp-content\/uploads\/2025\/12\/Reina-embarazada1-585x439.webp 585w\" sizes=\"auto, (max-width: 624px) 100vw, 624px\" \/><\/a><figcaption class=\"wp-element-caption\"><em><strong>Yamila Escudero a sus 17 a\u00f1os, cuando fue elegida reina de Campo de los Andes, Tunuy\u00e1n. Un a\u00f1o m\u00e1s tarde le negaron traspasar el cetro a su sucesora por estar embarazada de 8 meses.<\/strong><\/em><\/figcaption><\/figure><\/div>\n\n\n<div style=\"height:26px\" aria-hidden=\"true\" class=\"wp-block-spacer\"><\/div>\n\n\n\n<p>El fallo establece que, al impedirle participar de la fiesta distrital <em>\u201clas autoridades municipales incurrieron en una arbitrariedad meramente f\u00e1ctica, sin sustento en el reglamento\u201d. <\/em>Y agrega:<em> \u00abLa exclusi\u00f3n fue un acto indebidamente discriminatorio e ileg\u00edtimo que no encuadra en ninguna reglamentaci\u00f3n. Entonces las autoridades municipales, discriminaron arbitrariamente a Escudero por su condici\u00f3n de mujer embarazada. Fue ostensiblemente arbitraria e inconstitucional: ninguna restricci\u00f3n exist\u00eda que impidiera a Escudero participar de la fiesta\u201d.<\/em><\/p>\n\n\n\n<p>Finalmente, el juez <strong>Gustavo Boullaude<\/strong> dictamin\u00f3: <em>\u201cLos hechos de Aveiro constituyeron violaciones a la Ley de protecci\u00f3n integral para prevenir, sancionar y erradicar la violencia contra las mujeres\u201d<\/em>.<\/p>\n\n\n\n<div style=\"height:32px\" aria-hidden=\"true\" class=\"wp-block-spacer\"><\/div>\n\n\n\n<p class=\"has-small-font-size\"><em><strong>Fuente: Diario Los Andes<\/strong><\/em><\/p>\n\n\n\n<div style=\"height:32px\" aria-hidden=\"true\" class=\"wp-block-spacer\"><\/div>\n","protected":false},"excerpt":{"rendered":"<p>En un fallo in\u00e9dito y que sienta precedente, la Justicia civil de Mendoza orden\u00f3 que&hellip;<\/p>\n","protected":false},"author":2,"featured_media":171029,"comment_status":"closed","ping_status":"open","sticky":false,"template":"","format":"standard","meta":{"footnotes":""},"categories":[14],"tags":[],"class_list":["post-171026","post","type-post","status-publish","format-standard","has-post-thumbnail","hentry","category-news"],"_links":{"self":[{"href":"https:\/\/enolife.com.ar\/es\/wp-json\/wp\/v2\/posts\/171026","targetHints":{"allow":["GET"]}}],"collection":[{"href":"https:\/\/enolife.com.ar\/es\/wp-json\/wp\/v2\/posts"}],"about":[{"href":"https:\/\/enolife.com.ar\/es\/wp-json\/wp\/v2\/types\/post"}],"author":[{"embeddable":true,"href":"https:\/\/enolife.com.ar\/es\/wp-json\/wp\/v2\/users\/2"}],"replies":[{"embeddable":true,"href":"https:\/\/enolife.com.ar\/es\/wp-json\/wp\/v2\/comments?post=171026"}],"version-history":[{"count":0,"href":"https:\/\/enolife.com.ar\/es\/wp-json\/wp\/v2\/posts\/171026\/revisions"}],"wp:featuredmedia":[{"embeddable":true,"href":"https:\/\/enolife.com.ar\/es\/wp-json\/wp\/v2\/media\/171029"}],"wp:attachment":[{"href":"https:\/\/enolife.com.ar\/es\/wp-json\/wp\/v2\/media?parent=171026"}],"wp:term":[{"taxonomy":"category","embeddable":true,"href":"https:\/\/enolife.com.ar\/es\/wp-json\/wp\/v2\/categories?post=171026"},{"taxonomy":"post_tag","embeddable":true,"href":"https:\/\/enolife.com.ar\/es\/wp-json\/wp\/v2\/tags?post=171026"}],"curies":[{"name":"wp","href":"https:\/\/api.w.org\/{rel}","templated":true}]}}