{"id":171017,"date":"2025-12-04T23:48:00","date_gmt":"2025-12-04T23:48:00","guid":{"rendered":"https:\/\/enolife.com.ar\/es\/?p=171017"},"modified":"2025-12-05T13:55:05","modified_gmt":"2025-12-05T13:55:05","slug":"ya-se-conocieron-las-fechas-de-17-vendimias-departamentales-y-de-la-fiesta-de-la-cosecha","status":"publish","type":"post","link":"https:\/\/enolife.com.ar\/es\/ya-se-conocieron-las-fechas-de-17-vendimias-departamentales-y-de-la-fiesta-de-la-cosecha\/","title":{"rendered":"Ya se conocieron las fechas de 17 Vendimias departamentales y de la Fiesta de la Cosecha"},"content":{"rendered":"\n<h4 class=\"wp-block-heading\"><em><strong>El gobierno de Mendoza comunic\u00f3 el calendario oficial de las fiestas departamentales restantes -ya se realiz\u00f3 la de San Carlos el 14\/11-, as\u00ed como las fechas de la Bendici\u00f3n de los Frutos, la Fiesta de la Cosecha y otros festivales y actividades asociadas como el carnaval y el Wine Rock. Conoc\u00e9 la grilla completa.<\/strong><\/em><\/h4>\n\n\n\n<div style=\"height:31px\" aria-hidden=\"true\" class=\"wp-block-spacer\"><\/div>\n\n\n<a href=\"https:\/\/estanciamendoza.com.ar\/es\/\" aria-label=\"Copia de BEM &#8211; Banner adaptaciones diario digital_BEM &#8211; Banner Enolife &#8211; 1700&#215;500\"><img loading=\"lazy\" decoding=\"async\" src=\"https:\/\/enolife.com.ar\/es\/wp-content\/uploads\/2019\/07\/Copia-de-BEM-Banner-adaptaciones-diario-digital_BEM-Banner-Enolife-1700x500-1.jpg\" alt=\"\"  srcset=\"https:\/\/enolife.com.ar\/es\/wp-content\/uploads\/2019\/07\/Copia-de-BEM-Banner-adaptaciones-diario-digital_BEM-Banner-Enolife-1700x500-1.jpg 1700w, https:\/\/enolife.com.ar\/es\/wp-content\/uploads\/2019\/07\/Copia-de-BEM-Banner-adaptaciones-diario-digital_BEM-Banner-Enolife-1700x500-1-300x88.jpg 300w, https:\/\/enolife.com.ar\/es\/wp-content\/uploads\/2019\/07\/Copia-de-BEM-Banner-adaptaciones-diario-digital_BEM-Banner-Enolife-1700x500-1-1024x301.jpg 1024w, https:\/\/enolife.com.ar\/es\/wp-content\/uploads\/2019\/07\/Copia-de-BEM-Banner-adaptaciones-diario-digital_BEM-Banner-Enolife-1700x500-1-768x226.jpg 768w, https:\/\/enolife.com.ar\/es\/wp-content\/uploads\/2019\/07\/Copia-de-BEM-Banner-adaptaciones-diario-digital_BEM-Banner-Enolife-1700x500-1-1536x452.jpg 1536w, https:\/\/enolife.com.ar\/es\/wp-content\/uploads\/2019\/07\/Copia-de-BEM-Banner-adaptaciones-diario-digital_BEM-Banner-Enolife-1700x500-1-1170x344.jpg 1170w, https:\/\/enolife.com.ar\/es\/wp-content\/uploads\/2019\/07\/Copia-de-BEM-Banner-adaptaciones-diario-digital_BEM-Banner-Enolife-1700x500-1-585x172.jpg 585w\" sizes=\"auto, (max-width: 1700px) 100vw, 1700px\" width=\"1700\" height=\"500\"   \/><\/a>\n\n\n<div style=\"height:36px\" aria-hidden=\"true\" class=\"wp-block-spacer\"><\/div>\n\n\n\n<p>El ministro de Educaci\u00f3n y Cultura de Mendoza, <strong>Tadeo Garc\u00eda Zalazar<\/strong>, junto al subsecretario de Cultura, <strong>Diego Gareca<\/strong>, y a otros funcionarios e intendentes de la provincia, dieron detalles de las actividades relacionadas a la Fiesta Nacional de la Vendimia 2026.<\/p>\n\n\n\n<p>Durante la presentaci\u00f3n se dio a conocer el cronograma completo de actividades oficiales organizadas y promocionadas por el gobierno de Mendoza, que incluye el <strong>Acto Central <\/strong>de la Fiesta Nacional de la Vendimia 2026, denominada \u00ab90 cosechas de una misma cepa\u00bb y dirigida por<em> P<\/em>ablo Perri. La Fiesta se desarrollar\u00e1 en el Teatro Griego Frank Romero Day el s\u00e1bado 7 de marzo, y la repetici\u00f3n, el domingo 8 de marzo.<\/p>\n\n\n\n<p>Garc\u00eda Zalazar puntualiz\u00f3: <em>\u201cEste calendario, que es virtuoso, no s\u00f3lo impacta positivamente en la cultura de Mendoza, sino tambi\u00e9n en la econom\u00eda, lo que muchos llaman econom\u00eda del conocimiento o econom\u00eda naranja. En Mendoza hay un mont\u00f3n de industrias vinculadas, no s\u00f3lo la industria madre del vino. Queremos que todo ese potencial se muestre en este calendario\u201d.<\/em><\/p>\n\n\n\n<p>Por su parte, Gareca anunci\u00f3 que <em>\u201cel calendario de la Fiesta Nacional de la Vendimia ya est\u00e1 disponible y hoy queremos confirmar algunas de sus instancias m\u00e1s importantes. En esta edici\u00f3n, en la que celebramos los 90 a\u00f1os de una de las fiestas m\u00e1s emblem\u00e1ticas de la Argentina, anunciamos que la Bendici\u00f3n de los Frutos se realizar\u00e1 en el departamento de Lavalle, en l\u00ednea con nuestro compromiso de federalizar cada vez m\u00e1s las actividades vendimiales. Lo mismo ocurrir\u00e1 con el Paseo Federal, que tambi\u00e9n tendr\u00e1 lugar en ese departamento\u201d.<\/em><\/p>\n\n\n\n<p>Por su parte, el intendente de Lavalle, <strong>Edgardo Gonz\u00e1lez<\/strong>, dijo que <em>\u201cpara Lavalle es un hecho hist\u00f3rico: por primera vez nuestro departamento ser\u00e1 sede de dos instancias fundamentales del calendario vendimial, la Vendimia Federal y la Bendici\u00f3n de los Frutos. Es una inmensa alegr\u00eda poder mostrar nuestra identidad, nuestra gente y nuestros paisajes, y recibir a todos con el esp\u00edritu anfitri\u00f3n que nos caracteriza\u201d.<\/em><\/p>\n\n\n\n<div style=\"height:33px\" aria-hidden=\"true\" class=\"wp-block-spacer\"><\/div>\n\n\n<div class=\"wp-block-image\">\n<figure class=\"aligncenter is-resized\"><img decoding=\"async\" src=\"https:\/\/mza-dicaws-portal-uploads-media-prod.s3.amazonaws.com\/prensa\/uploads\/2025\/12\/LA7_0640-scaled.jpg\" alt=\"\" class=\"wp-image-515032\" style=\"width:678px;height:auto\" title=\"LA7_0640\"\/><figcaption class=\"wp-element-caption\"><em><strong>Los funcionarios provinciales durante el anuncio.<\/strong><\/em><\/figcaption><\/figure><\/div>\n\n\n<div style=\"height:28px\" aria-hidden=\"true\" class=\"wp-block-spacer\"><\/div>\n\n\n\n<p class=\"has-cyan-bluish-gray-background-color has-background has-medium-font-size\"><strong>El Calendario vendimial 2026 completo<\/strong><\/p>\n\n\n\n<div style=\"height:23px\" aria-hidden=\"true\" class=\"wp-block-spacer\"><\/div>\n\n\n\n<ul class=\"wp-block-list\">\n<li><strong>Diciembre<\/strong><\/li>\n\n\n\n<li>Viernes 19 de diciembre: Vendimia de Guaymall\u00e9n<\/li>\n\n\n\n<li>S\u00e1bado 20 de diciembre: Vendimia de Luj\u00e1n de Cuyo<\/li>\n\n\n\n<li>Domingo 21 de diciembre: Vendimia de San Mart\u00edn<br><\/li>\n\n\n\n<li><strong>Enero<\/strong><\/li>\n\n\n\n<li>Mi\u00e9rcoles 7 de enero: Vendimia de Malarg\u00fce<\/li>\n\n\n\n<li>S\u00e1bado 17 de enero: Vendimia de Jun\u00edn<\/li>\n\n\n\n<li>S\u00e1bado 24 de enero: Vendimia de San Rafael<\/li>\n\n\n\n<li>Jueves 29 de enero: Vendimia de Rivadavia<\/li>\n\n\n\n<li>Viernes 30 de enero: Vendimia de Las Heras<\/li>\n\n\n\n<li>Viernes 30 de enero: Vendimia de Tunuy\u00e1n<\/li>\n\n\n\n<li>S\u00e1bado 31 de enero: Vendimia de General Alvear<\/li>\n\n\n\n<li>S\u00e1bado 31 de enero: Vendimia de Maip\u00fa<br><\/li>\n\n\n\n<li><strong>Febrero<\/strong><\/li>\n\n\n\n<li>Mi\u00e9rcoles 4 de febrero: Emprendoteca de Industrias Creativas<\/li>\n\n\n\n<li>Jueves 5 de febrero: Vendimia de La Paz<\/li>\n\n\n\n<li>Viernes 6 de febrero: Vendimia de Ciudad de Mendoza<\/li>\n\n\n\n<li>S\u00e1bado 7 de febrero: Vendimia de Tupungato<\/li>\n\n\n\n<li>Mi\u00e9rcoles 11 de febrero: Emprendoteca de Industrias Creativas<\/li>\n\n\n\n<li>Viernes 13 de febrero: Vendimia de Santa Rosa<\/li>\n\n\n\n<li>S\u00e1bado 14 de febrero: Vendimia de Godoy Cruz<\/li>\n\n\n\n<li>Lunes 16 de febrero: Carnaval Provincial en General Alvear<\/li>\n\n\n\n<li>Lunes 16 de febrero: Carnaval en el Le Parc<\/li>\n\n\n\n<li>Martes 17 de febrero: Carnaval en el Le Parc<\/li>\n\n\n\n<li>Mi\u00e9rcoles 18 de febrero: Emprendoteca de Industrias Creativas<\/li>\n\n\n\n<li>Viernes 20 de febrero: Cuyanazo<\/li>\n\n\n\n<li>S\u00e1bado 21 de febrero: Vendimia de Lavalle<\/li>\n\n\n\n<li>S\u00e1bado 21 de febrero: Mercado cultural en el Le Parc<\/li>\n\n\n\n<li>Domingo 22 de febrero: Mercado Cultural en el Le Parc<\/li>\n\n\n\n<li>Lunes 23 de febrero: Paseo Federal en Lavalle<\/li>\n\n\n\n<li>Martes 24 de febrero: Paseo Federal en Lavalle<\/li>\n\n\n\n<li>Mi\u00e9rcoles 25 de febrero: Paseo Federal en Lavalle<\/li>\n\n\n\n<li>Jueves 26 de febrero: ensayo general de Bendici\u00f3n de los Frutos<\/li>\n\n\n\n<li>Viernes 27 de febrero: entrada al hotel de las Reinas departamentales<\/li>\n\n\n\n<li>Viernes 27 de febrero: Bendici\u00f3n de los Frutos<\/li>\n\n\n\n<li>S\u00e1bado 28 de febrero: Dionisias Wine Fair<br><\/li>\n\n\n\n<li><strong>Marzo<\/strong><\/li>\n\n\n\n<li>Martes 3 de marzo: Brindis de las Reinas en General San Mart\u00edn<\/li>\n\n\n\n<li>Mi\u00e9rcoles 4 de marzo: Fiesta de la Cosecha en el Aeropuerto<\/li>\n\n\n\n<li>Jueves 5 de marzo: Homenaje a los vi\u00f1ateros en el Teatro Griego<\/li>\n\n\n\n<li>Viernes 6 de marzo: Desayuno real<\/li>\n\n\n\n<li>Viernes 6 de marzo: V\u00eda Blanca de las Reinas<\/li>\n\n\n\n<li>S\u00e1bado 7 de marzo: Carrusel<\/li>\n\n\n\n<li>S\u00e1bado 7 de marzo: Acto central<\/li>\n\n\n\n<li>Domingo 8 de marzo: repetici\u00f3n Acto Central<\/li>\n\n\n\n<li>Martes 17 de marzo: inauguraci\u00f3n de la muestra de Bio Futuro por los 90 a\u00f1os en el ECA<\/li>\n\n\n\n<li>S\u00e1bado 21 de marzo: Fiesta provincial del Canto y la Melesca en Jun\u00edn<\/li>\n\n\n\n<li>S\u00e1bado 28 de marzo: Wine rock<\/li>\n<\/ul>\n\n\n\n<div style=\"height:25px\" aria-hidden=\"true\" class=\"wp-block-spacer\"><\/div>\n\n\n\n<figure class=\"wp-block-image size-large\"><a href=\"https:\/\/enolife.com.ar\/es\/wp-content\/uploads\/2021\/09\/Fiesta-Nacional-de-la-Vendimia000.jpg\" data-rel=\"penci-gallery-image-content\" ><img loading=\"lazy\" decoding=\"async\" width=\"1024\" height=\"440\" src=\"https:\/\/enolife.com.ar\/es\/wp-content\/uploads\/2021\/09\/Fiesta-Nacional-de-la-Vendimia000-1024x440.jpg\" alt=\"\" class=\"wp-image-45135\" srcset=\"https:\/\/enolife.com.ar\/es\/wp-content\/uploads\/2021\/09\/Fiesta-Nacional-de-la-Vendimia000-1024x440.jpg 1024w, https:\/\/enolife.com.ar\/es\/wp-content\/uploads\/2021\/09\/Fiesta-Nacional-de-la-Vendimia000-300x129.jpg 300w, https:\/\/enolife.com.ar\/es\/wp-content\/uploads\/2021\/09\/Fiesta-Nacional-de-la-Vendimia000-768x330.jpg 768w, https:\/\/enolife.com.ar\/es\/wp-content\/uploads\/2021\/09\/Fiesta-Nacional-de-la-Vendimia000-1170x503.jpg 1170w, https:\/\/enolife.com.ar\/es\/wp-content\/uploads\/2021\/09\/Fiesta-Nacional-de-la-Vendimia000-585x251.jpg 585w, https:\/\/enolife.com.ar\/es\/wp-content\/uploads\/2021\/09\/Fiesta-Nacional-de-la-Vendimia000.jpg 1280w\" sizes=\"auto, (max-width: 1024px) 100vw, 1024px\" \/><\/a><\/figure>\n\n\n\n<div style=\"height:29px\" aria-hidden=\"true\" class=\"wp-block-spacer\"><\/div>\n\n\n\n<p class=\"has-medium-font-size\"><strong>El sitio oficial de Vendimia ya se encuentra disponible<\/strong><\/p>\n\n\n\n<p>En el marco de las acciones por los 90 a\u00f1os de la Fiesta Nacional de la Vendimia, la Subsecretar\u00eda de Cultura present\u00f3 el nuevo sitio&nbsp;web<em>&nbsp;<\/em>oficial de Vendimia, un espacio digital que re\u00fane, por primera vez, informaci\u00f3n hist\u00f3rica, contenidos exclusivos y las novedades de esta edici\u00f3n tan especial.<\/p>\n\n\n\n<p>El sitio propone un recorrido por&nbsp;la fiesta denominada \u00ab90 cosechas de una misma cepa\u00bb<em>,&nbsp;<\/em>concepto que gu\u00eda la identidad de esta Vendimia aniversario, e incluye el sistema gr\u00e1fico, entrevistas a quienes estar\u00e1n a cargo de la organizaci\u00f3n y direcci\u00f3n de la celebraci\u00f3n, as\u00ed como un repaso por los hitos que han marcado la fiesta m\u00e1s representativa de los mendocinos a lo largo de nueve d\u00e9cadas.<\/p>\n\n\n\n<p>Adem\u00e1s, la&nbsp;web<em>&nbsp;<\/em>es una herramienta \u00fatil para el p\u00fablico local y los turistas, ya que permite consultar de manera \u00e1gil el calendario actualizado con las fechas de festivales, Vendimias departamentales y actos oficiales. Tambi\u00e9n ofrece secciones dedicadas a la historia de las reinas, noticias, archivos, entrevistas y una amplia variedad de contenidos que profundizan en la construcci\u00f3n cultural de la fiesta.<\/p>\n\n\n\n<p>La Fiesta Nacional de la Vendimia cumple 9 d\u00e9cadas, pero contin\u00faa transform\u00e1ndose y adapt\u00e1ndose a los nuevos contextos. En este sentido, la creaci\u00f3n del sitio busca revalorizar su historia, mantenerla viva y ofrecer un espacio de consulta con informaci\u00f3n oficial, capaz de integrar distintos formatos como texto, audio, video y otros recursos digitales, en sinton\u00eda con los usos actuales de internet.<\/p>\n\n\n\n<div style=\"height:30px\" aria-hidden=\"true\" class=\"wp-block-spacer\"><\/div>\n\n\n\n<p class=\"has-cyan-bluish-gray-background-color has-background\"><strong>Para conocer m\u00e1s sobre los 90 a\u00f1os de la Fiesta Nacional de la Vendimia, los interesados pueden ingresar en&nbsp;<a href=\"http:\/\/www.mendoza.gob.ar\/vendimia\" target=\"_blank\" rel=\"noreferrer noopener\">www.mendoza.gob.ar\/vendimia<\/a><\/strong><\/p>\n\n\n\n<div style=\"height:32px\" aria-hidden=\"true\" class=\"wp-block-spacer\"><\/div>\n","protected":false},"excerpt":{"rendered":"<p>El gobierno de Mendoza comunic\u00f3 el calendario oficial de las fiestas departamentales restantes -ya se&hellip;<\/p>\n","protected":false},"author":2,"featured_media":171018,"comment_status":"closed","ping_status":"open","sticky":false,"template":"","format":"standard","meta":{"footnotes":""},"categories":[47],"tags":[],"class_list":["post-171017","post","type-post","status-publish","format-standard","has-post-thumbnail","hentry","category-agenda"],"_links":{"self":[{"href":"https:\/\/enolife.com.ar\/es\/wp-json\/wp\/v2\/posts\/171017","targetHints":{"allow":["GET"]}}],"collection":[{"href":"https:\/\/enolife.com.ar\/es\/wp-json\/wp\/v2\/posts"}],"about":[{"href":"https:\/\/enolife.com.ar\/es\/wp-json\/wp\/v2\/types\/post"}],"author":[{"embeddable":true,"href":"https:\/\/enolife.com.ar\/es\/wp-json\/wp\/v2\/users\/2"}],"replies":[{"embeddable":true,"href":"https:\/\/enolife.com.ar\/es\/wp-json\/wp\/v2\/comments?post=171017"}],"version-history":[{"count":0,"href":"https:\/\/enolife.com.ar\/es\/wp-json\/wp\/v2\/posts\/171017\/revisions"}],"wp:featuredmedia":[{"embeddable":true,"href":"https:\/\/enolife.com.ar\/es\/wp-json\/wp\/v2\/media\/171018"}],"wp:attachment":[{"href":"https:\/\/enolife.com.ar\/es\/wp-json\/wp\/v2\/media?parent=171017"}],"wp:term":[{"taxonomy":"category","embeddable":true,"href":"https:\/\/enolife.com.ar\/es\/wp-json\/wp\/v2\/categories?post=171017"},{"taxonomy":"post_tag","embeddable":true,"href":"https:\/\/enolife.com.ar\/es\/wp-json\/wp\/v2\/tags?post=171017"}],"curies":[{"name":"wp","href":"https:\/\/api.w.org\/{rel}","templated":true}]}}