{"id":170992,"date":"2025-12-04T14:13:09","date_gmt":"2025-12-04T14:13:09","guid":{"rendered":"https:\/\/enolife.com.ar\/es\/?p=170992"},"modified":"2025-12-06T22:09:48","modified_gmt":"2025-12-06T22:09:48","slug":"paritaria-reabierta-contratistas-de-vina-piden-60-000-por-ha-y-les-ofrecen-32-000-mas-un-bono","status":"publish","type":"post","link":"https:\/\/enolife.com.ar\/es\/paritaria-reabierta-contratistas-de-vina-piden-60-000-por-ha-y-les-ofrecen-32-000-mas-un-bono\/","title":{"rendered":"Paritaria reabierta: contratistas de vi\u00f1a piden $60.000 por ha y les ofrecen $32.000 m\u00e1s un bono"},"content":{"rendered":"\n<h4 class=\"wp-block-heading\"><em><strong>Los trabajadores de Mendoza que tienen a su cargo el cuidado y mantenimiento de los vi\u00f1edos en las fincas siguen en estado de movilizaci\u00f3n en reclamo por un aumento de sueldo. Seg\u00fan denuncian, el ingreso b\u00e1sico promedio de un contratista de vi\u00f1a y frutales ronda los $273.000, a lo que se suma un porcentaje sobre el precio de la uva vendida, que a causa de la crisis del sector tiene un valor igual o menor al de 2024, con lo que apenas pueden llegar a los $500.000 por mes. \u00abLa estamos pasando mal\u00bb, describi\u00f3 el secretario general del Sindicato, Edgardo Lera.<\/strong><\/em>  <\/h4>\n\n\n\n<div style=\"height:37px\" aria-hidden=\"true\" class=\"wp-block-spacer\"><\/div>\n\n\n<a href=\"https:\/\/www.facebook.com\/SindicatoContratitas\/\" aria-label=\"banner contratistas 1700&#215;500\"><img loading=\"lazy\" decoding=\"async\" src=\"https:\/\/enolife.com.ar\/es\/wp-content\/uploads\/2020\/08\/banner-contratistas-1700x500-1.jpg\" alt=\"\"  srcset=\"https:\/\/enolife.com.ar\/es\/wp-content\/uploads\/2020\/08\/banner-contratistas-1700x500-1.jpg 1700w, https:\/\/enolife.com.ar\/es\/wp-content\/uploads\/2020\/08\/banner-contratistas-1700x500-1-300x88.jpg 300w, https:\/\/enolife.com.ar\/es\/wp-content\/uploads\/2020\/08\/banner-contratistas-1700x500-1-1024x301.jpg 1024w, https:\/\/enolife.com.ar\/es\/wp-content\/uploads\/2020\/08\/banner-contratistas-1700x500-1-768x226.jpg 768w, https:\/\/enolife.com.ar\/es\/wp-content\/uploads\/2020\/08\/banner-contratistas-1700x500-1-1536x452.jpg 1536w, https:\/\/enolife.com.ar\/es\/wp-content\/uploads\/2020\/08\/banner-contratistas-1700x500-1-1170x344.jpg 1170w, https:\/\/enolife.com.ar\/es\/wp-content\/uploads\/2020\/08\/banner-contratistas-1700x500-1-585x172.jpg 585w\" sizes=\"auto, (max-width: 1700px) 100vw, 1700px\" width=\"1700\" height=\"500\"   \/><\/a>\n\n\n<div style=\"height:47px\" aria-hidden=\"true\" class=\"wp-block-spacer\"><\/div>\n\n\n\n<p>En los \u00faltimos d\u00edas de noviembre y principios de diciembre de 2025, los trabajadores nucleados en el <strong>Sindicato \u00danico de Contratistas de Vi\u00f1as y Frutales de Mendoza<\/strong> han visibilizado sus justos reclamos por un aumento salarial con sendas movilizaciones -sin cortar el tr\u00e1nsito ni causar molestias a peatones y automovilistas- en la ruta nacional no. 7 y en el centro de la ciudad de Mendoza. Piden y negocian en paritarias una remuneraci\u00f3n de <strong>$60.000 por hect\u00e1rea trabajada<\/strong> -actualmente les pagan <strong>$32.000 m\u00e1s la promesa de un bono a fin de a\u00f1o<\/strong>-, y denuncian que los sueldos actuales, <strong>que rondan los $273.000,<\/strong> no alcanzan para cubrir los gastos b\u00e1sicos en un contexto de inflaci\u00f3n creciente.<\/p>\n\n\n\n<p>Exigen una recomposici\u00f3n urgente en el marco de las paritarias, actualmente reabiertas, donde aseguran que las propuestas de la parte patronal han sido <em>\u201cinsuficientes\u201d<\/em> y no alcanzan para cubrir las necesidades b\u00e1sicas de las familias.<\/p>\n\n\n\n<div style=\"height:32px\" aria-hidden=\"true\" class=\"wp-block-spacer\"><\/div>\n\n\n\n<p class=\"has-medium-font-size\"><strong>Situaci\u00f3n cr\u00edtica<\/strong><\/p>\n\n\n\n<p>Los trabajadores se\u00f1alaron que su situaci\u00f3n econ\u00f3mica es cr\u00edtica. Actualmente, por cada hect\u00e1rea trabajada les pagan <strong>$32.000<\/strong>, ante lo cual reclaman un piso de <strong>$60.000 por hect\u00e1rea<\/strong>, lo que implicar\u00eda un incremento cercano al <strong>100%<\/strong>. Y que la oferta m\u00e1s reciente de la patronal ha sido de <strong>$57.000<\/strong>, pero en ea cifra est\u00e1 incluido un bono de fin de a\u00f1o. Seg\u00fan explican, al aplicar el aumento real ese incremento equivaldr\u00eda a apenas <strong>$600 por hect\u00e1rea<\/strong>, es decir, unos <strong>$6.000 m\u00e1s por mes<\/strong> en el caso de los que trabajan 10 hect\u00e1reas.<\/p>\n\n\n\n<div style=\"height:31px\" aria-hidden=\"true\" class=\"wp-block-spacer\"><\/div>\n\n\n<div class=\"wp-block-image\">\n<figure class=\"aligncenter size-full\"><a href=\"https:\/\/enolife.com.ar\/es\/wp-content\/uploads\/2025\/12\/contratistas3-1.jpg\" data-rel=\"penci-gallery-image-content\" ><img loading=\"lazy\" decoding=\"async\" width=\"720\" height=\"661\" src=\"https:\/\/enolife.com.ar\/es\/wp-content\/uploads\/2025\/12\/contratistas3-1.jpg\" alt=\"\" class=\"wp-image-171010\" srcset=\"https:\/\/enolife.com.ar\/es\/wp-content\/uploads\/2025\/12\/contratistas3-1.jpg 720w, https:\/\/enolife.com.ar\/es\/wp-content\/uploads\/2025\/12\/contratistas3-1-300x275.jpg 300w, https:\/\/enolife.com.ar\/es\/wp-content\/uploads\/2025\/12\/contratistas3-1-585x537.jpg 585w\" sizes=\"auto, (max-width: 720px) 100vw, 720px\" \/><\/a><figcaption class=\"wp-element-caption\"><em><strong>Los trabajadores, en una de las recientes manifestaciones sobre la ruta 7 en la zona Este de Mendoza.<\/strong><\/em><\/figcaption><\/figure><\/div>\n\n\n<div style=\"height:22px\" aria-hidden=\"true\" class=\"wp-block-spacer\"><\/div>\n\n\n\n<p><em>\u201cPara nosotros es muy insuficiente <\/em>-manifest\u00f3 uno de los trabajadores durante la \u00faltima protesta, desde el nudo vial de Mendoza hasta la Casa de Gobierno-<em>; i<\/em>maginate el caso de un contratista que tiene a su cargo s\u00f3lo 5 hect\u00e1reas,<em> \u00bfde cu\u00e1nto ser\u00eda el aumento?\u201d<\/em>.<\/p>\n\n\n\n<p>Ante el escenario de tensiones, el gobierno provincial decidi\u00f3 <strong>reabrir la paritaria del sector<\/strong>. Mientras tanto, representantes del gremio de los contratistas sostienen su pedido de un <strong>salario m\u00ednimo de $60.000 por hect\u00e1rea<\/strong> y remarcaron que el sueldo promedio actual ronda los <strong>$273.000<\/strong>, monto que no les permite llegar a fin de mes. El malestar se profundiz\u00f3 luego de que la <strong>Federaci\u00f3n de Obreros y Empleados Vitivin\u00edcolas y Afines (Foeva)<\/strong>, cerrara acuerdos salariales para trabajadores de vi\u00f1a y bodega hasta febrero de 2026, dejando a los contratistas sin una actualizaci\u00f3n definida.<\/p>\n\n\n\n<p>Los manifestantes advirtieron que el desfasaje entre ingresos y costos es cada vez mayor: <em>\u201cLa inflaci\u00f3n fue del 2,4%. Subi\u00f3 la carne, el combustible, los impuestos. No llegamos a cubrir las necesidades b\u00e1sicas\u201d<\/em>, se\u00f1alaron.<\/p>\n\n\n\n<div style=\"height:34px\" aria-hidden=\"true\" class=\"wp-block-spacer\"><\/div>\n\n\n\n<p class=\"has-medium-font-size\"><strong>Menos porcentaje por el bajo precio de la uva<\/strong><\/p>\n\n\n\n<p>Consultado por <strong>Enolife<\/strong>, el secretario general del <strong>Sindicato \u00danico de Contratistas de Vi\u00f1as y Frutales de Mendoza, Edgardo Lera<\/strong>, manifest\u00f3: <em>\u00abEn verdad, este 2025 ha sido uno de los peores a\u00f1os que nos ha tocado como entidad, por los sueldos bajos, por la inflaci\u00f3n que uno sabe que no es real, y a eso se le suma el bajo precio del vino y de la uva, las fincas abandonadas, muchos trabajadores sin registrar, desempleo&#8230; Y los que trabajan en una vi\u00f1a apenas tienen un porcentaje sobre el r\u00e9dito de la venta de la fruta de entre el 15 al 18%.\u00bb<\/em><\/p>\n\n\n\n<div style=\"height:27px\" aria-hidden=\"true\" class=\"wp-block-spacer\"><\/div>\n\n\n<div class=\"wp-block-image\">\n<figure class=\"aligncenter size-full is-resized\"><a href=\"https:\/\/enolife.com.ar\/es\/wp-content\/uploads\/2025\/10\/Edgar-Lera-1.jpg\" data-rel=\"penci-gallery-image-content\" ><img loading=\"lazy\" decoding=\"async\" width=\"1024\" height=\"440\" src=\"https:\/\/enolife.com.ar\/es\/wp-content\/uploads\/2025\/10\/Edgar-Lera-1.jpg\" alt=\"\" class=\"wp-image-167197\" style=\"width:742px;height:auto\" srcset=\"https:\/\/enolife.com.ar\/es\/wp-content\/uploads\/2025\/10\/Edgar-Lera-1.jpg 1024w, https:\/\/enolife.com.ar\/es\/wp-content\/uploads\/2025\/10\/Edgar-Lera-1-300x129.jpg 300w, https:\/\/enolife.com.ar\/es\/wp-content\/uploads\/2025\/10\/Edgar-Lera-1-768x330.jpg 768w, https:\/\/enolife.com.ar\/es\/wp-content\/uploads\/2025\/10\/Edgar-Lera-1-585x251.jpg 585w\" sizes=\"auto, (max-width: 1024px) 100vw, 1024px\" \/><\/a><figcaption class=\"wp-element-caption\"><em><strong>Edgardo Lera, secretario general del Sindicato \u00danico de Trabajadores de Vi\u00f1as y Frutales de Mendoza.<\/strong><\/em><\/figcaption><\/figure><\/div>\n\n\n<div style=\"height:28px\" aria-hidden=\"true\" class=\"wp-block-spacer\"><\/div>\n\n\n\n<p>Y agreg\u00f3 sobre la situaci\u00f3n actual: <em>\u00abNosotros justamente ahora estamos en negociaciones paritarias intentando mejorar nuestra situaci\u00f3n&#8230; Hoy un contratista de vi\u00f1a cobra $32.000 por hect\u00e1rea trabajada, o sea que si tiene 10 hect\u00e1reas gana $320.000, pero obviamente con los descuentos le queda un poco menos\u00bb.<\/em><\/p>\n\n\n\n<p>En torno a las perspectivas en el futuro inmediato, el representante gremial explic\u00f3: <em>\u00abVemos que algunos gremios del campo que est\u00e1n cerrando acuerdos negocian por aumentos del 1% al 1,6%. Y el tema es que cuando vos lo traslad\u00e1s al sueldo mensual, eso no es nada. Fijate que la inflaci\u00f3n de octubre en Mendoza fue el 2,4%\u00bb.<\/em><\/p>\n\n\n\n<p><em>\u00abPara afrontar la dif\u00edcil situaci\u00f3n<\/em> -cont\u00f3 Lera-, <em>nosotros hemos armado una red de cooperativas de trabajadores rurales y ofrecemos a nuestros asociados y sus familias alimentos a precios razonables, lo m\u00e1s bajo que conseguimos&#8230; Por ejemplo tenemos yerba, az\u00facar, aceite de oliva, aceitunas, mermeladas, fideos, salsas, hongos, productos que nos mandan desde varias provincias, Jujuy, Catamarca, Misiones y por supuesto Mendoza&#8230; Al estar integrados a una red de alimentos cooperativos a nivel nacional, podemos comercializar tambi\u00e9n parte de nuestros productos, por ejemplo vinos&#8230; Y aunque igual se siente el impacto de la crisis, es algo que se est\u00e1 moviendo un poco&#8230;\u00bb<\/em><\/p>\n\n\n\n<p>Para finalizar, Lera se quej\u00f3 de que a nivel de la pol\u00edtica provincial y nacional no interpretan su dif\u00edcil situaci\u00f3n y la crisis de los trabajadores en la base de la vitivinicultura: <em>\u00abCuando vino el presidente Milei a San Rafael y habl\u00f3 de la vitivinicultura, parec\u00eda que estuvi\u00e9ramos en el top ten mundial&#8230; Tal vez sea cierto a nivel de grandes bodegas, pero no as\u00ed con los trabajadores y no as\u00ed los peque\u00f1os productores&#8230; Yo creo que el gobierno nacional desconoce una realidad que es la nuestra. Ojal\u00e1 lo empiecen a ver mejor, porque si los gobiernos nacional y provincial no intervienen en esta crisis vitivin\u00edcola que tenemos, pronto vamos a desaparecer.\u00bb<\/em><\/p>\n\n\n\n<div style=\"height:38px\" aria-hidden=\"true\" class=\"wp-block-spacer\"><\/div>\n\n\n\n<p><\/p>\n\n\n\n<p><\/p>\n","protected":false},"excerpt":{"rendered":"<p>Los trabajadores de Mendoza que tienen a su cargo el cuidado y mantenimiento de los&hellip;<\/p>\n","protected":false},"author":2,"featured_media":171015,"comment_status":"closed","ping_status":"open","sticky":false,"template":"","format":"standard","meta":{"footnotes":""},"categories":[14],"tags":[],"class_list":["post-170992","post","type-post","status-publish","format-standard","has-post-thumbnail","hentry","category-news"],"_links":{"self":[{"href":"https:\/\/enolife.com.ar\/es\/wp-json\/wp\/v2\/posts\/170992","targetHints":{"allow":["GET"]}}],"collection":[{"href":"https:\/\/enolife.com.ar\/es\/wp-json\/wp\/v2\/posts"}],"about":[{"href":"https:\/\/enolife.com.ar\/es\/wp-json\/wp\/v2\/types\/post"}],"author":[{"embeddable":true,"href":"https:\/\/enolife.com.ar\/es\/wp-json\/wp\/v2\/users\/2"}],"replies":[{"embeddable":true,"href":"https:\/\/enolife.com.ar\/es\/wp-json\/wp\/v2\/comments?post=170992"}],"version-history":[{"count":0,"href":"https:\/\/enolife.com.ar\/es\/wp-json\/wp\/v2\/posts\/170992\/revisions"}],"wp:featuredmedia":[{"embeddable":true,"href":"https:\/\/enolife.com.ar\/es\/wp-json\/wp\/v2\/media\/171015"}],"wp:attachment":[{"href":"https:\/\/enolife.com.ar\/es\/wp-json\/wp\/v2\/media?parent=170992"}],"wp:term":[{"taxonomy":"category","embeddable":true,"href":"https:\/\/enolife.com.ar\/es\/wp-json\/wp\/v2\/categories?post=170992"},{"taxonomy":"post_tag","embeddable":true,"href":"https:\/\/enolife.com.ar\/es\/wp-json\/wp\/v2\/tags?post=170992"}],"curies":[{"name":"wp","href":"https:\/\/api.w.org\/{rel}","templated":true}]}}