{"id":170981,"date":"2025-12-03T21:23:17","date_gmt":"2025-12-03T21:23:17","guid":{"rendered":"https:\/\/enolife.com.ar\/es\/?p=170981"},"modified":"2025-12-04T14:12:51","modified_gmt":"2025-12-04T14:12:51","slug":"el-5-12-ciencias-agrarias-dara-un-taller-avanzado-de-cata-de-aceite-de-oliva-virgen-como-participar","status":"publish","type":"post","link":"https:\/\/enolife.com.ar\/es\/el-5-12-ciencias-agrarias-dara-un-taller-avanzado-de-cata-de-aceite-de-oliva-virgen-como-participar\/","title":{"rendered":"El 5\/12 Ciencias Agrarias dar\u00e1 un taller avanzado de cata de aceite de oliva virgen. C\u00f3mo participar"},"content":{"rendered":"\n<p>La actividad ser\u00e1 este pr\u00f3ximo 5 de diciembre de 2025, de 8.30 a 13.30 hs, con cupo limitado a 16 participantes y destinada \u00fanicamente a personas con conocimientos previos en an\u00e1lisis sensorial de aceites. Conoc\u00e9 los requisitos y m\u00e1s detalles en la siguiente nota.<\/p>\n\n\n\n<div style=\"height:33px\" aria-hidden=\"true\" class=\"wp-block-spacer\"><\/div>\n\n\n<a href=\"https:\/\/www.instagram.com\/agroconciencia_\" aria-label=\"BANNER AGROCONCIENCIA 1700X500\"><img loading=\"lazy\" decoding=\"async\" src=\"https:\/\/enolife.com.ar\/es\/wp-content\/uploads\/2019\/07\/BANNER-AGROCONCIENCIA-1700X500-1.jpg\" alt=\"\"  srcset=\"https:\/\/enolife.com.ar\/es\/wp-content\/uploads\/2019\/07\/BANNER-AGROCONCIENCIA-1700X500-1.jpg 1700w, https:\/\/enolife.com.ar\/es\/wp-content\/uploads\/2019\/07\/BANNER-AGROCONCIENCIA-1700X500-1-300x88.jpg 300w, https:\/\/enolife.com.ar\/es\/wp-content\/uploads\/2019\/07\/BANNER-AGROCONCIENCIA-1700X500-1-1024x301.jpg 1024w, https:\/\/enolife.com.ar\/es\/wp-content\/uploads\/2019\/07\/BANNER-AGROCONCIENCIA-1700X500-1-768x226.jpg 768w, https:\/\/enolife.com.ar\/es\/wp-content\/uploads\/2019\/07\/BANNER-AGROCONCIENCIA-1700X500-1-1536x452.jpg 1536w, https:\/\/enolife.com.ar\/es\/wp-content\/uploads\/2019\/07\/BANNER-AGROCONCIENCIA-1700X500-1-1170x344.jpg 1170w, https:\/\/enolife.com.ar\/es\/wp-content\/uploads\/2019\/07\/BANNER-AGROCONCIENCIA-1700X500-1-585x172.jpg 585w\" sizes=\"auto, (max-width: 1700px) 100vw, 1700px\" width=\"1700\" height=\"500\"   \/><\/a>\n\n\n<div style=\"height:44px\" aria-hidden=\"true\" class=\"wp-block-spacer\"><\/div>\n\n\n\n<p>La<strong>&nbsp;Facultad de Ciencias Agrarias (FCA) de la Universidad Nacional de Cuyo (UNCuyo)<\/strong>&nbsp;llevar\u00e1 adelante el&nbsp;<strong>3\u00ba Taller Avanzado de Cata de Aceite de Oliva Virgen<\/strong>, una propuesta de formaci\u00f3n pr\u00e1ctica&nbsp;<strong>dirigida exclusivamente a quienes ya cuentan con experiencia en an\u00e1lisis sensorial<\/strong>.<\/p>\n\n\n\n<p>La actividad se desarrollar\u00e1 el&nbsp;<strong>viernes 5 de diciembre, de 8.30 a 13.30 hs, en el Laboratorio Sensorial de Aceites de Oliva V\u00edrgenes de la FCA<\/strong>, acreditado internacionalmente por el&nbsp;<strong>Consejo Ole\u00edcola Internacional (COI)<\/strong>.<\/p>\n\n\n\n<p>El taller apunta a profundizar t\u00e9cnicas de evaluaci\u00f3n sensorial mediante ejercicios pr\u00e1cticos guiados por docentes y especialistas del \u00e1rea. El equipo responsable est\u00e1 integrado por la Prof. MSc. Ing. Agr. <strong>Elena Ver\u00f3nica Araniti<\/strong> (docente libre y Jefe de Panel de Cata), la Ing. Agr. <strong>Florencia Cruz Azcurra <\/strong>(docente de la C\u00e1tedra de Industrias Agrarias y Jefe de Panel Adjunta) y <strong>Luc\u00eda Bel\u00e9n Terrero Basulto<\/strong> (estudiante avanzada y concurrente del Laboratorio Sensorial).<\/p>\n\n\n\n<p>La actividad tiene un cupo m\u00e1ximo de 16 personas, debido a su modalidad pr\u00e1ctica, y&nbsp;<strong>los participantes deber\u00e1n acreditar conocimientos previos en cata de aceites de oliva v\u00edrgenes<\/strong>. Se emitir\u00e1 certificado de participaci\u00f3n y el costo es de <strong>$70.000 por persona.<\/strong><\/p>\n\n\n\n<div style=\"height:24px\" aria-hidden=\"true\" class=\"wp-block-spacer\"><\/div>\n\n\n\n<p class=\"has-light-green-cyan-background-color has-background\"><strong>Las inscripciones deben realizarse por correo electr\u00f3nico a:\u00a0<a href=\"mailto:earaniti@fca.uncu.edu.ar\">earaniti@fca.uncu.edu.ar<\/a><\/strong><\/p>\n\n\n\n<div style=\"height:45px\" aria-hidden=\"true\" class=\"wp-block-spacer\"><\/div>\n","protected":false},"excerpt":{"rendered":"<p>La actividad ser\u00e1 este pr\u00f3ximo 5 de diciembre de 2025, de 8.30 a 13.30 hs,&hellip;<\/p>\n","protected":false},"author":2,"featured_media":170983,"comment_status":"closed","ping_status":"open","sticky":false,"template":"","format":"standard","meta":{"footnotes":""},"categories":[47],"tags":[],"class_list":["post-170981","post","type-post","status-publish","format-standard","has-post-thumbnail","hentry","category-agenda"],"_links":{"self":[{"href":"https:\/\/enolife.com.ar\/es\/wp-json\/wp\/v2\/posts\/170981","targetHints":{"allow":["GET"]}}],"collection":[{"href":"https:\/\/enolife.com.ar\/es\/wp-json\/wp\/v2\/posts"}],"about":[{"href":"https:\/\/enolife.com.ar\/es\/wp-json\/wp\/v2\/types\/post"}],"author":[{"embeddable":true,"href":"https:\/\/enolife.com.ar\/es\/wp-json\/wp\/v2\/users\/2"}],"replies":[{"embeddable":true,"href":"https:\/\/enolife.com.ar\/es\/wp-json\/wp\/v2\/comments?post=170981"}],"version-history":[{"count":0,"href":"https:\/\/enolife.com.ar\/es\/wp-json\/wp\/v2\/posts\/170981\/revisions"}],"wp:featuredmedia":[{"embeddable":true,"href":"https:\/\/enolife.com.ar\/es\/wp-json\/wp\/v2\/media\/170983"}],"wp:attachment":[{"href":"https:\/\/enolife.com.ar\/es\/wp-json\/wp\/v2\/media?parent=170981"}],"wp:term":[{"taxonomy":"category","embeddable":true,"href":"https:\/\/enolife.com.ar\/es\/wp-json\/wp\/v2\/categories?post=170981"},{"taxonomy":"post_tag","embeddable":true,"href":"https:\/\/enolife.com.ar\/es\/wp-json\/wp\/v2\/tags?post=170981"}],"curies":[{"name":"wp","href":"https:\/\/api.w.org\/{rel}","templated":true}]}}