{"id":170954,"date":"2025-12-03T12:35:15","date_gmt":"2025-12-03T12:35:15","guid":{"rendered":"https:\/\/enolife.com.ar\/es\/?p=170954"},"modified":"2025-12-04T23:41:36","modified_gmt":"2025-12-04T23:41:36","slug":"el-agua-en-el-futuro-expertos-de-10-paises-debaten-en-mendoza-como-gestionar-la-crisis-hidrica","status":"publish","type":"post","link":"https:\/\/enolife.com.ar\/es\/el-agua-en-el-futuro-expertos-de-10-paises-debaten-en-mendoza-como-gestionar-la-crisis-hidrica\/","title":{"rendered":"El agua en el futuro: expertos de 10 pa\u00edses debaten en Mendoza c\u00f3mo gestionar la crisis h\u00eddrica"},"content":{"rendered":"\n<h4 class=\"wp-block-heading\"><em><strong>Con la organizaci\u00f3n del Departamento General de Irrigaci\u00f3n y bajo el lema \u00abHacia un nuevo acuerdo por el agua\u00bb se desarrolla hoy 3\/12 y ma\u00f1ana 4\/12\/25 el V Congreso Internacional Agua para el Futuro. Asisten 200 especialistas de toda Am\u00e9rica y Europa, quienes analizar\u00e1n el desaf\u00edo de enfrentar una mayor demanda y una menor oferta de agua motivada por el aumento de la temperatura global que provoca el cambio clim\u00e1tico. Desde las 9 de la ma\u00f1ana, los expertos ofrecen charlas y talleres sobre el tema. El acceso es libre previa inscripci\u00f3n en la web de Irrigaci\u00f3n.<\/strong><\/em><\/h4>\n\n\n\n<div style=\"height:35px\" aria-hidden=\"true\" class=\"wp-block-spacer\"><\/div>\n\n\n<a href=\"https:\/\/www.irrigacion.gov.ar\/web\/\" aria-label=\"irrigaci\u00f3n-1700X500\"><img loading=\"lazy\" decoding=\"async\" src=\"https:\/\/enolife.com.ar\/es\/wp-content\/uploads\/2021\/02\/irrigacion-1700X500.gif\" alt=\"\"  width=\"1700\" height=\"500\"   \/><\/a>\n\n\n<div style=\"height:45px\" aria-hidden=\"true\" class=\"wp-block-spacer\"><\/div>\n\n\n\n<p>El encuentro se extiende hasta ma\u00f1ana jueves 4 de diciembre de 2025 en el <strong>auditorio \u00c1ngel Bustelo de la Capital de Mendoza. <\/strong>Se trata de una valiosa oportunidad de comPartir informaci\u00f3n y analizar el tema del agua.<\/p>\n\n\n\n<p>El <strong>V Congreso Internacional Agua para el Futuro<\/strong> invita a repensar pr\u00e1cticas, costumbres y modelos de gesti\u00f3n para garantizar el acceso, la sostenibilidad y la equidad en el uso del agua ante los desaf\u00edos actuales y futuros.<\/p>\n\n\n\n<p>Organizado por el <strong>Departamento General de Irrigaci\u00f3n (DGI)<\/strong> junto al <strong>Gobierno de Mendoza,<\/strong> el Congreso cuenta con la presencia de destacados especialistas de nivel internacional, nacional y provincial que comparten experiencias e intercambian visiones para avanzar hacia un nuevo acuerdo por el agua. Este nuevo acuerdo intentar\u00e1 redimensionar un umbral que no se limite a lo t\u00e9cnico y normativo, sino que tambi\u00e9n incluya una profunda dimensi\u00f3n cultural y \u00e9tica.<\/p>\n\n\n\n<div style=\"height:32px\" aria-hidden=\"true\" class=\"wp-block-spacer\"><\/div>\n\n\n<div class=\"wp-block-image\">\n<figure class=\"aligncenter size-large is-resized\"><a href=\"https:\/\/enolife.com.ar\/es\/wp-content\/uploads\/2025\/12\/Congreso-Agua-para-el-Futuro-2025-scaled.jpg\" data-rel=\"penci-gallery-image-content\" ><img loading=\"lazy\" decoding=\"async\" width=\"1024\" height=\"683\" src=\"https:\/\/enolife.com.ar\/es\/wp-content\/uploads\/2025\/12\/Congreso-Agua-para-el-Futuro-2025-1024x683.jpg\" alt=\"\" class=\"wp-image-170961\" style=\"width:704px;height:auto\" srcset=\"https:\/\/enolife.com.ar\/es\/wp-content\/uploads\/2025\/12\/Congreso-Agua-para-el-Futuro-2025-1024x683.jpg 1024w, https:\/\/enolife.com.ar\/es\/wp-content\/uploads\/2025\/12\/Congreso-Agua-para-el-Futuro-2025-300x200.jpg 300w, https:\/\/enolife.com.ar\/es\/wp-content\/uploads\/2025\/12\/Congreso-Agua-para-el-Futuro-2025-768x512.jpg 768w, https:\/\/enolife.com.ar\/es\/wp-content\/uploads\/2025\/12\/Congreso-Agua-para-el-Futuro-2025-1536x1024.jpg 1536w, https:\/\/enolife.com.ar\/es\/wp-content\/uploads\/2025\/12\/Congreso-Agua-para-el-Futuro-2025-2048x1365.jpg 2048w, https:\/\/enolife.com.ar\/es\/wp-content\/uploads\/2025\/12\/Congreso-Agua-para-el-Futuro-2025-1170x780.jpg 1170w, https:\/\/enolife.com.ar\/es\/wp-content\/uploads\/2025\/12\/Congreso-Agua-para-el-Futuro-2025-585x390.jpg 585w\" sizes=\"auto, (max-width: 1024px) 100vw, 1024px\" \/><\/a><figcaption class=\"wp-element-caption\"><em><strong>Ayer 2\/12\/25, en la previa del Congreso del Agua, los expertos visitantes fueron recibidos por el titular de Irrigaci\u00f3n, Sergio Marinelli, y dialogaron sobre la interacci\u00f3n de los gobiernos y los privados para enfrentar la crisis h\u00eddrica<\/strong><\/em><strong><em>.<\/em><\/strong><\/figcaption><\/figure><\/div>\n\n\n<div style=\"height:32px\" aria-hidden=\"true\" class=\"wp-block-spacer\"><\/div>\n\n\n\n<p>Los paneles y mesas tem\u00e1ticas contienen experiencias indispensables para la gesti\u00f3n en momentos de cambio como \u201c<strong>Agua y pol\u00edticas p\u00fablicas\u201d<\/strong>, <strong>\u201cGesti\u00f3n de riesgos h\u00eddricos\u201d <\/strong>o <strong>\u201cAdaptaci\u00f3n al cambio clim\u00e1tico\u201d<\/strong>. Al mismo tiempo, otros t\u00f3picos como <strong>\u201cEducaci\u00f3n y cultura para la gobernanza del agua\u201d<\/strong> y <strong>\u201cAgua y mujeres\u201d<\/strong>, que complementan una amplia visi\u00f3n del entramado h\u00eddrico, el que hoy exige repensar la gesti\u00f3n, la administraci\u00f3n y, sobre todo, la responsabilidad colectiva de asegurar la disponibilidad del recurso para generaciones futuras.<\/p>\n\n\n\n<div style=\"height:30px\" aria-hidden=\"true\" class=\"wp-block-spacer\"><\/div>\n\n\n\n<p class=\"has-medium-font-size\"><strong>Una oportunidad de reflexi\u00f3n<\/strong><\/p>\n\n\n\n<p>Una vez m\u00e1s, Mendoza abre un espacio para el debate y la reflexi\u00f3n sobre los retos que el desarrollo econ\u00f3mico, social y ambiental, en contexto de cambio clim\u00e1tico, generan al sector h\u00eddrico.<\/p>\n\n\n\n<p>El Congreso cuenta con la participaci\u00f3n de 100 expertos locales, nacionales e internacionales invitados de 10 pa\u00edses que aportar\u00e1n sus experiencias y conocimientos sobre la planificaci\u00f3n, regulaci\u00f3n, gesti\u00f3n y control de los diversos usos del agua y del servicio p\u00fablico de agua potable y saneamiento, los riesgos vinculados al recurso h\u00eddrico y la educaci\u00f3n y cultura para la gobernanza del agua.<\/p>\n\n\n\n<p>La gesti\u00f3n del agua, en un mundo en constante cambio, requiere innovaci\u00f3n y adaptaci\u00f3n. El agua ha sido siempre un factor determinante en el desarrollo de los pueblos. En territorios naturalmente \u00e1ridos, como Mendoza y tantas otras regiones del mundo, la supervivencia depende hist\u00f3ricamente de la capacidad de planificar, administrar y proteger este recurso esencial. De ese esfuerzo colectivo naci\u00f3 la cultura del oasis, fruto de acuerdos sociales, obras hidr\u00e1ulicas y una conciencia comunitaria que transform\u00f3 la aridez en vida, producci\u00f3n y prosperidad.<\/p>\n\n\n\n<p>Hoy, ese modelo hist\u00f3rico enfrenta un cambio de paradigma. El agua ha dejado de ser un recurso ligado principalmente a la producci\u00f3n para convertirse en un bien ambiental, social y econ\u00f3mico. A ello se suma el impacto del cambio clim\u00e1tico, que intensifica la variabilidad h\u00eddrica y obliga a adoptar medidas innovadoras, integradas y sostenibles aplicando las nuevas tecnolog\u00edas disponibles. Este cambio exige repensar la gesti\u00f3n, la administraci\u00f3n y, sobre todo, la responsabilidad colectiva de asegurar su disponibilidad para las generaciones futuras.<\/p>\n\n\n\n<div style=\"height:34px\" aria-hidden=\"true\" class=\"wp-block-spacer\"><\/div>\n\n\n<div class=\"wp-block-image\">\n<figure class=\"aligncenter size-large is-resized\"><a href=\"https:\/\/enolife.com.ar\/es\/wp-content\/uploads\/2025\/12\/Marinelli.jpg\" data-rel=\"penci-gallery-image-content\" ><img loading=\"lazy\" decoding=\"async\" width=\"1024\" height=\"685\" src=\"https:\/\/enolife.com.ar\/es\/wp-content\/uploads\/2025\/12\/Marinelli-1024x685.jpg\" alt=\"\" class=\"wp-image-170964\" style=\"width:738px;height:auto\" srcset=\"https:\/\/enolife.com.ar\/es\/wp-content\/uploads\/2025\/12\/Marinelli-1024x685.jpg 1024w, https:\/\/enolife.com.ar\/es\/wp-content\/uploads\/2025\/12\/Marinelli-300x201.jpg 300w, https:\/\/enolife.com.ar\/es\/wp-content\/uploads\/2025\/12\/Marinelli-768x514.jpg 768w, https:\/\/enolife.com.ar\/es\/wp-content\/uploads\/2025\/12\/Marinelli-1170x782.jpg 1170w, https:\/\/enolife.com.ar\/es\/wp-content\/uploads\/2025\/12\/Marinelli-585x391.jpg 585w, https:\/\/enolife.com.ar\/es\/wp-content\/uploads\/2025\/12\/Marinelli.jpg 1364w\" sizes=\"auto, (max-width: 1024px) 100vw, 1024px\" \/><\/a><figcaption class=\"wp-element-caption\"><em><strong>El superintendente del Departamento General de Irrigaci\u00f3n, Sergio Marinelli, en la apertura de las actividades del Congreso en el Auditorio Bustelo.<\/strong><\/em><\/figcaption><\/figure><\/div>\n\n\n<div style=\"height:43px\" aria-hidden=\"true\" class=\"wp-block-spacer\"><\/div>\n\n\n\n<p>El programa incluye sesiones plenarias y mesas de trabajo de alto nivel sobre herramientas para la innovaci\u00f3n y adaptaci\u00f3n clim\u00e1tica, planificaci\u00f3n, educaci\u00f3n y cultura para la gobernanza del agua, entre otros.<br>En una de las conferencias se presentar\u00e1 del Informe sobre el Estado de los Glaciares en Argentina y el mundo, recientemente elaborado por la Unesco, adem\u00e1s de sesiones regulares y especiales, y mesas tem\u00e1ticas con distintos actores sociales, acad\u00e9micos, responsables pol\u00edticos y empresarios locales.<\/p>\n\n\n\n<p>Como eventos paralelos se realizar\u00e1n las <strong>Ferias Creagua<\/strong> y <strong>Reciclar<\/strong>, exposiciones art\u00edsticas, visitas de campo y actividades culturales como el Concurso de cuentos cortos sobre <strong>\u201cLas mujeres y el agua en tiempos de cambio clim\u00e1tico\u201d<\/strong> y el <strong>Concurso Ideagua<\/strong>, que este a\u00f1o tuvo como consigna inspirar a alumnos secundarios de escuelas art\u00edsticas de toda la provincia a presentar afiches alusivos al congreso.<\/p>\n\n\n\n<p>Asimismo, se realiza por primera vez la muestra de cortos <strong>\u201cHistorias por el agua\u201d<\/strong> donde, a trav\u00e9s del arte audiovisual, el p\u00fablico puede sumergirse en narrativas que inspiran un nuevo compromiso por el agua, y en la cual participar\u00e1n destacados directores de cortos locales y extranjeros.<\/p>\n\n\n\n<p>El cierre del Congreso estar\u00e1 a cargo del \u00e1rea de Educaci\u00f3n y Cultura del Agua del DGI, cuyos expertos presentar\u00e1n un <strong>Manifiesto por el cuidado del recurso h\u00eddrico<\/strong> elaborado en un esquema participativo por <strong>estudiantes secundarios mendocinos <\/strong>quienes son los herederos y tendr\u00e1n la responsabilidad de ser en un par de a\u00f1os los gestores del agua para para el futuro.<\/p>\n\n\n\n<div style=\"height:39px\" aria-hidden=\"true\" class=\"wp-block-spacer\"><\/div>\n","protected":false},"excerpt":{"rendered":"<p>Con la organizaci\u00f3n del Departamento General de Irrigaci\u00f3n y bajo el lema \u00abHacia un nuevo&hellip;<\/p>\n","protected":false},"author":2,"featured_media":170959,"comment_status":"closed","ping_status":"open","sticky":false,"template":"","format":"standard","meta":{"footnotes":""},"categories":[14],"tags":[],"class_list":["post-170954","post","type-post","status-publish","format-standard","has-post-thumbnail","hentry","category-news"],"_links":{"self":[{"href":"https:\/\/enolife.com.ar\/es\/wp-json\/wp\/v2\/posts\/170954","targetHints":{"allow":["GET"]}}],"collection":[{"href":"https:\/\/enolife.com.ar\/es\/wp-json\/wp\/v2\/posts"}],"about":[{"href":"https:\/\/enolife.com.ar\/es\/wp-json\/wp\/v2\/types\/post"}],"author":[{"embeddable":true,"href":"https:\/\/enolife.com.ar\/es\/wp-json\/wp\/v2\/users\/2"}],"replies":[{"embeddable":true,"href":"https:\/\/enolife.com.ar\/es\/wp-json\/wp\/v2\/comments?post=170954"}],"version-history":[{"count":0,"href":"https:\/\/enolife.com.ar\/es\/wp-json\/wp\/v2\/posts\/170954\/revisions"}],"wp:featuredmedia":[{"embeddable":true,"href":"https:\/\/enolife.com.ar\/es\/wp-json\/wp\/v2\/media\/170959"}],"wp:attachment":[{"href":"https:\/\/enolife.com.ar\/es\/wp-json\/wp\/v2\/media?parent=170954"}],"wp:term":[{"taxonomy":"category","embeddable":true,"href":"https:\/\/enolife.com.ar\/es\/wp-json\/wp\/v2\/categories?post=170954"},{"taxonomy":"post_tag","embeddable":true,"href":"https:\/\/enolife.com.ar\/es\/wp-json\/wp\/v2\/tags?post=170954"}],"curies":[{"name":"wp","href":"https:\/\/api.w.org\/{rel}","templated":true}]}}