{"id":170936,"date":"2025-12-02T23:34:45","date_gmt":"2025-12-02T23:34:45","guid":{"rendered":"https:\/\/enolife.com.ar\/es\/?p=170936"},"modified":"2025-12-03T21:40:06","modified_gmt":"2025-12-03T21:40:06","slug":"bodega-caro-llama-a-un-concurso-de-fotos-sobre-el-campo-y-el-barrio-y-expone-obras-de-maximo-arias","status":"publish","type":"post","link":"https:\/\/enolife.com.ar\/es\/bodega-caro-llama-a-un-concurso-de-fotos-sobre-el-campo-y-el-barrio-y-expone-obras-de-maximo-arias\/","title":{"rendered":"Bodega Caro llama a un concurso de fotos sobre el campo y el barrio y expone obras de M\u00e1ximo Arias"},"content":{"rendered":"\n<h4 class=\"wp-block-heading\"><em><strong>La hist\u00f3rica Bodega Caro, en su edificio recientemente recuperado y refuncionalizado de Godoy Cruz, Mendoza, inaugur\u00f3 una muestra fotogr\u00e1fica bautizada \u00abEl barrio y el campo\u00bb, dedicada al reportero gr\u00e1fico y artista de la imagen mendocino M\u00e1ximo Arias (1938-2010), uno de los grandes referentes de la fotograf\u00eda social de la provincia y el pa\u00eds. Al mismo tiempo, convoc\u00f3 a un concurso de fotograf\u00eda con interesantes premios.<\/strong><\/em><\/h4>\n\n\n\n<div style=\"height:32px\" aria-hidden=\"true\" class=\"wp-block-spacer\"><\/div>\n\n\n<a href=\"https:\/\/www.facebook.com\/SindicatoContratitas\/\" aria-label=\"banner contratistas 1700&#215;500\"><img loading=\"lazy\" decoding=\"async\" src=\"https:\/\/enolife.com.ar\/es\/wp-content\/uploads\/2020\/08\/banner-contratistas-1700x500-1.jpg\" alt=\"\"  srcset=\"https:\/\/enolife.com.ar\/es\/wp-content\/uploads\/2020\/08\/banner-contratistas-1700x500-1.jpg 1700w, https:\/\/enolife.com.ar\/es\/wp-content\/uploads\/2020\/08\/banner-contratistas-1700x500-1-300x88.jpg 300w, https:\/\/enolife.com.ar\/es\/wp-content\/uploads\/2020\/08\/banner-contratistas-1700x500-1-1024x301.jpg 1024w, https:\/\/enolife.com.ar\/es\/wp-content\/uploads\/2020\/08\/banner-contratistas-1700x500-1-768x226.jpg 768w, https:\/\/enolife.com.ar\/es\/wp-content\/uploads\/2020\/08\/banner-contratistas-1700x500-1-1536x452.jpg 1536w, https:\/\/enolife.com.ar\/es\/wp-content\/uploads\/2020\/08\/banner-contratistas-1700x500-1-1170x344.jpg 1170w, https:\/\/enolife.com.ar\/es\/wp-content\/uploads\/2020\/08\/banner-contratistas-1700x500-1-585x172.jpg 585w\" sizes=\"auto, (max-width: 1700px) 100vw, 1700px\" width=\"1700\" height=\"500\"   \/><\/a>\n\n\n<div style=\"height:37px\" aria-hidden=\"true\" class=\"wp-block-spacer\"><\/div>\n\n\n\n<p>Una de las pasiones de <strong>M\u00e1ximo Arias<\/strong> fue reflejar en sus instant\u00e1neas el trabajo de los vi\u00f1ateros, de los que cuidan las uvas y la tierra para que luego disfrutemos del vino. Y dej\u00f3 un legado de im\u00e1genes impactantes, muchas de las cuales <strong>Bodega Caro<\/strong> recupera y pone en escena nuevamente para el p\u00fablico mendocino y los turistas.<\/p>\n\n\n\n<p>A trav\u00e9s de dos series -una centrada en el patrimonio arquitect\u00f3nico de <strong>Godoy Cruz<\/strong> y otra en escenas urbanas y rurales- la exposici\u00f3n recupera la mirada profunda y humanista del artista, quien entend\u00eda la fotograf\u00eda como <em>\u201cun acto de memoria capaz de revelar lo que nadie quiere ver\u201d.<\/em><\/p>\n\n\n\n<p>Durante m\u00e1s de tres d\u00e9cadas recorriendo Mendoza con su c\u00e1mara anal\u00f3gica, M\u00e1ximo retrat\u00f3 trabajadores de las ciudades, ni\u00f1os, ancianos, vi\u00f1ateros y paisajes hoy transformados o desaparecidos,<br>construyendo un archivo visual que interpela sobre identidad, memoria y cambio social.<\/p>\n\n\n\n<div style=\"height:22px\" aria-hidden=\"true\" class=\"wp-block-spacer\"><\/div>\n\n\n<div class=\"wp-block-image\">\n<figure class=\"aligncenter size-large is-resized\"><a href=\"https:\/\/enolife.com.ar\/es\/wp-content\/uploads\/2025\/12\/Foto-de-Maximo-Arias.jpeg\" data-rel=\"penci-gallery-image-content\" ><img loading=\"lazy\" decoding=\"async\" width=\"1024\" height=\"693\" src=\"https:\/\/enolife.com.ar\/es\/wp-content\/uploads\/2025\/12\/Foto-de-Maximo-Arias-1024x693.jpeg\" alt=\"\" class=\"wp-image-170944\" style=\"width:714px;height:auto\" srcset=\"https:\/\/enolife.com.ar\/es\/wp-content\/uploads\/2025\/12\/Foto-de-Maximo-Arias-1024x693.jpeg 1024w, https:\/\/enolife.com.ar\/es\/wp-content\/uploads\/2025\/12\/Foto-de-Maximo-Arias-300x203.jpeg 300w, https:\/\/enolife.com.ar\/es\/wp-content\/uploads\/2025\/12\/Foto-de-Maximo-Arias-768x520.jpeg 768w, https:\/\/enolife.com.ar\/es\/wp-content\/uploads\/2025\/12\/Foto-de-Maximo-Arias-1536x1040.jpeg 1536w, https:\/\/enolife.com.ar\/es\/wp-content\/uploads\/2025\/12\/Foto-de-Maximo-Arias-1170x792.jpeg 1170w, https:\/\/enolife.com.ar\/es\/wp-content\/uploads\/2025\/12\/Foto-de-Maximo-Arias-585x396.jpeg 585w, https:\/\/enolife.com.ar\/es\/wp-content\/uploads\/2025\/12\/Foto-de-Maximo-Arias.jpeg 1600w\" sizes=\"auto, (max-width: 1024px) 100vw, 1024px\" \/><\/a><figcaption class=\"wp-element-caption\"><em><strong>El reportero gr\u00e1fico M\u00e1ximo Arias dej\u00f3 instant\u00e1neas de colecci\u00f3n sobre los marginados de las ciudades y los trabajadores del campo.<\/strong><\/em><\/figcaption><\/figure><\/div>\n\n\n<div style=\"height:22px\" aria-hidden=\"true\" class=\"wp-block-spacer\"><\/div>\n\n\n\n<p>En este mismo esp\u00edritu, Bodega Caro lanza el Primer Concurso de Fotograf\u00eda \u201cEl Barrio y el Campo, miradas sobre Mendoza\u201d, dirigido a fot\u00f3grafos amateurs y orientado a fomentar la creaci\u00f3n art\u00edstica y<br>la valoraci\u00f3n del patrimonio cultural local.<\/p>\n\n\n\n<p><strong>El certamen contempla tres distinciones:<\/strong><\/p>\n\n\n\n<p><\/p>\n\n\n\n<ul class=\"wp-block-list\">\n<li><strong>Premio M\u00e1ximo Arias:<\/strong> reconoce una mirada af\u00edn a la del artista, capaz de capturar escenas espont\u00e1neas, aut\u00e9nticas y profundamente humanas del barrio o del campo mendocino.<\/li>\n<\/ul>\n\n\n\n<ul class=\"wp-block-list\">\n<li><strong>Premio Bodegas Caro:<\/strong> distingue una visi\u00f3n original del patrimonio arquitect\u00f3nico del hist\u00f3rico edificio de la bodega en Godoy Cruz.<\/li>\n<\/ul>\n\n\n\n<ul class=\"wp-block-list\">\n<li><strong>Premio J\u00f3venes Fot\u00f3grafos:<\/strong> destinado a menores de edad, premia una perspectiva fresca, creativa y personal sobre Mendoza.<\/li>\n<\/ul>\n\n\n\n<div style=\"height:37px\" aria-hidden=\"true\" class=\"wp-block-spacer\"><\/div>\n\n\n\n<p>Las postulaciones  a los concursos estar\u00e1n abiertas <strong>hasta el 12 de diciembre de 2025<\/strong>, por correo electr\u00f3nico o de manera presencial en la bodega. Durante ese per\u00edodo, el edificio patrimonial permanecer\u00e1 abierto para quienes deseen fotografiarlo, de lunes a viernes, de 9 a 17 horas. <\/p>\n\n\n\n<p>El jurado estar\u00e1 integrado por los fot\u00f3grafos<strong> Daniel Serio, Luciano Pappalardo y Andr\u00e9s<br>Bonafede<\/strong>, junto a <strong>Marcela Lucero<\/strong>, coordinadora de espacios culturales de la provincia. <\/p>\n\n\n\n<div style=\"height:31px\" aria-hidden=\"true\" class=\"wp-block-spacer\"><\/div>\n\n\n<div class=\"wp-block-image\">\n<figure class=\"aligncenter size-full is-resized\"><a href=\"https:\/\/enolife.com.ar\/es\/wp-content\/uploads\/2025\/12\/Maximo-Arias.jpg\" data-rel=\"penci-gallery-image-content\" ><img loading=\"lazy\" decoding=\"async\" width=\"905\" height=\"510\" src=\"https:\/\/enolife.com.ar\/es\/wp-content\/uploads\/2025\/12\/Maximo-Arias.jpg\" alt=\"\" class=\"wp-image-170947\" style=\"width:708px;height:auto\" srcset=\"https:\/\/enolife.com.ar\/es\/wp-content\/uploads\/2025\/12\/Maximo-Arias.jpg 905w, https:\/\/enolife.com.ar\/es\/wp-content\/uploads\/2025\/12\/Maximo-Arias-300x169.jpg 300w, https:\/\/enolife.com.ar\/es\/wp-content\/uploads\/2025\/12\/Maximo-Arias-768x433.jpg 768w, https:\/\/enolife.com.ar\/es\/wp-content\/uploads\/2025\/12\/Maximo-Arias-585x330.jpg 585w\" sizes=\"auto, (max-width: 905px) 100vw, 905px\" \/><\/a><figcaption class=\"wp-element-caption\"><em><strong>M\u00e1ximo Arias, un artista de mirada profunda, fallecido en Mendoza en 2010.<\/strong><\/em><\/figcaption><\/figure><\/div>\n\n\n<div style=\"height:34px\" aria-hidden=\"true\" class=\"wp-block-spacer\"><\/div>\n\n\n\n<p>Los ganadores ser\u00e1n anunciados el <strong>19 de diciembre de 2025<\/strong> en Bodegas Caro y difundidos tambi\u00e9n a trav\u00e9s de redes sociales.<\/p>\n\n\n\n<div style=\"height:21px\" aria-hidden=\"true\" class=\"wp-block-spacer\"><\/div>\n\n\n\n<p class=\"has-light-green-cyan-background-color has-background\"><strong>Las bases completas del concurso pueden consultarse aqu\u00ed: <a href=\"https:\/\/bit.ly\/concursobodegascaro25\">https:\/\/bit.ly\/concursobodegascaro25<\/a><\/strong><\/p>\n\n\n\n<div style=\"height:22px\" aria-hidden=\"true\" class=\"wp-block-spacer\"><\/div>\n\n\n\n<p><strong>Sobre Bodegas Caro<\/strong><\/p>\n\n\n\n<p>Situada en una bodega urbana de fines del siglo XIX y con vi\u00f1edos de altura en el Valle de Uco, Bodegas Caro elabora vinos que expresan con fidelidad su terroir, siempre con un fuerte compromiso por preservar su patrimonio cultural y natural. <\/p>\n\n\n\n<p>La bodega cuenta con un espacio cultural abierto al p\u00fablico de forma gratuita de lunes a viernes de 9 a 17 horas en Presidente Alvear 151 de Godoy Cruz, Mendoza, Argentina.<\/p>\n\n\n\n<div style=\"height:29px\" aria-hidden=\"true\" class=\"wp-block-spacer\"><\/div>\n","protected":false},"excerpt":{"rendered":"<p>La hist\u00f3rica Bodega Caro, en su edificio recientemente recuperado y refuncionalizado de Godoy Cruz, Mendoza,&hellip;<\/p>\n","protected":false},"author":2,"featured_media":170943,"comment_status":"closed","ping_status":"open","sticky":false,"template":"","format":"standard","meta":{"footnotes":""},"categories":[47],"tags":[],"class_list":["post-170936","post","type-post","status-publish","format-standard","has-post-thumbnail","hentry","category-agenda"],"_links":{"self":[{"href":"https:\/\/enolife.com.ar\/es\/wp-json\/wp\/v2\/posts\/170936","targetHints":{"allow":["GET"]}}],"collection":[{"href":"https:\/\/enolife.com.ar\/es\/wp-json\/wp\/v2\/posts"}],"about":[{"href":"https:\/\/enolife.com.ar\/es\/wp-json\/wp\/v2\/types\/post"}],"author":[{"embeddable":true,"href":"https:\/\/enolife.com.ar\/es\/wp-json\/wp\/v2\/users\/2"}],"replies":[{"embeddable":true,"href":"https:\/\/enolife.com.ar\/es\/wp-json\/wp\/v2\/comments?post=170936"}],"version-history":[{"count":0,"href":"https:\/\/enolife.com.ar\/es\/wp-json\/wp\/v2\/posts\/170936\/revisions"}],"wp:featuredmedia":[{"embeddable":true,"href":"https:\/\/enolife.com.ar\/es\/wp-json\/wp\/v2\/media\/170943"}],"wp:attachment":[{"href":"https:\/\/enolife.com.ar\/es\/wp-json\/wp\/v2\/media?parent=170936"}],"wp:term":[{"taxonomy":"category","embeddable":true,"href":"https:\/\/enolife.com.ar\/es\/wp-json\/wp\/v2\/categories?post=170936"},{"taxonomy":"post_tag","embeddable":true,"href":"https:\/\/enolife.com.ar\/es\/wp-json\/wp\/v2\/tags?post=170936"}],"curies":[{"name":"wp","href":"https:\/\/api.w.org\/{rel}","templated":true}]}}