{"id":170904,"date":"2025-12-02T13:36:23","date_gmt":"2025-12-02T13:36:23","guid":{"rendered":"https:\/\/enolife.com.ar\/es\/?p=170904"},"modified":"2025-12-03T21:01:33","modified_gmt":"2025-12-03T21:01:33","slug":"por-primera-vez-eligen-a-un-mendocino-como-presidente-de-la-asociacion-argentina-de-sommeliers","status":"publish","type":"post","link":"https:\/\/enolife.com.ar\/es\/por-primera-vez-eligen-a-un-mendocino-como-presidente-de-la-asociacion-argentina-de-sommeliers\/","title":{"rendered":"Por primera vez eligen a un mendocino como presidente de la Asociaci\u00f3n Argentina de Sommeliers"},"content":{"rendered":"\n<h4 class=\"wp-block-heading\"><em><strong>La Asociaci\u00f3n Argentina de Sommeliers renov\u00f3 sus autoridades para el per\u00edodo 2025-2028 y, por primera vez en su historia, la presidencia qued\u00f3 a cargo de un profesional mendocino. Andr\u00e9s Lafarge conducir\u00e1 una Comisi\u00f3n Directiva Federal que buscar\u00e1 reforzar el crecimiento, la representatividad y la proyecci\u00f3n nacional de la sommellerie argentina.<\/strong><\/em><\/h4>\n\n\n\n<div style=\"height:33px\" aria-hidden=\"true\" class=\"wp-block-spacer\"><\/div>\n\n\n<a href=\"http:\/\/www.quiminsa.com.ar\/\" aria-label=\"banner quiminsa b 1700&#215;500\"><img loading=\"lazy\" decoding=\"async\" src=\"https:\/\/enolife.com.ar\/es\/wp-content\/uploads\/2022\/04\/banner-quiminsa-b-1700x500-1.jpg\" alt=\"\"  srcset=\"https:\/\/enolife.com.ar\/es\/wp-content\/uploads\/2022\/04\/banner-quiminsa-b-1700x500-1.jpg 1700w, https:\/\/enolife.com.ar\/es\/wp-content\/uploads\/2022\/04\/banner-quiminsa-b-1700x500-1-300x88.jpg 300w, https:\/\/enolife.com.ar\/es\/wp-content\/uploads\/2022\/04\/banner-quiminsa-b-1700x500-1-1024x301.jpg 1024w, https:\/\/enolife.com.ar\/es\/wp-content\/uploads\/2022\/04\/banner-quiminsa-b-1700x500-1-768x226.jpg 768w, https:\/\/enolife.com.ar\/es\/wp-content\/uploads\/2022\/04\/banner-quiminsa-b-1700x500-1-1536x452.jpg 1536w, https:\/\/enolife.com.ar\/es\/wp-content\/uploads\/2022\/04\/banner-quiminsa-b-1700x500-1-1170x344.jpg 1170w, https:\/\/enolife.com.ar\/es\/wp-content\/uploads\/2022\/04\/banner-quiminsa-b-1700x500-1-585x172.jpg 585w\" sizes=\"auto, (max-width: 1700px) 100vw, 1700px\" width=\"1700\" height=\"500\"   \/><\/a>\n\n\n<div style=\"height:36px\" aria-hidden=\"true\" class=\"wp-block-spacer\"><\/div>\n\n\n\n<p>La <strong>Asociaci\u00f3n Argentina de Sommeliers (AAS)<\/strong> eligi\u00f3 a su nueva Comisi\u00f3n Directiva, que conducir\u00e1 la instituci\u00f3n a partir del 10 de diciembre de 2025 y durante los siguientes 3 a\u00f1os. Por primera vez, la presidencia qued\u00f3 en manos de un sommelier mendocino:&nbsp;<strong>Andr\u00e9s Lafarge<\/strong>, quien estar\u00e1 acompa\u00f1ado por&nbsp;<strong>Pablo Colina<\/strong>&nbsp;como vicepresidente y liderar\u00e1 un equipo federal conformado por referentes de distintas regiones del pa\u00eds.<\/p>\n\n\n\n<p>El pasado lunes 1 de diciembre, los socios titulares participaron de la&nbsp;<strong>Asamblea Eleccionaria<\/strong>, que por primera vez se realiz\u00f3 de manera simult\u00e1nea en&nbsp;<strong>tres sedes: Buenos Aires, Mendoza y Rosario<\/strong>, permitiendo una participaci\u00f3n m\u00e1s amplia y representativa, en l\u00ednea con la impronta federal que la Asociaci\u00f3n viene consolidando en los \u00faltimos a\u00f1os.<\/p>\n\n\n\n<p>La nueva gesti\u00f3n sucede a la encabezada por&nbsp;<strong>Marcela Rienzo<\/strong>&nbsp;y&nbsp;<strong>Natalia Valentina Su\u00e1rez<\/strong>, quienes ocuparon los cargos de presidenta y vicepresidenta en el per\u00edodo 2023-2025.<\/p>\n\n\n\n<p><em>\u201cPara m\u00ed es un verdadero honor y un enorme orgullo asumir la presidencia de la Asociaci\u00f3n Argentina de Sommeliers.&nbsp;Afronto este rol con el compromiso de elevar nuestro profesionalismo, promoviendo una instituci\u00f3n que sepa <\/em>aggiornarse<em> y acompa\u00f1ar a las nuevas generaciones de consumidores y profesionales del vino\u00bb,&nbsp;<\/em>declar\u00f3&nbsp;<strong>Lafarge.<\/strong><\/p>\n\n\n\n<div style=\"height:24px\" aria-hidden=\"true\" class=\"wp-block-spacer\"><\/div>\n\n\n<div class=\"wp-block-image\">\n<figure class=\"aligncenter is-resized\"><a href=\"https:\/\/eldescorchediario.com\/wp-content\/uploads\/2025\/12\/Andres-Lafarge-1.jpeg\" data-rel=\"penci-gallery-image-content\" ><img decoding=\"async\" src=\"https:\/\/eldescorchediario.com\/wp-content\/uploads\/2025\/12\/Andres-Lafarge-1.jpeg\" alt=\"\" class=\"wp-image-31511\" style=\"width:680px;height:auto\"\/><\/a><\/figure><\/div>\n\n\n<div style=\"height:41px\" aria-hidden=\"true\" class=\"wp-block-spacer\"><\/div>\n\n\n\n<p><em>\u00abComo mendocino, me motiva especialmente fortalecer el v\u00ednculo federal de nuestra actividad, integrando a miembros de la Comisi\u00f3n Directiva provenientes de distintas ciudades de Argentina. Trabajaremos para seguir construyendo una comunidad m\u00e1s s\u00f3lida, preparada y unida en pos del crecimiento de la sommellerie nacional\u201d,&nbsp;<\/em>agreg\u00f3 el flamante presidente.<\/p>\n\n\n\n<p><strong>Andr\u00e9s Lafarge&nbsp;<\/strong>es un sommelier mendocino con m\u00e1s de una d\u00e9cada de trayectoria en hospitalidad, docencia y gesti\u00f3n comercial en la industria del vino. Fue&nbsp;<em>Head Sommelier<\/em> del hotel Park Hyatt Mendoza, docente de la&nbsp;<strong>Escuela Argentina de Sommeliers<\/strong>&nbsp;y, hasta la actualidad, se desempe\u00f1aba como&nbsp;secretario general de la AAS&nbsp;y&nbsp;gerente de Cava en <strong>Bodega Coraz\u00f3n del Sol.<\/strong><\/p>\n\n\n\n<p>Posee formaci\u00f3n internacional:&nbsp;Sommelier EAS,&nbsp;WSET Level 3,&nbsp;Court of Master Sommeliers&nbsp;y&nbsp;Diploma ASI. Particip\u00f3 como concursante del certamen&nbsp;Mejor Sommelier de Argentina. Su perfil se caracteriza por una visi\u00f3n estrat\u00e9gica, la b\u00fasqueda de la excelencia profesional, la formaci\u00f3n continua y el desarrollo de negocios vinculados a la cultura del vino.<\/p>\n\n\n\n<div style=\"height:27px\" aria-hidden=\"true\" class=\"wp-block-spacer\"><\/div>\n\n\n\n<p class=\"has-cyan-bluish-gray-background-color has-background has-medium-font-size\"><strong>La nueva Comisi\u00f3n Directiva AAS 2025-2028<\/strong><\/p>\n\n\n\n<p class=\"has-cyan-bluish-gray-background-color has-background\"><strong>Presidente:<\/strong>&nbsp;Andr\u00e9s Lafarge<br><strong>Vicepresidente:<\/strong>&nbsp;Pablo Colina<br><strong>Secretario general:<\/strong>&nbsp;Juan Giacalone<br><strong>Tesorero:<\/strong>&nbsp;Juli\u00e1n P\u00e1e<br><strong>1ra. Vocal titular:<\/strong>&nbsp;Eugenia Loria<br><strong>2da. Vocal titular:<\/strong>&nbsp;Paz Levinson<br><strong>3ra. Vocal titular:<\/strong>&nbsp;Candela Traine<br><strong>4ta. Vocal titular:<\/strong>&nbsp;Desir\u00e9e Gim\u00e9nez<br><strong>5to. Vocal titular:<\/strong>&nbsp;Nicol\u00e1s Fitipaldi<br><strong>6to. Vocal titular:<\/strong>&nbsp;Rodrigo Kohn<br><strong>1er. Vocal suplente:<\/strong>&nbsp;Alex Rodr\u00edguez<br><strong>2da. Vocal suplente:<\/strong>&nbsp;L\u00eda de B\u00e1rbara<\/p>\n\n\n\n<div style=\"height:26px\" aria-hidden=\"true\" class=\"wp-block-spacer\"><\/div>\n\n\n\n<p>Fundada en 2001, la&nbsp;<strong>AAS<\/strong>&nbsp;es una asociaci\u00f3n civil sin fines de lucro dedicada a promover la cultura del vino y otras bebidas. Es la \u00fanica instituci\u00f3n del pa\u00eds reconocida por la&nbsp;<strong>Association de la Sommellerie Internationale (ASI)<\/strong>&nbsp;desde 2002.<\/p>\n\n\n\n<p>Sus principales objetivos incluyen: consolidar a la AAS como entidad comunicadora y referente en vinos y otras bebidas; posicionar la profesi\u00f3n del sommelier como un eslab\u00f3n clave dentro de la industria vitivin\u00edcola; aAcompa\u00f1ar el crecimiento sostenido de la actividad en \u00e1mbitos como gastronom\u00eda, periodismo, consultor\u00eda, docencia y organizaci\u00f3n de eventos.<\/p>\n\n\n\n<p>La AAS trabaja actualmente junto a m\u00e1s de\u00a0<strong>90 bodegas argentinas<\/strong>\u00a0y con entidades como la <strong>Corporaci\u00f3n Vitivin\u00edcola Argentina (Coviar)<\/strong>,\u00a0el <strong>Fondo Vitivin\u00edcola Mendoza<\/strong>, el <strong>Consejo Federal de Inversiones (CFI)<\/strong> y\u00a0<strong>Wines of Argentina<\/strong> <strong>(WOFA).<\/strong><\/p>\n\n\n\n<div style=\"height:36px\" aria-hidden=\"true\" class=\"wp-block-spacer\"><\/div>\n","protected":false},"excerpt":{"rendered":"<p>La Asociaci\u00f3n Argentina de Sommeliers renov\u00f3 sus autoridades para el per\u00edodo 2025-2028 y, por primera&hellip;<\/p>\n","protected":false},"author":2,"featured_media":170910,"comment_status":"closed","ping_status":"open","sticky":false,"template":"","format":"standard","meta":{"footnotes":""},"categories":[14],"tags":[],"class_list":["post-170904","post","type-post","status-publish","format-standard","has-post-thumbnail","hentry","category-news"],"_links":{"self":[{"href":"https:\/\/enolife.com.ar\/es\/wp-json\/wp\/v2\/posts\/170904","targetHints":{"allow":["GET"]}}],"collection":[{"href":"https:\/\/enolife.com.ar\/es\/wp-json\/wp\/v2\/posts"}],"about":[{"href":"https:\/\/enolife.com.ar\/es\/wp-json\/wp\/v2\/types\/post"}],"author":[{"embeddable":true,"href":"https:\/\/enolife.com.ar\/es\/wp-json\/wp\/v2\/users\/2"}],"replies":[{"embeddable":true,"href":"https:\/\/enolife.com.ar\/es\/wp-json\/wp\/v2\/comments?post=170904"}],"version-history":[{"count":0,"href":"https:\/\/enolife.com.ar\/es\/wp-json\/wp\/v2\/posts\/170904\/revisions"}],"wp:featuredmedia":[{"embeddable":true,"href":"https:\/\/enolife.com.ar\/es\/wp-json\/wp\/v2\/media\/170910"}],"wp:attachment":[{"href":"https:\/\/enolife.com.ar\/es\/wp-json\/wp\/v2\/media?parent=170904"}],"wp:term":[{"taxonomy":"category","embeddable":true,"href":"https:\/\/enolife.com.ar\/es\/wp-json\/wp\/v2\/categories?post=170904"},{"taxonomy":"post_tag","embeddable":true,"href":"https:\/\/enolife.com.ar\/es\/wp-json\/wp\/v2\/tags?post=170904"}],"curies":[{"name":"wp","href":"https:\/\/api.w.org\/{rel}","templated":true}]}}