{"id":170801,"date":"2025-12-01T23:06:28","date_gmt":"2025-12-01T23:06:28","guid":{"rendered":"https:\/\/enolife.com.ar\/es\/?p=170801"},"modified":"2025-12-02T16:31:04","modified_gmt":"2025-12-02T16:31:04","slug":"ronda-de-negocios-del-cfi-11-bodegas-mendocinas-con-importadores-de-6-paises-sudamericanos","status":"publish","type":"post","link":"https:\/\/enolife.com.ar\/es\/ronda-de-negocios-del-cfi-11-bodegas-mendocinas-con-importadores-de-6-paises-sudamericanos\/","title":{"rendered":"Ronda de negocios del CFI: 11 bodegas mendocinas con importadores de 6 pa\u00edses sudamericanos"},"content":{"rendered":"\n<h4 class=\"wp-block-heading\"><em><strong>El encuentro, realizado en la Ciudad de Buenos Aires los \u00faltimos d\u00edas de noviembre de 2025, fue impulsado por el Consejo Federal de Inversiones (CFI) con el apoyo de agencias provinciales de promoci\u00f3n comercial y ministerios de Producci\u00f3n, en el marco de pol\u00edticas para fortalecer las pymes regionales y federalizar la oferta vitivin\u00edcola argentina. Los bodegueros cuentan qu\u00e9 r\u00e9ditos les quedaron.<\/strong><\/em><\/h4>\n\n\n\n<div style=\"height:35px\" aria-hidden=\"true\" class=\"wp-block-spacer\"><\/div>\n\n\n<a href=\"https:\/\/www.instagram.com\/vinventions.sudamerica\/\" aria-label=\"Banner_Subr_1700x500\"><img loading=\"lazy\" decoding=\"async\" src=\"https:\/\/enolife.com.ar\/es\/wp-content\/uploads\/2019\/07\/Banner_Subr_1700x500.gif\" alt=\"\"  width=\"1700\" height=\"501\"   \/><\/a>\n\n\n<div style=\"height:45px\" aria-hidden=\"true\" class=\"wp-block-spacer\"><\/div>\n\n\n\n<p>El objetivo de la reuni\u00f3n de negocios fue impulsar la competitividad internacional de las bodegas argentinas, especialmente de las que son pymes regionales, mediante una propuesta integral que combin\u00f3 rondas de charlas y degustaciones con importadores internacionales, capacitaci\u00f3n t\u00e9cnica y posicionamiento estrat\u00e9gico en mercados latinoamericanos.<\/p>\n\n\n\n<p>En este sentido <strong>Moira Muss\u00e9, de Finca Muss\u00e9<\/strong>, habl\u00f3 de su experiencia: <em>\u00abNos reunimos con importadores de Per\u00fa, Ecuador, Colombia y Brasil. M\u00e1s all\u00e1 de los resultados, estamos muy contentos con el proceso y el aprendizaje. Agradecemos a ProMendoza y al programa \u00c1gil NEX por el acompa\u00f1amiento<\/em>\u00ab. Y <strong>Karina Morales, <\/strong>representante de<strong> Cavas del Artesano<\/strong>, agreg\u00f3: \u00ab<em>Fue una experiencia muy valiosa para nosotros. Nos abri\u00f3 muchas puertas y nos permiti\u00f3 conocer importadores\u00bb.<\/em><\/p>\n\n\n\n<div style=\"height:23px\" aria-hidden=\"true\" class=\"wp-block-spacer\"><\/div>\n\n\n\n<p class=\"has-background\" style=\"background-color:#abb7c270\">Las empresas mendocinas que participaron fueron: <strong>Bodegas y Vi\u00f1edos Amadeo Mara\u00f1\u00f3n<\/strong> (departamento de Guaymall\u00e9n); <strong>Cavas del Artesano <\/strong>(General Alvear); <strong>Bodega Grand Estate<\/strong> (de San Rafael, dentro del programa \u00c1gil NEX), <strong>Familia Morgan <\/strong>(San Rafael), <strong>Don Rosendo Wines<\/strong> (Maip\u00fa), <strong>Imberti Wines<\/strong> (Jun\u00edn, por \u00c1gil NEX), <strong>Finca Muss\u00e9<\/strong> (Rivadav\u00eda, por \u00c1gil NEX), <strong>Familia Garavaglia <\/strong>(San Mart\u00edn, por \u00c1gil NEX), <strong>Gloria Galvagno Estate <\/strong>(San Rafael, por \u00c1gil NEX), <strong>Bodega Monte Quieto<\/strong> (Luj\u00e1n de Cuyo) y <strong>Bodega Renacer<\/strong> (Luj\u00e1n de Cuyo).<\/p>\n\n\n\n<div style=\"height:35px\" aria-hidden=\"true\" class=\"wp-block-spacer\"><\/div>\n\n\n<div class=\"wp-block-image\">\n<figure class=\"aligncenter size-full\"><a href=\"https:\/\/enolife.com.ar\/es\/wp-content\/uploads\/2025\/12\/ece12715-ad78-e1d3-86a6-7b1e12e6101f.jpg\" data-rel=\"penci-gallery-image-content\" ><img loading=\"lazy\" decoding=\"async\" width=\"700\" height=\"400\" src=\"https:\/\/enolife.com.ar\/es\/wp-content\/uploads\/2025\/12\/ece12715-ad78-e1d3-86a6-7b1e12e6101f.jpg\" alt=\"\" class=\"wp-image-170804\" srcset=\"https:\/\/enolife.com.ar\/es\/wp-content\/uploads\/2025\/12\/ece12715-ad78-e1d3-86a6-7b1e12e6101f.jpg 700w, https:\/\/enolife.com.ar\/es\/wp-content\/uploads\/2025\/12\/ece12715-ad78-e1d3-86a6-7b1e12e6101f-300x171.jpg 300w, https:\/\/enolife.com.ar\/es\/wp-content\/uploads\/2025\/12\/ece12715-ad78-e1d3-86a6-7b1e12e6101f-585x334.jpg 585w\" sizes=\"auto, (max-width: 700px) 100vw, 700px\" \/><\/a><figcaption class=\"wp-element-caption\"><em><strong>Los representantes de las bodegas mendocinas junto a funcionarios de ProMendoza y directivos del Consejo Federal de Inversiones (CFI), en la ronda de Buenos Aires<\/strong><\/em><strong><em>.<\/em><\/strong><\/figcaption><\/figure><\/div>\n\n\n<div style=\"height:45px\" aria-hidden=\"true\" class=\"wp-block-spacer\"><\/div>\n\n\n\n<p class=\"has-medium-font-size\"><strong>Expectativas de negocios<\/strong><\/p>\n\n\n\n<p>Durante dos jornadas, bodegas de todo el pa\u00eds mantuvieron reuniones con importadores internacionales con el prop\u00f3sito de ampliar la presencia del vino argentino en los mercados globales y consolidar v\u00ednculos comerciales sostenibles. Las de Mendoza fueron acompa\u00f1adas por ProMendoza.<\/p>\n\n\n\n<p>Las actividades incluyeron espacios de vinculaci\u00f3n directa entre bodegas argentinas e importadores; capacitaciones para bodegas, sobre tendencias de consumo en Latinoam\u00e9erica, requisitos regulatorios, certificaciones internacionales y estrategias de relacionamiento.<\/p>\n\n\n\n<p>Seg\u00fan cont\u00f3 <strong>Alejandro Ramos, de Bodega Mara\u00f1\u00f3n<\/strong>, la actividad <em>\u00abfue muy interesante, con capacitaciones y reuniones intensas y positivas. Hubo mucho inter\u00e9s por parte de los importadores y esperamos seguir ampliando nuestra distribuci\u00f3n internacional<\/em>\u00ab.<\/p>\n\n\n\n<div style=\"height:35px\" aria-hidden=\"true\" class=\"wp-block-spacer\"><\/div>\n\n\n\n<figure class=\"wp-block-gallery has-nested-images columns-default is-cropped wp-block-gallery-1 is-layout-flex wp-block-gallery-is-layout-flex\">\n<figure class=\"wp-block-image size-full\"><a href=\"https:\/\/enolife.com.ar\/es\/wp-content\/uploads\/2025\/12\/adf147d0-759c-34e6-b0c3-ab25561634e4.jpg\" data-rel=\"penci-gallery-image-content\" ><img loading=\"lazy\" decoding=\"async\" width=\"627\" height=\"400\" data-id=\"170807\" src=\"https:\/\/enolife.com.ar\/es\/wp-content\/uploads\/2025\/12\/adf147d0-759c-34e6-b0c3-ab25561634e4.jpg\" alt=\"\" class=\"wp-image-170807\" srcset=\"https:\/\/enolife.com.ar\/es\/wp-content\/uploads\/2025\/12\/adf147d0-759c-34e6-b0c3-ab25561634e4.jpg 627w, https:\/\/enolife.com.ar\/es\/wp-content\/uploads\/2025\/12\/adf147d0-759c-34e6-b0c3-ab25561634e4-300x191.jpg 300w, https:\/\/enolife.com.ar\/es\/wp-content\/uploads\/2025\/12\/adf147d0-759c-34e6-b0c3-ab25561634e4-585x373.jpg 585w\" sizes=\"auto, (max-width: 627px) 100vw, 627px\" \/><\/a><\/figure>\n\n\n\n<figure class=\"wp-block-image size-full\"><a href=\"https:\/\/enolife.com.ar\/es\/wp-content\/uploads\/2025\/12\/18bc4333-001d-d79b-f4eb-f7efe44f9782.jpg\" data-rel=\"penci-gallery-image-content\" ><img loading=\"lazy\" decoding=\"async\" width=\"563\" height=\"372\" data-id=\"170808\" src=\"https:\/\/enolife.com.ar\/es\/wp-content\/uploads\/2025\/12\/18bc4333-001d-d79b-f4eb-f7efe44f9782.jpg\" alt=\"\" class=\"wp-image-170808\" srcset=\"https:\/\/enolife.com.ar\/es\/wp-content\/uploads\/2025\/12\/18bc4333-001d-d79b-f4eb-f7efe44f9782.jpg 563w, https:\/\/enolife.com.ar\/es\/wp-content\/uploads\/2025\/12\/18bc4333-001d-d79b-f4eb-f7efe44f9782-300x198.jpg 300w\" sizes=\"auto, (max-width: 563px) 100vw, 563px\" \/><\/a><\/figure>\n<\/figure>\n\n\n\n<div style=\"height:35px\" aria-hidden=\"true\" class=\"wp-block-spacer\"><\/div>\n\n\n\n<p>Otro de los participantes, <strong>Gabriela Zavala, de Don Rosendo Wines, <\/strong>tambi\u00e9n opin\u00f3 al respecto: \u00ab<em>Estamos muy contentos con la feria. Ha sido muy productiva y bien organizada. Tuvimos reuniones con importadores de Brasil y esperamos seguir avanzando\u00bb.<\/em><\/p>\n\n\n\n<p>Durante la jornada se llev\u00f3 a cabo una <em>masterclass <\/em>para importadores, dedicada a las regiones vitivin\u00edcolas argentinas, con degustaciones guiadas.<\/p>\n\n\n\n<p>Por su parte <strong>Gloria Galvagno, <\/strong>de Gloria Galvagno Estate, resumi\u00f3: <em>\u00abEste encuentro nos abri\u00f3 muchas puertas y nos brind\u00f3 apoyo para quienes somos nuevos en este proyecto. Estoy muy agradecida por la oportunidad de mostrar mi sue\u00f1o\u00bb.<\/em><\/p>\n\n\n\n<div style=\"height:35px\" aria-hidden=\"true\" class=\"wp-block-spacer\"><\/div>\n\n\n\n<p class=\"has-small-font-size\"><em><strong>Fuente: ProMendoza, Gobierno de Mendoza<\/strong><\/em><\/p>\n\n\n\n<div style=\"height:31px\" aria-hidden=\"true\" class=\"wp-block-spacer\"><\/div>\n","protected":false},"excerpt":{"rendered":"<p>El encuentro, realizado en la Ciudad de Buenos Aires los \u00faltimos d\u00edas de noviembre de&hellip;<\/p>\n","protected":false},"author":2,"featured_media":170809,"comment_status":"closed","ping_status":"open","sticky":false,"template":"","format":"standard","meta":{"footnotes":""},"categories":[14],"tags":[],"class_list":["post-170801","post","type-post","status-publish","format-standard","has-post-thumbnail","hentry","category-news"],"_links":{"self":[{"href":"https:\/\/enolife.com.ar\/es\/wp-json\/wp\/v2\/posts\/170801","targetHints":{"allow":["GET"]}}],"collection":[{"href":"https:\/\/enolife.com.ar\/es\/wp-json\/wp\/v2\/posts"}],"about":[{"href":"https:\/\/enolife.com.ar\/es\/wp-json\/wp\/v2\/types\/post"}],"author":[{"embeddable":true,"href":"https:\/\/enolife.com.ar\/es\/wp-json\/wp\/v2\/users\/2"}],"replies":[{"embeddable":true,"href":"https:\/\/enolife.com.ar\/es\/wp-json\/wp\/v2\/comments?post=170801"}],"version-history":[{"count":0,"href":"https:\/\/enolife.com.ar\/es\/wp-json\/wp\/v2\/posts\/170801\/revisions"}],"wp:featuredmedia":[{"embeddable":true,"href":"https:\/\/enolife.com.ar\/es\/wp-json\/wp\/v2\/media\/170809"}],"wp:attachment":[{"href":"https:\/\/enolife.com.ar\/es\/wp-json\/wp\/v2\/media?parent=170801"}],"wp:term":[{"taxonomy":"category","embeddable":true,"href":"https:\/\/enolife.com.ar\/es\/wp-json\/wp\/v2\/categories?post=170801"},{"taxonomy":"post_tag","embeddable":true,"href":"https:\/\/enolife.com.ar\/es\/wp-json\/wp\/v2\/tags?post=170801"}],"curies":[{"name":"wp","href":"https:\/\/api.w.org\/{rel}","templated":true}]}}