{"id":170738,"date":"2025-11-30T21:54:54","date_gmt":"2025-11-30T21:54:54","guid":{"rendered":"https:\/\/enolife.com.ar\/es\/?p=170738"},"modified":"2025-12-02T13:36:13","modified_gmt":"2025-12-02T13:36:13","slug":"el-consejo-profesional-de-enologos-de-mendoza-convoca-a-su-asamblea-general-ordinaria-el-6-12-25","status":"publish","type":"post","link":"https:\/\/enolife.com.ar\/es\/el-consejo-profesional-de-enologos-de-mendoza-convoca-a-su-asamblea-general-ordinaria-el-6-12-25\/","title":{"rendered":"El Consejo Profesional de En\u00f3logos de Mendoza convoca a su Asamblea General Ordinaria el 6\/12\/25"},"content":{"rendered":"\n<h4 class=\"wp-block-heading\"><em><strong>El s\u00e1bado 6 de diciembre de 2025, a las 10.30 hs, el Consejo Profesional de Graduados en Enolog\u00eda de Mendoza (Copgrem) llevar\u00e1 a cabo su Asamblea General Ordinaria. La entidad -responsable de otorgar la matr\u00edcula profesional, representar y defender a sus miembros- convoca a participar de la elecci\u00f3n y renovaci\u00f3n del 50% de los cargos, la memoria y balance 2025 y lo proyectado para 2026.<\/strong><\/em><\/h4>\n\n\n\n<div style=\"height:35px\" aria-hidden=\"true\" class=\"wp-block-spacer\"><\/div>\n\n\n<a href=\"https:\/\/grupoaltasur.com\/\" aria-label=\"1700-500px\"><img loading=\"lazy\" decoding=\"async\" src=\"https:\/\/enolife.com.ar\/es\/wp-content\/uploads\/2021\/01\/1700-500px.jpg\" alt=\"\"  srcset=\"https:\/\/enolife.com.ar\/es\/wp-content\/uploads\/2021\/01\/1700-500px.jpg 1700w, https:\/\/enolife.com.ar\/es\/wp-content\/uploads\/2021\/01\/1700-500px-300x88.jpg 300w, https:\/\/enolife.com.ar\/es\/wp-content\/uploads\/2021\/01\/1700-500px-1024x301.jpg 1024w, https:\/\/enolife.com.ar\/es\/wp-content\/uploads\/2021\/01\/1700-500px-768x226.jpg 768w, https:\/\/enolife.com.ar\/es\/wp-content\/uploads\/2021\/01\/1700-500px-1536x452.jpg 1536w, https:\/\/enolife.com.ar\/es\/wp-content\/uploads\/2021\/01\/1700-500px-1170x344.jpg 1170w, https:\/\/enolife.com.ar\/es\/wp-content\/uploads\/2021\/01\/1700-500px-585x172.jpg 585w\" sizes=\"auto, (max-width: 1700px) 100vw, 1700px\" width=\"1700\" height=\"500\"   \/><\/a>\n\n\n<div style=\"height:45px\" aria-hidden=\"true\" class=\"wp-block-spacer\"><\/div>\n\n\n\n<p>El <strong><strong>Consejo Profesional de Graduados en Enolog\u00eda de Mendoza (Copgrem)<\/strong><\/strong> nace a partir de la <strong>Ley Provincial de Mendoza no. 5.184 <\/strong>como el portavoz de los profesionales graduados de las carreras de Enolog\u00eda de la provincia. Desde la creaci\u00f3n de la entidad, el 28 de octubre de 1986 (reglamentada por el decreto 745 en 1989), Copgrem garantiza la idoneidad de estos profesionales mendocinos mediante la certificaci\u00f3n de competencias laborales; interact\u00faa con establecimientos educativos; avala las referencias necesarias para el mercado laboral y busca condiciones de trabajo dignas y compensaciones justas por su tarea. Adem\u00e1s, la instituci\u00f3n es un referente de consulta tanto nacional como internacional a trav\u00e9s de su participaci\u00f3n en la<strong> Asociaci\u00f3n de En\u00f3logos de Am\u00e9rica (AEA)<\/strong>, de la que es miembro fundador.<\/p>\n\n\n<div class=\"wp-block-image\">\n<figure class=\"alignleft size-full is-resized\"><a href=\"https:\/\/enolife.com.ar\/es\/wp-content\/uploads\/2025\/11\/WhatsApp-Image-2025-11-28-at-12.14.50.jpeg\" data-rel=\"penci-gallery-image-content\" ><img loading=\"lazy\" decoding=\"async\" width=\"656\" height=\"508\" src=\"https:\/\/enolife.com.ar\/es\/wp-content\/uploads\/2025\/11\/WhatsApp-Image-2025-11-28-at-12.14.50.jpeg\" alt=\"\" class=\"wp-image-170739\" style=\"width:344px;height:auto\" srcset=\"https:\/\/enolife.com.ar\/es\/wp-content\/uploads\/2025\/11\/WhatsApp-Image-2025-11-28-at-12.14.50.jpeg 656w, https:\/\/enolife.com.ar\/es\/wp-content\/uploads\/2025\/11\/WhatsApp-Image-2025-11-28-at-12.14.50-300x232.jpeg 300w, https:\/\/enolife.com.ar\/es\/wp-content\/uploads\/2025\/11\/WhatsApp-Image-2025-11-28-at-12.14.50-585x453.jpeg 585w\" sizes=\"auto, (max-width: 656px) 100vw, 656px\" \/><\/a><\/figure><\/div>\n\n\n<p class=\"has-background\" style=\"background-color:#abb7c242\">Con la finalidad de presentar la memoria y balance del a\u00f1o 2025, los proyectos para 2026, y llevar a cabo la elecci\u00f3n y renovaci\u00f3n del 50% de los cargos estatutarios, el <strong>Consejo Profesional de Graduados en Enolog\u00eda de Mendoza<em> <\/em><\/strong>convoca a sus miembros a participar de la <strong>Asamblea General Ordinaria, el d\u00eda s\u00e1bado 6 de diciembre a las 10.30 hs<\/strong>, en su sede de <strong>Mitre 617, piso 5, oficina 10, ciudad de Mendoza.<\/strong><\/p>\n\n\n\n<p>El Consejo es el que otorga la <strong>matr\u00edcula profesional <\/strong>a los graduados en Enolog\u00eda aptos para desempe\u00f1ar legalmente la profesi\u00f3n. Los clasifica en el registro de profesionales seg\u00fan si ejercen la actividad en el \u00e1mbito privado o estatal, los que no ejercen y los inhabilitados. Establece las reglamentaciones para su propio funcionamiento; determina anualmente los aranceles de inscripciones, cuotas mensuales y sus formas de percepci\u00f3n; proyecta y propone al poder ejecutivo las remuneraciones, honorarios o retribuciones en el ejercicio de la enolog\u00eda; atiende todo lo referente a beneficios sociales de los en\u00f3logos.<\/p>\n\n\n\n<p>Adem\u00e1s, colabora con los funcionarios provinciales y nacionales en la elaboraci\u00f3n de informes, estudios, proyectos y dem\u00e1s trabajos referidos a la vitivinicultura. Propone el r\u00e9gimen previsional, la jerarquizaci\u00f3n de la profesi\u00f3n de en\u00f3logos, estimula la solidaridad entre sus miembros, y combate el ejercicio ilegal de la enolog\u00eda.<\/p>\n\n\n\n<div style=\"height:23px\" aria-hidden=\"true\" class=\"wp-block-spacer\"><\/div>\n\n\n\n<p class=\"has-background\" style=\"background-color:#abb7c26e\"><strong>Para ser parte de Copgrem, se puede completar la planilla respectiva <a href=\"https:\/\/copgrem.com.ar\/participa\">AQU\u00cd<\/a><\/strong><\/p>\n\n\n\n<div style=\"height:25px\" aria-hidden=\"true\" class=\"wp-block-spacer\"><\/div>\n","protected":false},"excerpt":{"rendered":"<p>El s\u00e1bado 6 de diciembre de 2025, a las 10.30 hs, el Consejo Profesional de&hellip;<\/p>\n","protected":false},"author":2,"featured_media":170764,"comment_status":"closed","ping_status":"open","sticky":false,"template":"","format":"standard","meta":{"footnotes":""},"categories":[47],"tags":[],"class_list":["post-170738","post","type-post","status-publish","format-standard","has-post-thumbnail","hentry","category-agenda"],"_links":{"self":[{"href":"https:\/\/enolife.com.ar\/es\/wp-json\/wp\/v2\/posts\/170738","targetHints":{"allow":["GET"]}}],"collection":[{"href":"https:\/\/enolife.com.ar\/es\/wp-json\/wp\/v2\/posts"}],"about":[{"href":"https:\/\/enolife.com.ar\/es\/wp-json\/wp\/v2\/types\/post"}],"author":[{"embeddable":true,"href":"https:\/\/enolife.com.ar\/es\/wp-json\/wp\/v2\/users\/2"}],"replies":[{"embeddable":true,"href":"https:\/\/enolife.com.ar\/es\/wp-json\/wp\/v2\/comments?post=170738"}],"version-history":[{"count":0,"href":"https:\/\/enolife.com.ar\/es\/wp-json\/wp\/v2\/posts\/170738\/revisions"}],"wp:featuredmedia":[{"embeddable":true,"href":"https:\/\/enolife.com.ar\/es\/wp-json\/wp\/v2\/media\/170764"}],"wp:attachment":[{"href":"https:\/\/enolife.com.ar\/es\/wp-json\/wp\/v2\/media?parent=170738"}],"wp:term":[{"taxonomy":"category","embeddable":true,"href":"https:\/\/enolife.com.ar\/es\/wp-json\/wp\/v2\/categories?post=170738"},{"taxonomy":"post_tag","embeddable":true,"href":"https:\/\/enolife.com.ar\/es\/wp-json\/wp\/v2\/tags?post=170738"}],"curies":[{"name":"wp","href":"https:\/\/api.w.org\/{rel}","templated":true}]}}