{"id":170724,"date":"2025-11-30T02:17:32","date_gmt":"2025-11-30T02:17:32","guid":{"rendered":"https:\/\/enolife.com.ar\/es\/?p=170724"},"modified":"2025-12-01T23:06:15","modified_gmt":"2025-12-01T23:06:15","slug":"la-camara-riojana-de-productores-agropecuarios-renovo-su-conduccion-con-mario-gonzalez-al-frente","status":"publish","type":"post","link":"https:\/\/enolife.com.ar\/es\/la-camara-riojana-de-productores-agropecuarios-renovo-su-conduccion-con-mario-gonzalez-al-frente\/","title":{"rendered":"La C\u00e1mara Riojana de Productores Agropecuarios renov\u00f3 su conducci\u00f3n, con Mario Gonz\u00e1lez al frente"},"content":{"rendered":"\n<h4 class=\"wp-block-heading\"><em><strong>En su nuevo per\u00edodo de trabajo, la C\u00e1mara Riojana de Productores Agropecuarios (Carpa), con sede en la ciudad de Chilecito de esta provincia del Noroeste Argentino (NOA), oficializ\u00f3 su nueva conducci\u00f3n para el per\u00edodo 2025-2026 tras la Asamblea General celebrada el 28\/11\/2025. A la cabeza de la Comisi\u00f3n Directiva contin\u00faan los hist\u00f3ricos dirigentes Mario H. Gonz\u00e1lez como presidente (4to. de izq. a der. de la foto principal) y Oscar G\u00f3mez (6to. de izq. a der.) como vicepresidente.<\/strong><\/em><\/h4>\n\n\n\n<div style=\"height:38px\" aria-hidden=\"true\" class=\"wp-block-spacer\"><\/div>\n\n\n<a href=\"https:\/\/estanciamendoza.com.ar\/es\/\" aria-label=\"Copia de BEM &#8211; Banner adaptaciones diario digital_BEM &#8211; Banner Enolife &#8211; 1700&#215;500\"><img loading=\"lazy\" decoding=\"async\" src=\"https:\/\/enolife.com.ar\/es\/wp-content\/uploads\/2019\/07\/Copia-de-BEM-Banner-adaptaciones-diario-digital_BEM-Banner-Enolife-1700x500-1.jpg\" alt=\"\"  srcset=\"https:\/\/enolife.com.ar\/es\/wp-content\/uploads\/2019\/07\/Copia-de-BEM-Banner-adaptaciones-diario-digital_BEM-Banner-Enolife-1700x500-1.jpg 1700w, https:\/\/enolife.com.ar\/es\/wp-content\/uploads\/2019\/07\/Copia-de-BEM-Banner-adaptaciones-diario-digital_BEM-Banner-Enolife-1700x500-1-300x88.jpg 300w, https:\/\/enolife.com.ar\/es\/wp-content\/uploads\/2019\/07\/Copia-de-BEM-Banner-adaptaciones-diario-digital_BEM-Banner-Enolife-1700x500-1-1024x301.jpg 1024w, https:\/\/enolife.com.ar\/es\/wp-content\/uploads\/2019\/07\/Copia-de-BEM-Banner-adaptaciones-diario-digital_BEM-Banner-Enolife-1700x500-1-768x226.jpg 768w, https:\/\/enolife.com.ar\/es\/wp-content\/uploads\/2019\/07\/Copia-de-BEM-Banner-adaptaciones-diario-digital_BEM-Banner-Enolife-1700x500-1-1536x452.jpg 1536w, https:\/\/enolife.com.ar\/es\/wp-content\/uploads\/2019\/07\/Copia-de-BEM-Banner-adaptaciones-diario-digital_BEM-Banner-Enolife-1700x500-1-1170x344.jpg 1170w, https:\/\/enolife.com.ar\/es\/wp-content\/uploads\/2019\/07\/Copia-de-BEM-Banner-adaptaciones-diario-digital_BEM-Banner-Enolife-1700x500-1-585x172.jpg 585w\" sizes=\"auto, (max-width: 1700px) 100vw, 1700px\" width=\"1700\" height=\"500\"   \/><\/a>\n\n\n<div style=\"height:45px\" aria-hidden=\"true\" class=\"wp-block-spacer\"><\/div>\n\n\n\n<p>La <strong>C\u00e1mara Riojana de Productores Agropecuarios (Carpa)<\/strong> realiz\u00f3 el pasado viernes 28 de noviembre, a partir de las 20 hs y en su sede de la ciudad de <strong>Chilecito<\/strong>,&nbsp;su Asamblea Anual Ordinaria correspondiente al ejercicio econ\u00f3mico N\u00ba LIII (53) cerrado el 30 de Junio de 2025.<\/p>\n\n\n\n<p>Luego de la lectura y aprobaci\u00f3n &nbsp;del Acta de la Asamblea anterior, se pas\u00f3 a la Memoria, Balance General, Inventario e Informe del S\u00edndico y de Auditor\u00eda correspondiente al Ejercicio Social N\u00b0LIII cerrado al 30\/6\/2025. &nbsp;<\/p>\n\n\n\n<p>Finalmente se realiz\u00f3 la renovaci\u00f3n de autoridades y s\u00edndicos. En el cierre, el ingeniero <strong>Mario Gonz\u00e1lez <\/strong>agradeci\u00f3 en acompa\u00f1amiento a su gesti\u00f3n, a la vez que convoc\u00f3 a todos los socios a estar presentes y activos en los pr\u00f3ximos meses ya que, advirti\u00f3, la situaci\u00f3n del sector, especialmente el vitivin\u00edcola, no es f\u00e1cil y requerir\u00e1 del esfuerzo y la participaci\u00f3n de todos para poder enfrentar los d\u00edas dif\u00edciles que se aproximan.<\/p>\n\n\n\n<div style=\"height:25px\" aria-hidden=\"true\" class=\"wp-block-spacer\"><\/div>\n\n\n\n<p class=\"has-cyan-bluish-gray-background-color has-background has-medium-font-size\"><strong>La Comisi\u00f3n Directiva para el per\u00edodo 2025-2026<\/strong><\/p>\n\n\n\n<p class=\"has-cyan-bluish-gray-background-color has-background\">Presidente:<strong> Mario Hern\u00e1n Gonz\u00e1lez<\/strong><br>Vicepresidente 1ro.:<strong> Oscar<\/strong> <strong>G\u00f3mez<\/strong><br>Vicepresidenta 2da.: <strong>Miriam Morales<\/strong><br>Secrectaria: <strong>Viviana Michel<\/strong><br>Prosecretario:<strong>\u00a0\u00a0Jos\u00e9 Emilio BELLIA<\/strong><br>Tesorera: <strong>Catalina G\u00f3mez Ticac<\/strong><br>Protesorero: <strong>Joaqu\u00edn Gonz\u00e1lez Ribot<\/strong><br>Vocal titular 1ro.:\u00a0<strong>Mario Juan Gonz\u00e1lez<\/strong><br>Vocal titular 2do. <strong>Gustavo D\u00e1vila<\/strong><br>Vocal titular 3ro.: <strong>Jos\u00e9 Luis Bellia<\/strong><br>Vocal titular 4to.: <strong>Alfredo Capece<\/strong><br>Vocal titular 5to.: <strong>Daniel Iribarren P\u00e1ez<\/strong><br>Vocal titular 6to.: <strong>Mar\u00eda de los \u00c1ngeles Gim\u00e9nez<\/strong><br>Vocal suplente 1ro.:\u00a0<strong>Siria Amatte<\/strong><br>Vocal suplente 2do.: <strong>Nereo Nievas<\/strong><br>Vocal suplente 3ro.: <strong>Hugo Passamonti<\/strong><br>Vocal suplente 4to.: <strong>Francisco Jard\u00f3n<\/strong><br>Vocal suplente 5to. <strong>Germ\u00e1n Gonz\u00e1lez<\/strong><br>Vocal suplente 6to.:<strong> Lorenzo Osvaldo Capece<\/strong><br>S\u00edndica titular: <strong>Gabriela Capece <\/strong><br>S\u00edndico suplente: <strong>Eloy Vega \u00a0\u00a0\u00a0\u00a0\u00a0<\/strong>\u00a0\u00a0\u00a0\u00a0\u00a0\u00a0\u00a0\u00a0<\/p>\n\n\n\n<div style=\"height:37px\" aria-hidden=\"true\" class=\"wp-block-spacer\"><\/div>\n","protected":false},"excerpt":{"rendered":"<p>En su nuevo per\u00edodo de trabajo, la C\u00e1mara Riojana de Productores Agropecuarios (Carpa), con sede&hellip;<\/p>\n","protected":false},"author":2,"featured_media":170727,"comment_status":"closed","ping_status":"open","sticky":false,"template":"","format":"standard","meta":{"footnotes":""},"categories":[14],"tags":[],"class_list":["post-170724","post","type-post","status-publish","format-standard","has-post-thumbnail","hentry","category-news"],"_links":{"self":[{"href":"https:\/\/enolife.com.ar\/es\/wp-json\/wp\/v2\/posts\/170724","targetHints":{"allow":["GET"]}}],"collection":[{"href":"https:\/\/enolife.com.ar\/es\/wp-json\/wp\/v2\/posts"}],"about":[{"href":"https:\/\/enolife.com.ar\/es\/wp-json\/wp\/v2\/types\/post"}],"author":[{"embeddable":true,"href":"https:\/\/enolife.com.ar\/es\/wp-json\/wp\/v2\/users\/2"}],"replies":[{"embeddable":true,"href":"https:\/\/enolife.com.ar\/es\/wp-json\/wp\/v2\/comments?post=170724"}],"version-history":[{"count":0,"href":"https:\/\/enolife.com.ar\/es\/wp-json\/wp\/v2\/posts\/170724\/revisions"}],"wp:featuredmedia":[{"embeddable":true,"href":"https:\/\/enolife.com.ar\/es\/wp-json\/wp\/v2\/media\/170727"}],"wp:attachment":[{"href":"https:\/\/enolife.com.ar\/es\/wp-json\/wp\/v2\/media?parent=170724"}],"wp:term":[{"taxonomy":"category","embeddable":true,"href":"https:\/\/enolife.com.ar\/es\/wp-json\/wp\/v2\/categories?post=170724"},{"taxonomy":"post_tag","embeddable":true,"href":"https:\/\/enolife.com.ar\/es\/wp-json\/wp\/v2\/tags?post=170724"}],"curies":[{"name":"wp","href":"https:\/\/api.w.org\/{rel}","templated":true}]}}