{"id":170708,"date":"2025-11-29T17:44:05","date_gmt":"2025-11-29T17:44:05","guid":{"rendered":"https:\/\/enolife.com.ar\/es\/?p=170708"},"modified":"2025-11-30T21:55:51","modified_gmt":"2025-11-30T21:55:51","slug":"el-vino-al-compas-del-2x4-vinoteca-elixir-auspicia-el-recital-de-tango-fiero-el-29-y-30-11-en-el-le-parc","status":"publish","type":"post","link":"https:\/\/enolife.com.ar\/es\/el-vino-al-compas-del-2x4-vinoteca-elixir-auspicia-el-recital-de-tango-fiero-el-29-y-30-11-en-el-le-parc\/","title":{"rendered":"El vino al comp\u00e1s del 2&#215;4: vinoteca Elixir auspicia el recital de Tango Fiero el 29 y 30\/11 en el Le Parc"},"content":{"rendered":"\n<h4 class=\"wp-block-heading\"><em><strong>Con el apoyo de la vinoteca y espacio cultural Elixir, toca en Mendoza un original tr\u00edo de tango y milonga \u00ab100% bailable\u00bb. Los recitales ser\u00e1n en el marco del Festival M\u00fasica y Sombras que se desarrolla estos d\u00edas en el complejo Julio Le Parc de Guaymall\u00e9n, Mendoza. Una buena ocasi\u00f3n para brindar y ponerse al d\u00eda con los cl\u00e1sicos y las novedades de la m\u00fasica ciudadana.<\/strong><\/em><\/h4>\n\n\n\n<div style=\"height:32px\" aria-hidden=\"true\" class=\"wp-block-spacer\"><\/div>\n\n\n\n\n\n<div style=\"height:36px\" aria-hidden=\"true\" class=\"wp-block-spacer\"><\/div>\n\n\n\n<p>El vino, la m\u00fasica y la cultura siempre hacen buenas alianzas, fruct\u00edferas y atractivas para el p\u00fablico consumidor de estas tres -por qu\u00e9 no decirlo as\u00ed- disciplinas art\u00edsticas. Es el caso del <strong>Festival M\u00fasica y Sombras<\/strong> que por estos d\u00edas se realiza en el <strong>Espacio Cultural Julio Le Parc de Guaymall\u00e9n, Mendoza<\/strong>, con la presencia, entre otros grupos y disertantes, de <strong>Tango Fiero<\/strong>, un tr\u00edo del denominado \u00abnuevo tango milonguero\u00bb, conformado por <strong>Nes Gutman<\/strong> (guitarra y voz), <strong>Facundo Mercado<\/strong> guitarra) y <strong>Angel Bonura <\/strong>(contrabajo).<\/p>\n\n\n\n<p>Los Tango Fiero comenzaron a presentarse con esta formaci\u00f3n desde 2019 en milongas y boliches de tango de <strong>Buenos Aires<\/strong>, para luego escalar a giras por el interior del pa\u00eds, como es el caso de su llegada a Mendoza de la mano de <strong>Vinoteca Elixir<\/strong>, un espacio cultural para vin\u00f3filos ubicado en Paso de los Andes 138 de la Capital de Mendoza.<\/p>\n\n\n\n<p>En Elixir se respira tango. Con la conducci\u00f3n del joven <strong>Juan Cruz Zuloaga<\/strong> -m\u00fasico \u00e9l mismo adem\u00e1s de vinotequero, especialmente volcado a la interpretaci\u00f3n de tango en diversas agrupaciones locales-, en su local se realizan permanentes reuniones para escuchar tango, rock nacional, rock internacional y folclore, siempre copa en mano, con tapeos gourmets y precios accesibles. En este caso, Elixir es \u00aborgulloso auspiciante\u00bb del tr\u00edo porte\u00f1o, que se presenta esta noche del <strong>29\/11 y ma\u00f1ana domingo 30\/11 en la Sala Ernesto Su\u00e1rez del Espacio Cultural Julio Le Parc<\/strong>, ubicado en Mitre y Godoy Cruz de Guaymall\u00e9n, Mendoza.<\/p>\n\n\n\n<div style=\"height:40px\" aria-hidden=\"true\" class=\"wp-block-spacer\"><\/div>\n\n\n<div class=\"wp-block-image\">\n<figure class=\"aligncenter size-full is-resized\"><a href=\"https:\/\/enolife.com.ar\/es\/wp-content\/uploads\/2025\/11\/Vinoteca-Elixir-2-1.png\" data-rel=\"penci-gallery-image-content\" ><img loading=\"lazy\" decoding=\"async\" width=\"816\" height=\"459\" src=\"https:\/\/enolife.com.ar\/es\/wp-content\/uploads\/2025\/11\/Vinoteca-Elixir-2-1-edited.png\" alt=\"\" class=\"wp-image-170717\" style=\"width:658px;height:auto\" srcset=\"https:\/\/enolife.com.ar\/es\/wp-content\/uploads\/2025\/11\/Vinoteca-Elixir-2-1-edited.png 816w, https:\/\/enolife.com.ar\/es\/wp-content\/uploads\/2025\/11\/Vinoteca-Elixir-2-1-edited-300x169.png 300w, https:\/\/enolife.com.ar\/es\/wp-content\/uploads\/2025\/11\/Vinoteca-Elixir-2-1-edited-768x432.png 768w, https:\/\/enolife.com.ar\/es\/wp-content\/uploads\/2025\/11\/Vinoteca-Elixir-2-1-edited-585x329.png 585w\" sizes=\"auto, (max-width: 816px) 100vw, 816px\" \/><\/a><figcaption class=\"wp-element-caption\"><em><strong>Una de las habituales juntadas de vino y m\u00fasica en la vinoteca de Paso de los Andes 138 de Mendoza.<\/strong><\/em><\/figcaption><\/figure><\/div>\n\n\n<div style=\"height:29px\" aria-hidden=\"true\" class=\"wp-block-spacer\"><\/div>\n\n\n\n<p>En el Festival M\u00fasica y Sombras donde se presenta Tango Fiero, adem\u00e1s se realizan, durante los tres d\u00edas de su puesta en escena, conciertos, talleres, conversatorios y brindis. El evento, seg\u00fan sus organizadores, constituye <em>\u00abuna buena oportunidad para sumergirse en el tango de hoy\u00bb.<\/em><\/p>\n\n\n\n<p>Las entradas al Festival pueden adquirise en la misma boleter\u00eda del Espacio Le Parc a un costo de <strong>$15.000 por noche.<\/strong><\/p>\n\n\n\n<div style=\"height:32px\" aria-hidden=\"true\" class=\"wp-block-spacer\"><\/div>\n\n\n\n<p class=\"has-cyan-bluish-gray-background-color has-background\"><strong>El recorrido de Tango Fiero<\/strong><br><br>El primer disco de la banda, <strong>\u201cEl Tango No Muri\u00f3 Ni Va a Morir\u201d<\/strong>, contiene 8 tangos, un vals y una milonga, todos con letra y m\u00fasica de Nes Gutman. Fue terminado de grabar en pandemia y cuenta con la colaboraci\u00f3n de m\u00fasicos invitados. A diferencia del primer disco, <strong>\u201c20.000 Lenguas de Tango Submarino\u201d<\/strong> registra, en todos los temas, el sonido actual del tr\u00edo. Este nuevo viaje incluye dos versiones de un tango <em>idishe<\/em> compuesto en Vilna, Polonia. Todos los temas son 100% bailables.<\/p>\n\n\n\n<div style=\"height:41px\" aria-hidden=\"true\" class=\"wp-block-spacer\"><\/div>\n","protected":false},"excerpt":{"rendered":"<p>Con el apoyo de la vinoteca y espacio cultural Elixir, toca en Mendoza un original&hellip;<\/p>\n","protected":false},"author":2,"featured_media":170709,"comment_status":"closed","ping_status":"open","sticky":false,"template":"","format":"standard","meta":{"footnotes":""},"categories":[47],"tags":[],"class_list":["post-170708","post","type-post","status-publish","format-standard","has-post-thumbnail","hentry","category-agenda"],"_links":{"self":[{"href":"https:\/\/enolife.com.ar\/es\/wp-json\/wp\/v2\/posts\/170708","targetHints":{"allow":["GET"]}}],"collection":[{"href":"https:\/\/enolife.com.ar\/es\/wp-json\/wp\/v2\/posts"}],"about":[{"href":"https:\/\/enolife.com.ar\/es\/wp-json\/wp\/v2\/types\/post"}],"author":[{"embeddable":true,"href":"https:\/\/enolife.com.ar\/es\/wp-json\/wp\/v2\/users\/2"}],"replies":[{"embeddable":true,"href":"https:\/\/enolife.com.ar\/es\/wp-json\/wp\/v2\/comments?post=170708"}],"version-history":[{"count":0,"href":"https:\/\/enolife.com.ar\/es\/wp-json\/wp\/v2\/posts\/170708\/revisions"}],"wp:featuredmedia":[{"embeddable":true,"href":"https:\/\/enolife.com.ar\/es\/wp-json\/wp\/v2\/media\/170709"}],"wp:attachment":[{"href":"https:\/\/enolife.com.ar\/es\/wp-json\/wp\/v2\/media?parent=170708"}],"wp:term":[{"taxonomy":"category","embeddable":true,"href":"https:\/\/enolife.com.ar\/es\/wp-json\/wp\/v2\/categories?post=170708"},{"taxonomy":"post_tag","embeddable":true,"href":"https:\/\/enolife.com.ar\/es\/wp-json\/wp\/v2\/tags?post=170708"}],"curies":[{"name":"wp","href":"https:\/\/api.w.org\/{rel}","templated":true}]}}