{"id":170646,"date":"2025-11-28T16:58:21","date_gmt":"2025-11-28T16:58:21","guid":{"rendered":"https:\/\/enolife.com.ar\/es\/?p=170646"},"modified":"2025-11-29T17:43:52","modified_gmt":"2025-11-29T17:43:52","slug":"lujan-de-cuyo-reconocio-a-vivero-mercier-por-sus-practicas-sustentables-y-su-eficiencia-hidrica","status":"publish","type":"post","link":"https:\/\/enolife.com.ar\/es\/lujan-de-cuyo-reconocio-a-vivero-mercier-por-sus-practicas-sustentables-y-su-eficiencia-hidrica\/","title":{"rendered":"Luj\u00e1n de Cuyo reconoci\u00f3 a Vivero Mercier por sus pr\u00e1cticas sustentables y su eficiencia h\u00eddrica"},"content":{"rendered":"\n<h4 class=\"wp-block-heading\"><em><strong>La empresa global con presencia en Mendoza y Argentina desde hace m\u00e1s de 25 a\u00f1os, l\u00edder en producci\u00f3n y comercializaci\u00f3n de plantas de vid, fue distinguida por la Municipalidad de Luj\u00e1n de Cuyo por su gesti\u00f3n ambiental integral y por las buenas pr\u00e1cticas que promueven un modelo de producci\u00f3n responsable y comprometido con el futuro.<\/strong> <\/em><\/h4>\n\n\n\n<div style=\"height:35px\" aria-hidden=\"true\" class=\"wp-block-spacer\"><\/div>\n\n\n\n\n\n<div style=\"height:45px\" aria-hidden=\"true\" class=\"wp-block-spacer\"><\/div>\n\n\n\n<p><strong>Vivero Mercier Argentina<\/strong> fue nuevamente reconocido por la <strong>Municipalidad de Luj\u00e1n de Cuyo<\/strong> con el <strong>Sello Luj\u00e1n Sustentable (SLS)<\/strong>, una distinci\u00f3n que destaca a las empresas y organizaciones que promueven buenas pr\u00e1cticas ambientales y sostenibles. En esta edici\u00f3n, el vivero alcanz\u00f3 la <strong>categor\u00eda tipo A<\/strong>, que representa el m\u00e1ximo nivel de sostenibilidad establecido por el municipio.<\/p>\n\n\n\n<p>El acto de entrega de la distinci\u00f3n se realiz\u00f3 en la bodega <strong>Lamadrid Estate Wines<\/strong>, de Luj\u00e1n de Cuyo, y estuvo encabezada por el intendente local <strong>Esteban Allasino<\/strong>, quien otorg\u00f3 las certificaciones a cada firma distinguida.<\/p>\n\n\n\n<div style=\"height:35px\" aria-hidden=\"true\" class=\"wp-block-spacer\"><\/div>\n\n\n<div class=\"wp-block-image\">\n<figure class=\"aligncenter size-full\"><a href=\"https:\/\/enolife.com.ar\/es\/wp-content\/uploads\/2025\/11\/sello.jpg\" data-rel=\"penci-gallery-image-content\" ><img loading=\"lazy\" decoding=\"async\" width=\"768\" height=\"446\" src=\"https:\/\/enolife.com.ar\/es\/wp-content\/uploads\/2025\/11\/sello.jpg\" alt=\"\" class=\"wp-image-170649\" srcset=\"https:\/\/enolife.com.ar\/es\/wp-content\/uploads\/2025\/11\/sello.jpg 768w, https:\/\/enolife.com.ar\/es\/wp-content\/uploads\/2025\/11\/sello-300x174.jpg 300w, https:\/\/enolife.com.ar\/es\/wp-content\/uploads\/2025\/11\/sello-585x340.jpg 585w\" sizes=\"auto, (max-width: 768px) 100vw, 768px\" \/><\/a><\/figure><\/div>\n\n\n<div style=\"height:35px\" aria-hidden=\"true\" class=\"wp-block-spacer\"><\/div>\n\n\n\n<p>El <strong>Sello Luj\u00e1n Sustentable<\/strong> es un reconocimiento que naci\u00f3 en 2022 y busca prestigiar a actores p\u00fablicos y privados que trabajan en l\u00ednea con los <strong>Objetivos de Desarrollo Sostenible (ODS)<\/strong> y los compromisos del <strong>Acuerdo de Par\u00eds<\/strong>, promoviendo un equilibrio entre crecimiento econ\u00f3mico, bienestar social y cuidado ambiental.<\/p>\n\n\n\n<p>En esta nueva edici\u00f3n, <strong>Vivero Mercier<\/strong> fue evaluado en diversas variables clave: <strong>gesti\u00f3n de residuos, gesti\u00f3n del cambio clim\u00e1tico, gesti\u00f3n h\u00eddrica, impacto del producto o servicio, eficiencia energ\u00e9tica, movilidad sustentable y salud, seguridad y bienestar social<\/strong>.<\/p>\n\n\n\n<p><em>\u201cSer reconocidos junto a otras 39 empresas del departamento y, adem\u00e1s, recibir la m\u00e1xima distinci\u00f3n es un orgullo enorme. Este logro reafirma el compromiso con la sostenibilidad que caracteriza a Mercier y nos impulsa a seguir elevando nuestros est\u00e1ndares cada d\u00eda\u201d,<\/em><strong> <\/strong>afirm\u00f3 <strong>Daniel Bergam\u00edn , <\/strong>director t\u00e9cnico de Vivero Mercier <strong>(<\/strong>foto principal, junto a <strong>Laura Bree<\/strong>, responsable de I+D).<\/p>\n\n\n\n<div style=\"height:35px\" aria-hidden=\"true\" class=\"wp-block-spacer\"><\/div>\n\n\n\n<figure class=\"wp-block-gallery has-nested-images columns-default is-cropped wp-block-gallery-1 is-layout-flex wp-block-gallery-is-layout-flex\">\n<figure class=\"wp-block-image size-full\"><a href=\"https:\/\/enolife.com.ar\/es\/wp-content\/uploads\/2025\/11\/Sello-Lujan-Sustentable-para-Vivero-Mercier-3.jpg\" data-rel=\"penci-gallery-image-content\" ><img loading=\"lazy\" decoding=\"async\" width=\"613\" height=\"400\" data-id=\"170651\" src=\"https:\/\/enolife.com.ar\/es\/wp-content\/uploads\/2025\/11\/Sello-Lujan-Sustentable-para-Vivero-Mercier-3.jpg\" alt=\"\" class=\"wp-image-170651\" srcset=\"https:\/\/enolife.com.ar\/es\/wp-content\/uploads\/2025\/11\/Sello-Lujan-Sustentable-para-Vivero-Mercier-3.jpg 613w, https:\/\/enolife.com.ar\/es\/wp-content\/uploads\/2025\/11\/Sello-Lujan-Sustentable-para-Vivero-Mercier-3-300x196.jpg 300w, https:\/\/enolife.com.ar\/es\/wp-content\/uploads\/2025\/11\/Sello-Lujan-Sustentable-para-Vivero-Mercier-3-585x382.jpg 585w\" sizes=\"auto, (max-width: 613px) 100vw, 613px\" \/><\/a><\/figure>\n\n\n\n<figure class=\"wp-block-image size-full\"><a href=\"https:\/\/enolife.com.ar\/es\/wp-content\/uploads\/2025\/11\/Lujan-Sustentable-para-Mercier.jpg\" data-rel=\"penci-gallery-image-content\" ><img loading=\"lazy\" decoding=\"async\" width=\"457\" height=\"307\" data-id=\"170650\" src=\"https:\/\/enolife.com.ar\/es\/wp-content\/uploads\/2025\/11\/Lujan-Sustentable-para-Mercier.jpg\" alt=\"\" class=\"wp-image-170650\" srcset=\"https:\/\/enolife.com.ar\/es\/wp-content\/uploads\/2025\/11\/Lujan-Sustentable-para-Mercier.jpg 457w, https:\/\/enolife.com.ar\/es\/wp-content\/uploads\/2025\/11\/Lujan-Sustentable-para-Mercier-300x202.jpg 300w\" sizes=\"auto, (max-width: 457px) 100vw, 457px\" \/><\/a><\/figure>\n<\/figure>\n\n\n\n<div style=\"height:35px\" aria-hidden=\"true\" class=\"wp-block-spacer\"><\/div>\n\n\n\n<p>Este alto desempe\u00f1o se complementa con la reciente <strong>Certificaci\u00f3n de Buenas Pr\u00e1cticas Agr\u00edcolas (BPA)<\/strong>, que asegura la trazabilidad, y el cumplimiento de estrictos protocolos de seguridad en toda la operaci\u00f3n agr\u00edcola.<\/p>\n\n\n\n<p>La obtenci\u00f3n simult\u00e1nea de ambos logros reafirma la convicci\u00f3n del Vivero de que la excelencia productiva s\u00f3lo es posible cuando se fundamenta en una gesti\u00f3n ambiental y social responsable. Este enfoque responde a la filosof\u00eda que Vivero Mercier viene consolidando desde hace a\u00f1os, basada en la innovaci\u00f3n, la eficiencia y el respeto por el entorno, y que gu\u00eda cada una de sus decisiones.<\/p>\n\n\n\n<div style=\"height:45px\" aria-hidden=\"true\" class=\"wp-block-spacer\"><\/div>\n\n\n\n<p class=\"has-medium-font-size\"><strong>Sostenibles y conectados con la comunidad<\/strong><\/p>\n\n\n\n<p>El pilar social de la gesti\u00f3n sostenible de Vivero Mercier se materializa, en gran parte, a trav\u00e9s de dos programas de vinculaci\u00f3n comunitaria:<\/p>\n\n\n\n<ul class=\"wp-block-list\">\n<li><strong>Vivero Puertas Abiertas:<\/strong> Esta iniciativa promueve la <strong>Educaci\u00f3n de Calidad (ODS 4)<\/strong>, abriendo las instalaciones del vivero a estudiantes y profesionales, con visitas guiadas y capacitaci\u00f3n t\u00e9cnica, que fomentan el intercambio de conocimiento en los procesos productivos y pr\u00e1cticas sostenibles en la vitivinicultura.<\/li>\n\n\n\n<li><strong>Vivero Siembra Futuro:<\/strong> Orientado a la <strong>formaci\u00f3n pr\u00e1ctica y el desarrollo de nuevo talento. <\/strong>Este programa formaliza la incorporaci\u00f3n de estudiantes de nivel medio y superior a las operaciones diarias del vivero. Vivero Siembra Futuro ofrece a los pasantes una experiencia inmersiva y de alto valor formativo en el campo de la vitivinicultura, la sostenibilidad y la innovaci\u00f3n aplicada a la vid generando valor <strong>al ODS 4 de Educaci\u00f3n de Calidad.<\/strong><\/li>\n<\/ul>\n\n\n\n<p><em>\u00abCreemos firmemente que nuestro crecimiento debe generar valor compartido. A trav\u00e9s de estos programas, somos part\u00edcipes de la formaci\u00f3n de la pr\u00f3xima generaci\u00f3n de profesionales y compartimos el conocimiento adquirido. La obtenci\u00f3n del Sello Luj\u00e1n Sustentable, junto con el compromiso BPA y la dedicaci\u00f3n a la comunidad, no solo valida el camino recorrido, sino que fortalece la convicci\u00f3n de seguir trabajando por una producci\u00f3n consciente y un futuro social y ambientalmente m\u00e1s responsable\u201d, <\/em>concluy\u00f3 la licenciada<strong> Laura Bree,<\/strong> responsable del Departamento de Investigaci\u00f3n, Desarrollo, Innovaci\u00f3n y Sostenibilidad de Vivero Mercier. <\/p>\n\n\n\n<div style=\"height:35px\" aria-hidden=\"true\" class=\"wp-block-spacer\"><\/div>\n","protected":false},"excerpt":{"rendered":"<p>La empresa global con presencia en Mendoza y Argentina desde hace m\u00e1s de 25 a\u00f1os,&hellip;<\/p>\n","protected":false},"author":2,"featured_media":170653,"comment_status":"closed","ping_status":"open","sticky":false,"template":"","format":"standard","meta":{"footnotes":""},"categories":[57],"tags":[],"class_list":["post-170646","post","type-post","status-publish","format-standard","has-post-thumbnail","hentry","category-empresas"],"_links":{"self":[{"href":"https:\/\/enolife.com.ar\/es\/wp-json\/wp\/v2\/posts\/170646","targetHints":{"allow":["GET"]}}],"collection":[{"href":"https:\/\/enolife.com.ar\/es\/wp-json\/wp\/v2\/posts"}],"about":[{"href":"https:\/\/enolife.com.ar\/es\/wp-json\/wp\/v2\/types\/post"}],"author":[{"embeddable":true,"href":"https:\/\/enolife.com.ar\/es\/wp-json\/wp\/v2\/users\/2"}],"replies":[{"embeddable":true,"href":"https:\/\/enolife.com.ar\/es\/wp-json\/wp\/v2\/comments?post=170646"}],"version-history":[{"count":0,"href":"https:\/\/enolife.com.ar\/es\/wp-json\/wp\/v2\/posts\/170646\/revisions"}],"wp:featuredmedia":[{"embeddable":true,"href":"https:\/\/enolife.com.ar\/es\/wp-json\/wp\/v2\/media\/170653"}],"wp:attachment":[{"href":"https:\/\/enolife.com.ar\/es\/wp-json\/wp\/v2\/media?parent=170646"}],"wp:term":[{"taxonomy":"category","embeddable":true,"href":"https:\/\/enolife.com.ar\/es\/wp-json\/wp\/v2\/categories?post=170646"},{"taxonomy":"post_tag","embeddable":true,"href":"https:\/\/enolife.com.ar\/es\/wp-json\/wp\/v2\/tags?post=170646"}],"curies":[{"name":"wp","href":"https:\/\/api.w.org\/{rel}","templated":true}]}}