{"id":170575,"date":"2025-11-27T13:16:12","date_gmt":"2025-11-27T13:16:12","guid":{"rendered":"https:\/\/enolife.com.ar\/es\/?p=170575"},"modified":"2025-11-28T22:03:34","modified_gmt":"2025-11-28T22:03:34","slug":"intensifican-la-guerra-quimica-contra-el-segundo-vuelo-de-la-lobesia-botrana-en-mendoza","status":"publish","type":"post","link":"https:\/\/enolife.com.ar\/es\/intensifican-la-guerra-quimica-contra-el-segundo-vuelo-de-la-lobesia-botrana-en-mendoza\/","title":{"rendered":"Intensifican la guerra qu\u00edmica contra el segundo vuelo de la lobesia botrana en Mendoza"},"content":{"rendered":"\n<h4 class=\"wp-block-heading\"><em><strong>El Instituto de Sanidad y Calidad Agropecuaria Mendoza (Iscamen) recomend\u00f3 a los vi\u00f1ateros realizar las aplicaciones de fitosanitarios contra la da\u00f1ina polilla de la vid antes del 5\/12 en los osasis Norte y Este y antes del 12\/12 en el Valle de Uco. Las fechas son cruciales porque en estos d\u00edas de fines de noviembre y comienzos de diciembre la segunda generaci\u00f3n del insecto ataca a los cultivos en la etapa del cierre del racimo, cuando las uvas tienen el tama\u00f1o de una arveja. Por su parte, el Iscamen refuerza el combate mediante pulverizaciones a\u00e9reas sobre las fincas de los fungicidas e insecticidas adecuados.<\/strong><\/em><\/h4>\n\n\n\n<div style=\"height:35px\" aria-hidden=\"true\" class=\"wp-block-spacer\"><\/div>\n\n\n\n\n\n<div style=\"height:45px\" aria-hidden=\"true\" class=\"wp-block-spacer\"><\/div>\n\n\n\n<p>Seg\u00fan la recomendaci\u00f3n del <strong>Instituto de Sanidad y Calidad Agropecuaria Mendoza (Iscamen)<\/strong>, los productores deben iniciar los tratamientos seg\u00fan los momentos oportunos definidos para cada zona, con el fin de asegurar aplicaciones eficientes en lo t\u00e9cnico, econ\u00f3mico y ambiental.<\/p>\n\n\n\n<p>El Iscamen inform\u00f3 que las fincas ubicadas en los departamentos de los oasis <strong>Norte<\/strong> y<strong> Este <\/strong>deben comenzar los tratamientos qu\u00edmicos correspondientes al <strong>segundo vuelo de la plaga<\/strong> (ver recuadro), y finalizar las aplicaciones hacia el <strong>5 de diciembre<\/strong>. En el caso de los establecimientos del <strong>Valle de Uco<\/strong>, el per\u00edodo se extiende hasta el <strong>12 de diciembre.<\/strong><\/p>\n\n\n\n<div style=\"height:26px\" aria-hidden=\"true\" class=\"wp-block-spacer\"><\/div>\n\n\n\n<p class=\"has-background\" style=\"background-color:#c99faa\"><strong>Qu\u00e9 es el segundo vuelo de la polilla de la vid<\/strong><br><br>El segundo vuelo o <strong>segunda generaci\u00f3n de <\/strong>la plaga <strong>lobesia botrana (o polilla de la vid)<\/strong> afecta al cultivo de la vid durante la etapa de cierre del racimo, cuando los frutos tienen el tama\u00f1o de una arveja o guisante. Es crucial realizar tratamientos en este per\u00edodo para controlar las larvas y reducir el da\u00f1o que causan al racimo, el cual puede propiciar la entrada de otros pat\u00f3genos.<\/p>\n\n\n\n<div style=\"height:30px\" aria-hidden=\"true\" class=\"wp-block-spacer\"><\/div>\n\n\n\n<p>El objetivo de las alertas es establecer el momento oportuno para intervenir. Cumplir con el per\u00edodo indicado es clave para garantizar la efectividad del procedimiento, reducir las poblaciones de la plaga y minimizar su impacto sobre la producci\u00f3n.<\/p>\n\n\n\n<p>El manejo integrado requiere la participaci\u00f3n activa del productor en el control intrafinca. A nivel de grandes \u00e1reas, el Iscamen y el Ministerio de Producci\u00f3n ejecutaron el operativo de control 25\/26, mediante el cual se asisti\u00f3 con diversas herramientas de manejo a m\u00e1s de 9.000 productores vit\u00edcolas. En la actualidad, se brinda el servicio de tratamientos a\u00e9reos con feromonas asperjables en m\u00e1s de 70.000 hect\u00e1reas de vid, mediante aeronaves y drones en los diferentes oasis productivos.<\/p>\n\n\n\n<p>Se recomienda realizar las aplicaciones luego de calibrar la maquinaria, para asegurar la dosificaci\u00f3n adecuada del caldo de pulverizaci\u00f3n. Este tipo de tratamientos debe orientarse a obtener numerosos impactos peque\u00f1os sobre los hollejos de los frutos inmaduros. Para este caso, se aconseja utilizar productos tensioactivos y adhesivos.<\/p>\n\n\n\n<p>Si se efect\u00faan aplicaciones mixtas -funguicidas junto con insecticidas u otros productos-, es fundamental verificar previamente la compatibilidad de las mezclas.<\/p>\n\n\n\n<p>Finalmente, se recuerda la importancia de consultar el pron\u00f3stico del tiempo y utilizar el equipo de protecci\u00f3n personal al manipular y aplicar fitosanitarios.<\/p>\n\n\n\n<div style=\"height:47px\" aria-hidden=\"true\" class=\"wp-block-spacer\"><\/div>\n\n\n\n<div style=\"height:35px\" aria-hidden=\"true\" class=\"wp-block-spacer\"><\/div>\n","protected":false},"excerpt":{"rendered":"<p>El Instituto de Sanidad y Calidad Agropecuaria Mendoza (Iscamen) recomend\u00f3 a los vi\u00f1ateros realizar las&hellip;<\/p>\n","protected":false},"author":2,"featured_media":170583,"comment_status":"closed","ping_status":"open","sticky":false,"template":"","format":"standard","meta":{"footnotes":""},"categories":[14],"tags":[],"class_list":["post-170575","post","type-post","status-publish","format-standard","has-post-thumbnail","hentry","category-news"],"_links":{"self":[{"href":"https:\/\/enolife.com.ar\/es\/wp-json\/wp\/v2\/posts\/170575","targetHints":{"allow":["GET"]}}],"collection":[{"href":"https:\/\/enolife.com.ar\/es\/wp-json\/wp\/v2\/posts"}],"about":[{"href":"https:\/\/enolife.com.ar\/es\/wp-json\/wp\/v2\/types\/post"}],"author":[{"embeddable":true,"href":"https:\/\/enolife.com.ar\/es\/wp-json\/wp\/v2\/users\/2"}],"replies":[{"embeddable":true,"href":"https:\/\/enolife.com.ar\/es\/wp-json\/wp\/v2\/comments?post=170575"}],"version-history":[{"count":0,"href":"https:\/\/enolife.com.ar\/es\/wp-json\/wp\/v2\/posts\/170575\/revisions"}],"wp:featuredmedia":[{"embeddable":true,"href":"https:\/\/enolife.com.ar\/es\/wp-json\/wp\/v2\/media\/170583"}],"wp:attachment":[{"href":"https:\/\/enolife.com.ar\/es\/wp-json\/wp\/v2\/media?parent=170575"}],"wp:term":[{"taxonomy":"category","embeddable":true,"href":"https:\/\/enolife.com.ar\/es\/wp-json\/wp\/v2\/categories?post=170575"},{"taxonomy":"post_tag","embeddable":true,"href":"https:\/\/enolife.com.ar\/es\/wp-json\/wp\/v2\/tags?post=170575"}],"curies":[{"name":"wp","href":"https:\/\/api.w.org\/{rel}","templated":true}]}}