{"id":170572,"date":"2025-11-27T19:46:28","date_gmt":"2025-11-27T19:46:28","guid":{"rendered":"https:\/\/enolife.com.ar\/es\/?p=170572"},"modified":"2025-11-29T00:34:20","modified_gmt":"2025-11-29T00:34:20","slug":"cinco-bodegas-de-mendoza-ganaron-medallas-en-la-feria-de-vinos-a-granel-mas-grande-del-mundo","status":"publish","type":"post","link":"https:\/\/enolife.com.ar\/es\/cinco-bodegas-de-mendoza-ganaron-medallas-en-la-feria-de-vinos-a-granel-mas-grande-del-mundo\/","title":{"rendered":"Cinco bodegas de Mendoza ganaron medallas en la feria de vinos a granel m\u00e1s grande del mundo"},"content":{"rendered":"\n<h4 class=\"wp-block-heading\"><em><strong>Un total de 30 bodegas de esta provincia participaron recientemente de la World Bulk Wine Exhibiti\u00f3n (WBWE) realizada en \u00c1msterdam, Holanda. De ese total, 12 fueron en una misi\u00f3n organizada por ProMendoza, la agencia de promoci\u00f3n de los productos mendocinos en el exterior. Y el resto junto a la C\u00e1mara Argentina de Vinos a Granel (CAVG) y en forma privada. En junio de 2026, un cap\u00edtulo de esta importante reuni\u00f3n global se realizar\u00e1 en Mendoza.<\/strong><\/em><\/h4>\n\n\n\n<div style=\"height:35px\" aria-hidden=\"true\" class=\"wp-block-spacer\"><\/div>\n\n\n\n\n\n<div style=\"height:45px\" aria-hidden=\"true\" class=\"wp-block-spacer\"><\/div>\n\n\n\n<p>Un total de 30 bodegas argentinas participaron en la<strong> World Bulk Wine Exhibition (WBWE)<\/strong>, la feria de vinos a granel m\u00e1s importante del mundo. De ellas, 12 viajaron en una misi\u00f3n organizada por <strong>ProMendoza. <\/strong>Todos sus representantes puntualizaron que su presencia fue muy positiva, porque adem\u00e1s de los galardones logrado pudieron concretar ventas y hacer conocer sus vinos a miles de visitantes e importadores del encuentro de <strong>\u00c1msterdam.<\/strong><\/p>\n\n\n\n<p>Las bodegas que viajaron con ProMendoza fueron: Antigua Bodega, Miravalles, Bodega Araujo, Clop Wines, Casa Gli Amici, Bodega H\u00e9ctor Meli, Galeano Antonacci, Finca Buenaventura, Lomas del Malbec, Corbeau Wines, Bodega Tierra del Huarpe y Belhara Estate.<\/p>\n\n\n\n<p>En el marco del <strong>International Bulk Wine Competition (IBWC)<\/strong>, las bodegas mendocinas fueron galardonadas de la siguiente manera:<\/p>\n\n\n\n<p><strong>Medallas de oro:<\/strong><br>&#8211;<strong>Corbeau Wines (Malbec High End 2023)<\/strong><br>&#8211;<strong>Juviar<\/strong><br><br><strong>Medallas de plata:<\/strong><br>&#8211;<strong>Casa Gli Amici<\/strong><br><strong>-Miravalles<\/strong><br><strong>-Juviar<\/strong><\/p>\n\n\n\n<div style=\"height:35px\" aria-hidden=\"true\" class=\"wp-block-spacer\"><\/div>\n\n\n\n<figure class=\"wp-block-gallery has-nested-images columns-default is-cropped wp-block-gallery-1 is-layout-flex wp-block-gallery-is-layout-flex\">\n<figure class=\"wp-block-image size-full\"><a href=\"https:\/\/enolife.com.ar\/es\/wp-content\/uploads\/2025\/11\/22-675x1200-1.jpg\" data-rel=\"penci-gallery-image-content\" ><img loading=\"lazy\" decoding=\"async\" width=\"406\" height=\"400\" data-id=\"170586\" src=\"https:\/\/enolife.com.ar\/es\/wp-content\/uploads\/2025\/11\/22-675x1200-1.jpg\" alt=\"\" class=\"wp-image-170586\" srcset=\"https:\/\/enolife.com.ar\/es\/wp-content\/uploads\/2025\/11\/22-675x1200-1.jpg 406w, https:\/\/enolife.com.ar\/es\/wp-content\/uploads\/2025\/11\/22-675x1200-1-300x296.jpg 300w\" sizes=\"auto, (max-width: 406px) 100vw, 406px\" \/><\/a><\/figure>\n\n\n\n<figure class=\"wp-block-image size-full\"><a href=\"https:\/\/enolife.com.ar\/es\/wp-content\/uploads\/2025\/11\/44-675x1200-1.jpg\" data-rel=\"penci-gallery-image-content\" ><img loading=\"lazy\" decoding=\"async\" width=\"389\" height=\"400\" data-id=\"170587\" src=\"https:\/\/enolife.com.ar\/es\/wp-content\/uploads\/2025\/11\/44-675x1200-1.jpg\" alt=\"\" class=\"wp-image-170587\" srcset=\"https:\/\/enolife.com.ar\/es\/wp-content\/uploads\/2025\/11\/44-675x1200-1.jpg 389w, https:\/\/enolife.com.ar\/es\/wp-content\/uploads\/2025\/11\/44-675x1200-1-292x300.jpg 292w\" sizes=\"auto, (max-width: 389px) 100vw, 389px\" \/><\/a><\/figure>\n<\/figure>\n\n\n\n<div style=\"height:35px\" aria-hidden=\"true\" class=\"wp-block-spacer\"><\/div>\n\n\n\n<p>La WBWE tambi\u00e9n fue el lugar donde se concret\u00f3 y anunci\u00f3 la vuelta de <strong>Vinexpo Explorer<\/strong> a <strong>Mendoza<\/strong>, esta vez con \u00ab<strong>The Bulk Wine Chapter\u00bb, <\/strong>una edici\u00f3n dedicada al vino a granel. All\u00ed <strong>Patricia Gim\u00e9nez<\/strong>, titular de ProMendoza, junto a <strong>Jos\u00e9 Bartolucci<\/strong>, presidente de la C\u00e1mara Argentina de Vino a Granel, en conjunto con directivos de la empresa <strong>Vinexposium <\/strong>firmaron un acuerdo para su concreci\u00f3n en la provincia en junio 2026.<\/p>\n\n\n\n<p>Patricia Gim\u00e9nez, titular de ProMendoza, destac\u00f3: <em>\u00abLa feria ha sido un \u00e9xito. Su organizaci\u00f3n y la calidad de compradores crece a\u00f1o a a\u00f1o. Estamos felices por los premios que se lleva Mendoza y por las oportunidades comerciales que se abren. Hay que tener en cuenta que Espa\u00f1a tuvo una cosecha menor y habr\u00e1 menos producto en el mercado internacional abriendo m\u00e1s posibilidades a nuestros vinos\u00bb.<\/em><\/p>\n\n\n\n<div style=\"height:35px\" aria-hidden=\"true\" class=\"wp-block-spacer\"><\/div>\n\n\n\n<figure class=\"wp-block-gallery has-nested-images columns-default is-cropped wp-block-gallery-2 is-layout-flex wp-block-gallery-is-layout-flex\">\n<figure class=\"wp-block-image size-full\"><a href=\"https:\/\/enolife.com.ar\/es\/wp-content\/uploads\/2025\/11\/2-3-980x551-1.jpg\" data-rel=\"penci-gallery-image-content\" ><img loading=\"lazy\" decoding=\"async\" width=\"431\" height=\"400\" data-id=\"170584\" src=\"https:\/\/enolife.com.ar\/es\/wp-content\/uploads\/2025\/11\/2-3-980x551-1.jpg\" alt=\"\" class=\"wp-image-170584\" srcset=\"https:\/\/enolife.com.ar\/es\/wp-content\/uploads\/2025\/11\/2-3-980x551-1.jpg 431w, https:\/\/enolife.com.ar\/es\/wp-content\/uploads\/2025\/11\/2-3-980x551-1-300x278.jpg 300w\" sizes=\"auto, (max-width: 431px) 100vw, 431px\" \/><\/a><\/figure>\n\n\n\n<figure class=\"wp-block-image size-full\"><a href=\"https:\/\/enolife.com.ar\/es\/wp-content\/uploads\/2025\/11\/33-675x1200-1.jpg\" data-rel=\"penci-gallery-image-content\" ><img loading=\"lazy\" decoding=\"async\" width=\"461\" height=\"400\" data-id=\"170585\" src=\"https:\/\/enolife.com.ar\/es\/wp-content\/uploads\/2025\/11\/33-675x1200-1.jpg\" alt=\"\" class=\"wp-image-170585\" srcset=\"https:\/\/enolife.com.ar\/es\/wp-content\/uploads\/2025\/11\/33-675x1200-1.jpg 461w, https:\/\/enolife.com.ar\/es\/wp-content\/uploads\/2025\/11\/33-675x1200-1-300x260.jpg 300w\" sizes=\"auto, (max-width: 461px) 100vw, 461px\" \/><\/a><\/figure>\n<\/figure>\n\n\n\n<div style=\"height:35px\" aria-hidden=\"true\" class=\"wp-block-spacer\"><\/div>\n\n\n\n<p>Por su parte, <strong>Javier Rojas, <em>responsable del \u00e1rea de vinos de ProMendoza,<\/em> <\/strong>se\u00f1al\u00f3: <em>\u00abFue una feria muy interesante, donde se reuni\u00f3 la oferta exportable y la demanda global. Hay mucho inter\u00e9s por el vino argentino y, con los premios y la historia que construye nuestra vitivinicultura, estamos consolidando la marca Malbec en el mundo\u00bb.<\/em><\/p>\n\n\n\n<div style=\"height:35px\" aria-hidden=\"true\" class=\"wp-block-spacer\"><\/div>\n\n\n\n<p class=\"has-medium-font-size\"><\/p>\n","protected":false},"excerpt":{"rendered":"<p>Un total de 30 bodegas de esta provincia participaron recientemente de la World Bulk Wine&hellip;<\/p>\n","protected":false},"author":2,"featured_media":170589,"comment_status":"closed","ping_status":"open","sticky":false,"template":"","format":"standard","meta":{"footnotes":""},"categories":[14],"tags":[],"class_list":["post-170572","post","type-post","status-publish","format-standard","has-post-thumbnail","hentry","category-news"],"_links":{"self":[{"href":"https:\/\/enolife.com.ar\/es\/wp-json\/wp\/v2\/posts\/170572","targetHints":{"allow":["GET"]}}],"collection":[{"href":"https:\/\/enolife.com.ar\/es\/wp-json\/wp\/v2\/posts"}],"about":[{"href":"https:\/\/enolife.com.ar\/es\/wp-json\/wp\/v2\/types\/post"}],"author":[{"embeddable":true,"href":"https:\/\/enolife.com.ar\/es\/wp-json\/wp\/v2\/users\/2"}],"replies":[{"embeddable":true,"href":"https:\/\/enolife.com.ar\/es\/wp-json\/wp\/v2\/comments?post=170572"}],"version-history":[{"count":0,"href":"https:\/\/enolife.com.ar\/es\/wp-json\/wp\/v2\/posts\/170572\/revisions"}],"wp:featuredmedia":[{"embeddable":true,"href":"https:\/\/enolife.com.ar\/es\/wp-json\/wp\/v2\/media\/170589"}],"wp:attachment":[{"href":"https:\/\/enolife.com.ar\/es\/wp-json\/wp\/v2\/media?parent=170572"}],"wp:term":[{"taxonomy":"category","embeddable":true,"href":"https:\/\/enolife.com.ar\/es\/wp-json\/wp\/v2\/categories?post=170572"},{"taxonomy":"post_tag","embeddable":true,"href":"https:\/\/enolife.com.ar\/es\/wp-json\/wp\/v2\/tags?post=170572"}],"curies":[{"name":"wp","href":"https:\/\/api.w.org\/{rel}","templated":true}]}}