{"id":170544,"date":"2025-11-25T14:20:50","date_gmt":"2025-11-25T14:20:50","guid":{"rendered":"https:\/\/enolife.com.ar\/es\/?p=170544"},"modified":"2025-11-26T15:11:26","modified_gmt":"2025-11-26T15:11:26","slug":"la-camara-riojana-de-productores-agropecuarios-convoco-a-su-asamblea-general-el-28-11-25","status":"publish","type":"post","link":"https:\/\/enolife.com.ar\/es\/la-camara-riojana-de-productores-agropecuarios-convoco-a-su-asamblea-general-el-28-11-25\/","title":{"rendered":"La C\u00e1mara Riojana de Productores Agropecuarios convoc\u00f3 a su Asamblea General el 28\/11\/25"},"content":{"rendered":"\n<h4 class=\"wp-block-heading\"><em><strong>La C\u00e1mara empresaria que re\u00fane a los productores agropecuarios de la ciudad de Chilecito y del resto de la provincia de La Rioja, en el noroeste argentino, cumpli\u00f3 recientemente 52 a\u00f1os de labor. En cumplimiento de su esp\u00edritu democr\u00e1tico y cooperativista, la entidad presidida por el ingeniero Mario Hern\u00e1n Gonz\u00e1lez (foto principal) realizar\u00e1 el pr\u00f3ximo viernes 28 de noviembre de 2025 su reuni\u00f3n anual para presentar ante los asociados el \u00faltimo ejercicio econ\u00f3mico y renovar parte de sus directivos.<\/strong><\/em><\/h4>\n\n\n\n<div style=\"height:39px\" aria-hidden=\"true\" class=\"wp-block-spacer\"><\/div>\n\n\n<a href=\"https:\/\/www.facebook.com\/SindicatoContratitas\/\" aria-label=\"banner contratistas 1700&#215;500\"><img loading=\"lazy\" decoding=\"async\" src=\"https:\/\/enolife.com.ar\/es\/wp-content\/uploads\/2020\/08\/banner-contratistas-1700x500-1.jpg\" alt=\"\"  srcset=\"https:\/\/enolife.com.ar\/es\/wp-content\/uploads\/2020\/08\/banner-contratistas-1700x500-1.jpg 1700w, https:\/\/enolife.com.ar\/es\/wp-content\/uploads\/2020\/08\/banner-contratistas-1700x500-1-300x88.jpg 300w, https:\/\/enolife.com.ar\/es\/wp-content\/uploads\/2020\/08\/banner-contratistas-1700x500-1-1024x301.jpg 1024w, https:\/\/enolife.com.ar\/es\/wp-content\/uploads\/2020\/08\/banner-contratistas-1700x500-1-768x226.jpg 768w, https:\/\/enolife.com.ar\/es\/wp-content\/uploads\/2020\/08\/banner-contratistas-1700x500-1-1536x452.jpg 1536w, https:\/\/enolife.com.ar\/es\/wp-content\/uploads\/2020\/08\/banner-contratistas-1700x500-1-1170x344.jpg 1170w, https:\/\/enolife.com.ar\/es\/wp-content\/uploads\/2020\/08\/banner-contratistas-1700x500-1-585x172.jpg 585w\" sizes=\"auto, (max-width: 1700px) 100vw, 1700px\" width=\"1700\" height=\"500\"   \/><\/a>\n\n\n<div style=\"height:35px\" aria-hidden=\"true\" class=\"wp-block-spacer\"><\/div>\n\n\n\n<p>La <strong>C\u00e1mara Riojana de Productores Agropecuarios (Carpa)<\/strong> convoc\u00f3 a sus productores asociados a la <strong>Asamblea General Ordinaria<\/strong> del Ejercicio Social correspondiente al ejercicio econ\u00f3mico N\u00ba 53, cerrado el 30 de junio de 2025.<\/p>\n\n\n\n<p>La reuni\u00f3n general se celebrar\u00e1 el pr\u00f3ximo d\u00eda viernes 28 de noviembre de 2025 a las 19 horas (primer llamado, con un segundo llamado a las 20 horas, seg\u00fan lo establece el art\u00edculo 44 de su documento constitutivo). El encuentro tendr\u00e1 lugar en la sede social ubicada en Avenida Presidente Per\u00f3n N\u00b0 627 de la ciudad de Chilecito, provincia de La Rioja.<\/p>\n\n\n\n<p>Los asistententes tienen previsto tratar el siguiente <strong>Orden del D\u00eda:<\/strong><\/p>\n\n\n\n<ul class=\"wp-block-list\">\n<li>Elecci\u00f3n de dos (2) asamble\u00edstas para aprobar y firmar el Acta.<\/li>\n\n\n\n<li>Lectura del Acta de la asamblea anterior.<\/li>\n\n\n\n<li>Lectura y consideraci\u00f3n de la Memoria, Balance General, Inventario e Informe del S\u00edndico y de Auditor\u00eda correspondiente al Ejercicio Social N\u00b0LIII cerrado al 30\/06\/2025.<\/li>\n\n\n\n<li>Elecci\u00f3n para renovaci\u00f3n parcial de autoridades para cubrir cuatro (4) cargos titulares y seis (6) Vocales Suplentes.<\/li>\n\n\n\n<li>Elecci\u00f3n de s\u00edndico titular y s\u00edndico suplente.<\/li>\n<\/ul>\n\n\n\n<div style=\"height:37px\" aria-hidden=\"true\" class=\"wp-block-spacer\"><\/div>\n\n\n\n<p class=\"has-medium-font-size\"><strong>La actual conducci\u00f3n de Carpa<\/strong><\/p>\n\n\n\n<p>Actualmente, el consejo directivo de Carpa durante el per\u00edodo 2024-2025 est\u00e1 conformado&nbsp;de la siguiente manera:<\/p>\n\n\n\n<ul class=\"wp-block-list\">\n<li>Presidente:&nbsp;<strong>Gonz\u00e1lez, Mario Hern\u00e1n<\/strong><\/li>\n\n\n\n<li>Vicepresidente 1\u00b0: <strong>G\u00f3mez, Oscar Edgardo<\/strong><\/li>\n\n\n\n<li>Vicepresidente 2\u00b0: <strong>Narv\u00e1ez, Jos\u00e9<\/strong><\/li>\n\n\n\n<li>Secretaria:<strong>&nbsp;Michel, Viviana<\/strong><\/li>\n\n\n\n<li>Prosecretario:<strong>&nbsp;Bellia, Jos\u00e9 Emilio<\/strong>&nbsp;&nbsp;&nbsp;&nbsp;&nbsp;&nbsp;&nbsp;&nbsp;&nbsp;&nbsp;&nbsp;&nbsp;<\/li>\n\n\n\n<li>Tesorera:&nbsp;<strong>G\u00f3mez Ticac, Maria Catalina<\/strong><\/li>\n\n\n\n<li>Protesorero:&nbsp;<strong>Gonz\u00e1lez Ribot, Joaqu\u00edn<\/strong><\/li>\n\n\n\n<li>Vocal titular 1\u00b0&nbsp;<strong>Gonz\u00e1lez, Mario Juan<\/strong><\/li>\n\n\n\n<li>Vocal titular 2\u00b0:&nbsp;<strong>D\u00e1vila, Gustavo<\/strong><\/li>\n\n\n\n<li>Vocal titular 3\u00b0:&nbsp;<strong>Bellia, Jos\u00e9 Luis<\/strong><\/li>\n\n\n\n<li>Vocal titular 4\u00b0:&nbsp;<strong>Capece, Alfredo<\/strong><\/li>\n\n\n\n<li>Vocal titular 5\u00b0:&nbsp;<strong>Iribarren P\u00e1ez, Daniel<\/strong><\/li>\n\n\n\n<li>Vocal titular 6\u00b0:&nbsp;<strong>Morales, Miriam<\/strong><\/li>\n\n\n\n<li>Vocal suplente 1\u00b0:&nbsp;<strong>Gim\u00e9nez, Mar\u00eda de los \u00c1ngeles<\/strong><\/li>\n\n\n\n<li>Vocal suplente 2\u00b0: <strong>Amatte, Siria<\/strong><\/li>\n\n\n\n<li>Vocal suplente 3\u00b0:&nbsp;<strong>Capece, Lorenzo Osvaldo<\/strong><\/li>\n\n\n\n<li>Vocal suplente 4\u00b0:&nbsp;<strong>Nievas, Nereo<\/strong><\/li>\n\n\n\n<li>Vocal suplente 5\u00b0: <strong>El\u00edas, Hugo<\/strong><\/li>\n\n\n\n<li>Vocal suplente 6\u00b0:&nbsp;<strong>Jard\u00f3n, Francisco<\/strong><\/li>\n\n\n\n<li>S\u00edndico titular:&nbsp;<strong>Passamonti, Hugo<\/strong><\/li>\n\n\n\n<li>S\u00edndico suplente: <strong>Vega, Eloy<\/strong><\/li>\n<\/ul>\n","protected":false},"excerpt":{"rendered":"<p>La C\u00e1mara empresaria que re\u00fane a los productores agropecuarios de la ciudad de Chilecito y&hellip;<\/p>\n","protected":false},"author":2,"featured_media":128258,"comment_status":"closed","ping_status":"open","sticky":false,"template":"","format":"standard","meta":{"footnotes":""},"categories":[47],"tags":[],"class_list":["post-170544","post","type-post","status-publish","format-standard","has-post-thumbnail","hentry","category-agenda"],"_links":{"self":[{"href":"https:\/\/enolife.com.ar\/es\/wp-json\/wp\/v2\/posts\/170544","targetHints":{"allow":["GET"]}}],"collection":[{"href":"https:\/\/enolife.com.ar\/es\/wp-json\/wp\/v2\/posts"}],"about":[{"href":"https:\/\/enolife.com.ar\/es\/wp-json\/wp\/v2\/types\/post"}],"author":[{"embeddable":true,"href":"https:\/\/enolife.com.ar\/es\/wp-json\/wp\/v2\/users\/2"}],"replies":[{"embeddable":true,"href":"https:\/\/enolife.com.ar\/es\/wp-json\/wp\/v2\/comments?post=170544"}],"version-history":[{"count":0,"href":"https:\/\/enolife.com.ar\/es\/wp-json\/wp\/v2\/posts\/170544\/revisions"}],"wp:featuredmedia":[{"embeddable":true,"href":"https:\/\/enolife.com.ar\/es\/wp-json\/wp\/v2\/media\/128258"}],"wp:attachment":[{"href":"https:\/\/enolife.com.ar\/es\/wp-json\/wp\/v2\/media?parent=170544"}],"wp:term":[{"taxonomy":"category","embeddable":true,"href":"https:\/\/enolife.com.ar\/es\/wp-json\/wp\/v2\/categories?post=170544"},{"taxonomy":"post_tag","embeddable":true,"href":"https:\/\/enolife.com.ar\/es\/wp-json\/wp\/v2\/tags?post=170544"}],"curies":[{"name":"wp","href":"https:\/\/api.w.org\/{rel}","templated":true}]}}