{"id":170509,"date":"2025-11-25T13:54:17","date_gmt":"2025-11-25T13:54:17","guid":{"rendered":"https:\/\/enolife.com.ar\/es\/?p=170509"},"modified":"2025-11-26T18:05:55","modified_gmt":"2025-11-26T18:05:55","slug":"con-el-ok-del-inv-la-bodega-estatal-de-san-luis-pone-primera-para-producir-21-000-litros-en-2026","status":"publish","type":"post","link":"https:\/\/enolife.com.ar\/es\/con-el-ok-del-inv-la-bodega-estatal-de-san-luis-pone-primera-para-producir-21-000-litros-en-2026\/","title":{"rendered":"Con el OK del INV, la bodega estatal de San Luis pone primera para producir 21.000 litros en 2026"},"content":{"rendered":"\n<h4 class=\"wp-block-heading\"><em><strong>Del 17 al 20\/11\/25, inspectores del Instituto Nacional de Vitivinicultura (INV) comprobaron que el establecimiento de gesti\u00f3n estatal de la provincia de San Luis, Sol Puntano, cumple con los \u00edtems obligatorios de la Resoluci\u00f3n C31\/2016 para su habilitaci\u00f3n como bodega vitivin\u00edcola, con una capacidad actual de elaboraci\u00f3n de 21.000 litros anuales. El predio, inaugurado el 27\/9\/25 por el gobernador Claudio Poggi, cuenta con 300 hect\u00e1reas de terreno y, adem\u00e1s de los vi\u00f1edos y la bodega, tiene cultivos de hortalizas, frutales y nogales, almazara, dep\u00f3sito fitosanitario, laboratorio de alimentos, espacios de capacitaci\u00f3n e investigaci\u00f3n y una oficina de asistencia t\u00e9cnica.<\/strong><\/em><\/h4>\n\n\n\n<div style=\"height:35px\" aria-hidden=\"true\" class=\"wp-block-spacer\"><\/div>\n\n\n<a href=\"https:\/\/www.dellatoffola.com.ar\/es\/home\" aria-label=\"della toffolla 1700&#215;500\"><img loading=\"lazy\" decoding=\"async\" src=\"https:\/\/enolife.com.ar\/es\/wp-content\/uploads\/2023\/10\/della-toffolla-1700x500-2.png\" alt=\"\"  srcset=\"https:\/\/enolife.com.ar\/es\/wp-content\/uploads\/2023\/10\/della-toffolla-1700x500-2.png 1699w, https:\/\/enolife.com.ar\/es\/wp-content\/uploads\/2023\/10\/della-toffolla-1700x500-2-300x88.png 300w, https:\/\/enolife.com.ar\/es\/wp-content\/uploads\/2023\/10\/della-toffolla-1700x500-2-1024x301.png 1024w, https:\/\/enolife.com.ar\/es\/wp-content\/uploads\/2023\/10\/della-toffolla-1700x500-2-768x226.png 768w, https:\/\/enolife.com.ar\/es\/wp-content\/uploads\/2023\/10\/della-toffolla-1700x500-2-1536x451.png 1536w, https:\/\/enolife.com.ar\/es\/wp-content\/uploads\/2023\/10\/della-toffolla-1700x500-2-1170x344.png 1170w, https:\/\/enolife.com.ar\/es\/wp-content\/uploads\/2023\/10\/della-toffolla-1700x500-2-585x172.png 585w\" sizes=\"auto, (max-width: 1699px) 100vw, 1699px\" width=\"1699\" height=\"499\"   \/><\/a>\n\n\n<div style=\"height:45px\" aria-hidden=\"true\" class=\"wp-block-spacer\"><\/div>\n\n\n\n<p>El 27\/9\/25, el <strong>gobernador de la provincia de San Luis, Claudio Poggi<\/strong>, inaugur\u00f3 <strong>Sol Puntano<\/strong>, un predio de 300 hect\u00e1reas de gesti\u00f3n estatal que combina cultivos -hortalizas, vid, frutales y nogales-, bodega, almazara, dep\u00f3sito fitosanitario, laboratorio de alimentos, espacios de capacitaci\u00f3n, investigaci\u00f3n y asistencia t\u00e9cnica.<\/p>\n\n\n\n<p>Durante la inauguraci\u00f3n, <strong>Walter Egea, <\/strong>el en\u00f3logo mendocino asesor de Sol Puntano<strong>&#8211;<\/strong> inform\u00f3 que <em>\u00abla bodega cuenta con tecnolog\u00eda de \u00faltima generaci\u00f3n y una capacidad de 21.000 litros en crecimiento\u201d.<\/em> Y anunci\u00f3 que<em> \u201cpara fines de 2026 podr\u00edamos estar sacando las primeras partidas de vinos propios, con la personalidad del terroir sanluise\u00f1o, diferenciados de Mendoza y San Juan\u201d.<\/em><\/p>\n\n\n\n<div style=\"height:35px\" aria-hidden=\"true\" class=\"wp-block-spacer\"><\/div>\n\n\n\n<figure class=\"wp-block-gallery has-nested-images columns-default is-cropped wp-block-gallery-1 is-layout-flex wp-block-gallery-is-layout-flex\">\n<figure class=\"wp-block-image size-full\"><a href=\"https:\/\/enolife.com.ar\/es\/wp-content\/uploads\/2025\/11\/WhatsApp-Image-2025-11-20-at-6.07.29-PM.jpeg\" data-rel=\"penci-gallery-image-content\" ><img loading=\"lazy\" decoding=\"async\" width=\"629\" height=\"400\" data-id=\"170520\" src=\"https:\/\/enolife.com.ar\/es\/wp-content\/uploads\/2025\/11\/WhatsApp-Image-2025-11-20-at-6.07.29-PM.jpeg\" alt=\"\" class=\"wp-image-170520\" srcset=\"https:\/\/enolife.com.ar\/es\/wp-content\/uploads\/2025\/11\/WhatsApp-Image-2025-11-20-at-6.07.29-PM.jpeg 629w, https:\/\/enolife.com.ar\/es\/wp-content\/uploads\/2025\/11\/WhatsApp-Image-2025-11-20-at-6.07.29-PM-300x191.jpeg 300w, https:\/\/enolife.com.ar\/es\/wp-content\/uploads\/2025\/11\/WhatsApp-Image-2025-11-20-at-6.07.29-PM-585x372.jpeg 585w\" sizes=\"auto, (max-width: 629px) 100vw, 629px\" \/><\/a><figcaption class=\"wp-element-caption\"><strong><em>Inspecci\u00f3n INV<\/em><\/strong><\/figcaption><\/figure>\n\n\n\n<figure class=\"wp-block-image size-full\"><a href=\"https:\/\/enolife.com.ar\/es\/wp-content\/uploads\/2025\/11\/WhatsApp-Image-2025-11-20-at-6.06.39-PM-900x507-1.jpeg\" data-rel=\"penci-gallery-image-content\" ><img loading=\"lazy\" decoding=\"async\" width=\"536\" height=\"344\" data-id=\"170521\" src=\"https:\/\/enolife.com.ar\/es\/wp-content\/uploads\/2025\/11\/WhatsApp-Image-2025-11-20-at-6.06.39-PM-900x507-1.jpeg\" alt=\"\" class=\"wp-image-170521\" srcset=\"https:\/\/enolife.com.ar\/es\/wp-content\/uploads\/2025\/11\/WhatsApp-Image-2025-11-20-at-6.06.39-PM-900x507-1.jpeg 536w, https:\/\/enolife.com.ar\/es\/wp-content\/uploads\/2025\/11\/WhatsApp-Image-2025-11-20-at-6.06.39-PM-900x507-1-300x193.jpeg 300w\" sizes=\"auto, (max-width: 536px) 100vw, 536px\" \/><\/a><\/figure>\n<\/figure>\n\n\n\n<div style=\"height:35px\" aria-hidden=\"true\" class=\"wp-block-spacer\"><\/div>\n\n\n\n<p>Dos meses despu\u00e9s de la inauguraci\u00f3n, t\u00e9cnicos del Instituto Nacional de Vitivinicultura (INV) realizaron la inspecci\u00f3n final a partir de la cual el establecimiento obtuvo la habilitaci\u00f3n oficial que permitir\u00e1 comenzar a vinificar bajo un n\u00famero de establecimiento registrado. El procedimiento estuvo a cargo de los<strong> inspectores Dami\u00e1n Pereyra<\/strong> y<strong> Norberto Bermejo,<\/strong> quienes se presentaron en la planta para verificar que toda la documentaci\u00f3n y las instalaciones cumplieran con los requisitos establecidos por la normativa nacional. All\u00ed fueron recibidos por <strong>Cristian Fernando Salom\u00f3n,<\/strong> responsable del establecimiento.<\/p>\n\n\n\n<p>Durante la visita se corroboraron las planillas de capacidad real de vasijas (Anexo II, Cap. II, T\u00edtulo I de la Resoluci\u00f3n C11\/96), los planos oficiales y todos los documentos exigidos. Adem\u00e1s, los inspectores realizaron una confrontaci\u00f3n directa entre lo presentado en papeles y la infraestructura real de la bodega, sin encontrar objeciones ni inconsistencias.<\/p>\n\n\n\n<p>El acta labrada destaca que&nbsp;<strong>Sol Puntano cumple con los \u00edtems obligatorios de la Resoluci\u00f3n C31\/2016<\/strong>, requisito fundamental para su habilitaci\u00f3n como bodega vitivin\u00edcola. La documentaci\u00f3n fue validada y qued\u00f3 asentado que el establecimiento se encuentra en condiciones t\u00e9cnicas y operativas para avanzar con el registro definitivo.<\/p>\n\n\n\n<div style=\"height:35px\" aria-hidden=\"true\" class=\"wp-block-spacer\"><\/div>\n\n\n\n<figure class=\"wp-block-gallery has-nested-images columns-default is-cropped wp-block-gallery-2 is-layout-flex wp-block-gallery-is-layout-flex\">\n<figure class=\"wp-block-image size-full\"><a href=\"https:\/\/enolife.com.ar\/es\/wp-content\/uploads\/2025\/11\/IMG_7251-900x598-2.jpeg\" data-rel=\"penci-gallery-image-content\" ><img loading=\"lazy\" decoding=\"async\" width=\"533\" height=\"400\" data-id=\"170532\" src=\"https:\/\/enolife.com.ar\/es\/wp-content\/uploads\/2025\/11\/IMG_7251-900x598-2.jpeg\" alt=\"\" class=\"wp-image-170532\" srcset=\"https:\/\/enolife.com.ar\/es\/wp-content\/uploads\/2025\/11\/IMG_7251-900x598-2.jpeg 533w, https:\/\/enolife.com.ar\/es\/wp-content\/uploads\/2025\/11\/IMG_7251-900x598-2-300x225.jpeg 300w\" sizes=\"auto, (max-width: 533px) 100vw, 533px\" \/><\/a><\/figure>\n\n\n\n<figure class=\"wp-block-image size-full\"><a href=\"https:\/\/enolife.com.ar\/es\/wp-content\/uploads\/2025\/11\/Imagen1-10.jpg\" data-rel=\"penci-gallery-image-content\" ><img loading=\"lazy\" decoding=\"async\" width=\"488\" height=\"351\" data-id=\"170533\" src=\"https:\/\/enolife.com.ar\/es\/wp-content\/uploads\/2025\/11\/Imagen1-10.jpg\" alt=\"\" class=\"wp-image-170533\" srcset=\"https:\/\/enolife.com.ar\/es\/wp-content\/uploads\/2025\/11\/Imagen1-10.jpg 488w, https:\/\/enolife.com.ar\/es\/wp-content\/uploads\/2025\/11\/Imagen1-10-300x216.jpg 300w\" sizes=\"auto, (max-width: 488px) 100vw, 488px\" \/><\/a><\/figure>\n<\/figure>\n\n\n\n<div style=\"height:35px\" aria-hidden=\"true\" class=\"wp-block-spacer\"><\/div>\n\n\n\n<p><em>\u201cEsta es la \u00faltima etapa del proceso. Ya presentamos todo lo que el INV solicita: planos, estructura, medidas de seguridad, distribuci\u00f3n de tanques, capacidad y cada detalle t\u00e9cnico requerido. Hoy vinieron para constatar que todo lo declarado coincide con la realidad, y qued\u00f3 todo validado\u201d<\/em>, explic\u00f3 el presidente de Sol Puntano,<strong> Daniel Boiero<\/strong>, quien confirm\u00f3 que lo \u00fanico pendiente es que el organismo nacional genere el n\u00famero de expediente y emita la resoluci\u00f3n final.<\/p>\n\n\n\n<div style=\"height:30px\" aria-hidden=\"true\" class=\"wp-block-spacer\"><\/div>\n\n\n\n<figure class=\"wp-block-gallery has-nested-images columns-default is-cropped wp-block-gallery-3 is-layout-flex wp-block-gallery-is-layout-flex\">\n<figure class=\"wp-block-image size-full\"><a href=\"https:\/\/enolife.com.ar\/es\/wp-content\/uploads\/2025\/11\/WhatsApp-Image-2025-11-18-at-9.00.01-AM-1-900x600-1.jpeg\" data-rel=\"penci-gallery-image-content\" ><img loading=\"lazy\" decoding=\"async\" width=\"900\" height=\"600\" data-id=\"170531\" src=\"https:\/\/enolife.com.ar\/es\/wp-content\/uploads\/2025\/11\/WhatsApp-Image-2025-11-18-at-9.00.01-AM-1-900x600-1.jpeg\" alt=\"\" class=\"wp-image-170531\" srcset=\"https:\/\/enolife.com.ar\/es\/wp-content\/uploads\/2025\/11\/WhatsApp-Image-2025-11-18-at-9.00.01-AM-1-900x600-1.jpeg 900w, https:\/\/enolife.com.ar\/es\/wp-content\/uploads\/2025\/11\/WhatsApp-Image-2025-11-18-at-9.00.01-AM-1-900x600-1-300x200.jpeg 300w, https:\/\/enolife.com.ar\/es\/wp-content\/uploads\/2025\/11\/WhatsApp-Image-2025-11-18-at-9.00.01-AM-1-900x600-1-768x512.jpeg 768w, https:\/\/enolife.com.ar\/es\/wp-content\/uploads\/2025\/11\/WhatsApp-Image-2025-11-18-at-9.00.01-AM-1-900x600-1-585x390.jpeg 585w\" sizes=\"auto, (max-width: 900px) 100vw, 900px\" \/><\/a><\/figure>\n\n\n\n<figure class=\"wp-block-image size-full\"><a href=\"https:\/\/enolife.com.ar\/es\/wp-content\/uploads\/2025\/11\/WhatsApp-Image-2025-11-18-at-9.00.01-AM-2-900x600-1.jpeg\" data-rel=\"penci-gallery-image-content\" ><img loading=\"lazy\" decoding=\"async\" width=\"677\" height=\"417\" data-id=\"170524\" src=\"https:\/\/enolife.com.ar\/es\/wp-content\/uploads\/2025\/11\/WhatsApp-Image-2025-11-18-at-9.00.01-AM-2-900x600-1.jpeg\" alt=\"\" class=\"wp-image-170524\" srcset=\"https:\/\/enolife.com.ar\/es\/wp-content\/uploads\/2025\/11\/WhatsApp-Image-2025-11-18-at-9.00.01-AM-2-900x600-1.jpeg 677w, https:\/\/enolife.com.ar\/es\/wp-content\/uploads\/2025\/11\/WhatsApp-Image-2025-11-18-at-9.00.01-AM-2-900x600-1-300x185.jpeg 300w, https:\/\/enolife.com.ar\/es\/wp-content\/uploads\/2025\/11\/WhatsApp-Image-2025-11-18-at-9.00.01-AM-2-900x600-1-585x360.jpeg 585w\" sizes=\"auto, (max-width: 677px) 100vw, 677px\" \/><\/a><figcaption class=\"wp-element-caption\"><strong><em>Mesa vitivin\u00edcola San Luis<\/em><\/strong><\/figcaption><\/figure>\n<\/figure>\n\n\n\n<div style=\"height:30px\" aria-hidden=\"true\" class=\"wp-block-spacer\"><\/div>\n\n\n\n<p><em>\u201cEstamos esperando que en el transcurso de la semana pr\u00f3xima nos asignen el n\u00famero de establecimiento vitivin\u00edcola habilitado.&nbsp;A partir de ah\u00ed ya vamos a poder trabajar operativamente, y todos los productores que vinifiquen en Sol Puntano lo har\u00e1n bajo ese n\u00famero oficial\u201d<\/em>, agreg\u00f3 Boiero.<\/p>\n\n\n\n<p>La habilitaci\u00f3n de la bodega se da en un contexto de fuerte impulso a la actividad vitivin\u00edcola provincial. D\u00edas atr\u00e1s, Sol Puntano fue sede de la primera&nbsp;<strong>Mesa Vitivin\u00edcola Provincial<\/strong>, un espacio de articulaci\u00f3n entre el sector p\u00fablico, privado y acad\u00e9mico que reuni\u00f3 a productores, instituciones t\u00e9cnicas, universidades y organismos nacionales.<\/p>\n\n\n\n<p>El encuentro marc\u00f3 el inicio de una etapa de planificaci\u00f3n conjunta y fortalecimiento del sector, con el objetivo de potenciar la identidad del vino puntano y consolidar servicios de apoyo para los productores. La infraestructura de Sol Puntano, incluida su bodega equipada con tecnolog\u00eda de \u00faltima generaci\u00f3n y una capacidad actual de 21.000 litros, fue uno de los ejes destacados durante la jornada.<\/p>\n\n\n\n<div style=\"height:35px\" aria-hidden=\"true\" class=\"wp-block-spacer\"><\/div>\n\n\n\n<p class=\"has-small-font-size\"><em><strong>Fuente: Gobierno de San Luis<\/strong><\/em><\/p>\n\n\n\n<div style=\"height:40px\" aria-hidden=\"true\" class=\"wp-block-spacer\"><\/div>\n","protected":false},"excerpt":{"rendered":"<p>Del 17 al 20\/11\/25, inspectores del Instituto Nacional de Vitivinicultura (INV) comprobaron que el establecimiento&hellip;<\/p>\n","protected":false},"author":2,"featured_media":170519,"comment_status":"closed","ping_status":"open","sticky":false,"template":"","format":"standard","meta":{"footnotes":""},"categories":[14],"tags":[],"class_list":["post-170509","post","type-post","status-publish","format-standard","has-post-thumbnail","hentry","category-news"],"_links":{"self":[{"href":"https:\/\/enolife.com.ar\/es\/wp-json\/wp\/v2\/posts\/170509","targetHints":{"allow":["GET"]}}],"collection":[{"href":"https:\/\/enolife.com.ar\/es\/wp-json\/wp\/v2\/posts"}],"about":[{"href":"https:\/\/enolife.com.ar\/es\/wp-json\/wp\/v2\/types\/post"}],"author":[{"embeddable":true,"href":"https:\/\/enolife.com.ar\/es\/wp-json\/wp\/v2\/users\/2"}],"replies":[{"embeddable":true,"href":"https:\/\/enolife.com.ar\/es\/wp-json\/wp\/v2\/comments?post=170509"}],"version-history":[{"count":0,"href":"https:\/\/enolife.com.ar\/es\/wp-json\/wp\/v2\/posts\/170509\/revisions"}],"wp:featuredmedia":[{"embeddable":true,"href":"https:\/\/enolife.com.ar\/es\/wp-json\/wp\/v2\/media\/170519"}],"wp:attachment":[{"href":"https:\/\/enolife.com.ar\/es\/wp-json\/wp\/v2\/media?parent=170509"}],"wp:term":[{"taxonomy":"category","embeddable":true,"href":"https:\/\/enolife.com.ar\/es\/wp-json\/wp\/v2\/categories?post=170509"},{"taxonomy":"post_tag","embeddable":true,"href":"https:\/\/enolife.com.ar\/es\/wp-json\/wp\/v2\/tags?post=170509"}],"curies":[{"name":"wp","href":"https:\/\/api.w.org\/{rel}","templated":true}]}}