{"id":170450,"date":"2025-11-24T18:26:17","date_gmt":"2025-11-24T18:26:17","guid":{"rendered":"https:\/\/enolife.com.ar\/es\/?p=170450"},"modified":"2025-11-27T13:16:02","modified_gmt":"2025-11-27T13:16:02","slug":"la-argentinidad-unida-por-el-vino-en-la-serie-pais-divino-que-se-estrena-el-1-12-25-por-youtube","status":"publish","type":"post","link":"https:\/\/enolife.com.ar\/es\/la-argentinidad-unida-por-el-vino-en-la-serie-pais-divino-que-se-estrena-el-1-12-25-por-youtube\/","title":{"rendered":"La argentinidad unida por el vino en la serie \u00abPa\u00eds divino\u00bb, que se estrena el 1\/12\/25 por YouTube"},"content":{"rendered":"\n<h4 class=\"wp-block-heading\"><em><strong>Para celebrar el D\u00eda del Vino Bebida Nacional, hoy 24 de noviembre, el Fondo Vitivin\u00edcola Mendoza, entidad responsable de la promoci\u00f3n del vino en Argentina y de la campa\u00f1a gen\u00e9rica \u00abEl vino nos une\u00bb, difundi\u00f3 los avances de la miniserie digital por la plataforma online YouTube \u00abPa\u00eds divino\u00bb, en la que se exploran los valores que construyen la argentinidad. <\/strong><\/em><\/h4>\n\n\n\n<div style=\"height:35px\" aria-hidden=\"true\" class=\"wp-block-spacer\"><\/div>\n\n\n<a href=\"https:\/\/grupoaltasur.com\/\" aria-label=\"1700-500px\"><img loading=\"lazy\" decoding=\"async\" src=\"https:\/\/enolife.com.ar\/es\/wp-content\/uploads\/2021\/01\/1700-500px.jpg\" alt=\"\"  srcset=\"https:\/\/enolife.com.ar\/es\/wp-content\/uploads\/2021\/01\/1700-500px.jpg 1700w, https:\/\/enolife.com.ar\/es\/wp-content\/uploads\/2021\/01\/1700-500px-300x88.jpg 300w, https:\/\/enolife.com.ar\/es\/wp-content\/uploads\/2021\/01\/1700-500px-1024x301.jpg 1024w, https:\/\/enolife.com.ar\/es\/wp-content\/uploads\/2021\/01\/1700-500px-768x226.jpg 768w, https:\/\/enolife.com.ar\/es\/wp-content\/uploads\/2021\/01\/1700-500px-1536x452.jpg 1536w, https:\/\/enolife.com.ar\/es\/wp-content\/uploads\/2021\/01\/1700-500px-1170x344.jpg 1170w, https:\/\/enolife.com.ar\/es\/wp-content\/uploads\/2021\/01\/1700-500px-585x172.jpg 585w\" sizes=\"auto, (max-width: 1700px) 100vw, 1700px\" width=\"1700\" height=\"500\"   \/><\/a>\n\n\n<div style=\"height:45px\" aria-hidden=\"true\" class=\"wp-block-spacer\"><\/div>\n\n\n\n<p>La centralidad de la familia, el fuego de la pasi\u00f3n argentina, la amistad como gran motor y la solidaridad a flor de piel son los pilares de un relato en el que siempre el vino y los brindis aparecen como maravillosos hilvanes de la identidad argentina.<\/p>\n\n\n\n<div style=\"height:35px\" aria-hidden=\"true\" class=\"wp-block-spacer\"><\/div>\n\n\n<div class=\"wp-block-image\">\n<figure class=\"aligncenter size-large is-resized\"><a href=\"https:\/\/enolife.com.ar\/es\/wp-content\/uploads\/2025\/11\/PaisDivino-Teaser-Marca.jpg\" data-rel=\"penci-gallery-image-content\" ><img loading=\"lazy\" decoding=\"async\" width=\"1024\" height=\"576\" src=\"https:\/\/enolife.com.ar\/es\/wp-content\/uploads\/2025\/11\/PaisDivino-Teaser-Marca-1024x576.jpg\" alt=\"\" class=\"wp-image-170482\" style=\"width:724px;height:auto\" srcset=\"https:\/\/enolife.com.ar\/es\/wp-content\/uploads\/2025\/11\/PaisDivino-Teaser-Marca-1024x576.jpg 1024w, https:\/\/enolife.com.ar\/es\/wp-content\/uploads\/2025\/11\/PaisDivino-Teaser-Marca-300x169.jpg 300w, https:\/\/enolife.com.ar\/es\/wp-content\/uploads\/2025\/11\/PaisDivino-Teaser-Marca-768x432.jpg 768w, https:\/\/enolife.com.ar\/es\/wp-content\/uploads\/2025\/11\/PaisDivino-Teaser-Marca-1536x864.jpg 1536w, https:\/\/enolife.com.ar\/es\/wp-content\/uploads\/2025\/11\/PaisDivino-Teaser-Marca-1170x658.jpg 1170w, https:\/\/enolife.com.ar\/es\/wp-content\/uploads\/2025\/11\/PaisDivino-Teaser-Marca-585x329.jpg 585w, https:\/\/enolife.com.ar\/es\/wp-content\/uploads\/2025\/11\/PaisDivino-Teaser-Marca.jpg 1920w\" sizes=\"auto, (max-width: 1024px) 100vw, 1024px\" \/><\/a><\/figure><\/div>\n\n\n<div style=\"height:35px\" aria-hidden=\"true\" class=\"wp-block-spacer\"><\/div>\n\n\n\n<p>En una<strong> miniserie de cuatro cap\u00edtulos<\/strong>, el <strong>Fondo Vitivin\u00edcola Mendoza <\/strong>resume y pone en valor algunas de las caracter\u00edsticas m\u00e1s importantes de nuestra forma de ser argentinos, argentinas, aquello que nos define y que es dif\u00edcil de explicar, pero que se siente y nos llena de orgullo. \u201c<strong>Pa\u00eds divino<\/strong>\u201d -realizada por <strong>Cactus Cine<\/strong> y con testimonios recogidos en todo el pa\u00eds- construye un mosaico que muestra esos valores singulares y al mismo tiempo diversos tienen algo en com\u00fan, algo que nos une. El vino, la bebida nacional, ser\u00e1 ese hilo que conecta las historias que hablan de <strong>pasi\u00f3n, familia, amistad y solidaridad<\/strong>, cuatro pilares de la identidad argentina.<\/p>\n\n\n\n<div style=\"height:35px\" aria-hidden=\"true\" class=\"wp-block-spacer\"><\/div>\n\n\n\n<figure class=\"wp-block-gallery has-nested-images columns-default is-cropped wp-block-gallery-1 is-layout-flex wp-block-gallery-is-layout-flex\">\n<figure class=\"wp-block-image size-full\"><a href=\"https:\/\/enolife.com.ar\/es\/wp-content\/uploads\/2025\/11\/PaisDivino-Liniers.jpeg\" data-rel=\"penci-gallery-image-content\" ><img loading=\"lazy\" decoding=\"async\" width=\"400\" height=\"424\" data-id=\"170473\" src=\"https:\/\/enolife.com.ar\/es\/wp-content\/uploads\/2025\/11\/PaisDivino-Liniers.jpeg\" alt=\"\" class=\"wp-image-170473\" srcset=\"https:\/\/enolife.com.ar\/es\/wp-content\/uploads\/2025\/11\/PaisDivino-Liniers.jpeg 400w, https:\/\/enolife.com.ar\/es\/wp-content\/uploads\/2025\/11\/PaisDivino-Liniers-283x300.jpeg 283w\" sizes=\"auto, (max-width: 400px) 100vw, 400px\" \/><\/a><\/figure>\n\n\n\n<figure class=\"wp-block-image size-full\"><a href=\"https:\/\/enolife.com.ar\/es\/wp-content\/uploads\/2025\/11\/PaisDivino-Fabricio-Oberto.jpeg\" data-rel=\"penci-gallery-image-content\" ><img loading=\"lazy\" decoding=\"async\" width=\"555\" height=\"577\" data-id=\"170476\" src=\"https:\/\/enolife.com.ar\/es\/wp-content\/uploads\/2025\/11\/PaisDivino-Fabricio-Oberto.jpeg\" alt=\"\" class=\"wp-image-170476\" srcset=\"https:\/\/enolife.com.ar\/es\/wp-content\/uploads\/2025\/11\/PaisDivino-Fabricio-Oberto.jpeg 555w, https:\/\/enolife.com.ar\/es\/wp-content\/uploads\/2025\/11\/PaisDivino-Fabricio-Oberto-289x300.jpeg 289w\" sizes=\"auto, (max-width: 555px) 100vw, 555px\" \/><\/a><\/figure>\n\n\n\n<figure class=\"wp-block-image size-full\"><a href=\"https:\/\/enolife.com.ar\/es\/wp-content\/uploads\/2025\/11\/PaisDivino-Nadia-Coralina-1.jpeg\" data-rel=\"penci-gallery-image-content\" ><img loading=\"lazy\" decoding=\"async\" width=\"400\" height=\"478\" data-id=\"170477\" src=\"https:\/\/enolife.com.ar\/es\/wp-content\/uploads\/2025\/11\/PaisDivino-Nadia-Coralina-1.jpeg\" alt=\"\" class=\"wp-image-170477\" srcset=\"https:\/\/enolife.com.ar\/es\/wp-content\/uploads\/2025\/11\/PaisDivino-Nadia-Coralina-1.jpeg 400w, https:\/\/enolife.com.ar\/es\/wp-content\/uploads\/2025\/11\/PaisDivino-Nadia-Coralina-1-251x300.jpeg 251w\" sizes=\"auto, (max-width: 400px) 100vw, 400px\" \/><\/a><\/figure>\n<figcaption class=\"blocks-gallery-caption wp-element-caption\"><em><strong>Liniers, Fabricio Oberto y Nadia Coralina<\/strong><\/em><\/figcaption><\/figure>\n\n\n\n<div style=\"height:35px\" aria-hidden=\"true\" class=\"wp-block-spacer\"><\/div>\n\n\n\n<p><strong>\u201cPa\u00eds divino\u201d<\/strong> es un tejido audiovisual que entrelaza im\u00e1genes simp\u00e1ticas y singulares que recorren las redes sociales junto con testimonios y reflexiones de personalidades del arte, la cultura, el deporte, la gastronom\u00eda. <strong>Elena Roger, Liniers, Fabricio Oberto, Walas, la sommelier Marcela Rienzo, Hern\u00e1n Casciari, Narda Lepes, Facundo Arana, Santiago Korovsky, y l<\/strong>a cient\u00edfica del Conicet que particip\u00f3 de la expedici\u00f3n al fondo del mar<strong> Nadia Coralina<\/strong>, son algunas de las voces que forman parte de la serie que el Fondo Vitivin\u00edcola estrenar\u00e1 el 24 de noviembre en el canal de <strong>YouTube\/El Vinos Nos Une<\/strong> y en <strong>@elvinonosune<\/strong>; durante el mes de diciembre, cada semana se emitir\u00e1 un nuevo cap\u00edtulo de <strong>\u201cPa\u00eds divino\u201d.<\/strong><\/p>\n\n\n\n<div style=\"height:30px\" aria-hidden=\"true\" class=\"wp-block-spacer\"><\/div>\n\n\n\n<figure class=\"wp-block-gallery has-nested-images columns-default is-cropped wp-block-gallery-2 is-layout-flex wp-block-gallery-is-layout-flex\">\n<figure class=\"wp-block-image size-full\"><a href=\"https:\/\/enolife.com.ar\/es\/wp-content\/uploads\/2025\/11\/PaisDivino-Elena-Roger.jpeg\" data-rel=\"penci-gallery-image-content\" ><img loading=\"lazy\" decoding=\"async\" width=\"400\" height=\"469\" data-id=\"170466\" src=\"https:\/\/enolife.com.ar\/es\/wp-content\/uploads\/2025\/11\/PaisDivino-Elena-Roger.jpeg\" alt=\"\" class=\"wp-image-170466\" srcset=\"https:\/\/enolife.com.ar\/es\/wp-content\/uploads\/2025\/11\/PaisDivino-Elena-Roger.jpeg 400w, https:\/\/enolife.com.ar\/es\/wp-content\/uploads\/2025\/11\/PaisDivino-Elena-Roger-256x300.jpeg 256w\" sizes=\"auto, (max-width: 400px) 100vw, 400px\" \/><\/a><\/figure>\n\n\n\n<figure class=\"wp-block-image size-full\"><a href=\"https:\/\/enolife.com.ar\/es\/wp-content\/uploads\/2025\/11\/Facundo-Arana.jpeg\" data-rel=\"penci-gallery-image-content\" ><img loading=\"lazy\" decoding=\"async\" width=\"400\" height=\"443\" data-id=\"170467\" src=\"https:\/\/enolife.com.ar\/es\/wp-content\/uploads\/2025\/11\/Facundo-Arana.jpeg\" alt=\"\" class=\"wp-image-170467\" srcset=\"https:\/\/enolife.com.ar\/es\/wp-content\/uploads\/2025\/11\/Facundo-Arana.jpeg 400w, https:\/\/enolife.com.ar\/es\/wp-content\/uploads\/2025\/11\/Facundo-Arana-271x300.jpeg 271w\" sizes=\"auto, (max-width: 400px) 100vw, 400px\" \/><\/a><\/figure>\n\n\n\n<figure class=\"wp-block-image size-full\"><a href=\"https:\/\/enolife.com.ar\/es\/wp-content\/uploads\/2025\/11\/Maite-Lanata.jpeg\" data-rel=\"penci-gallery-image-content\" ><img loading=\"lazy\" decoding=\"async\" width=\"400\" height=\"451\" data-id=\"170468\" src=\"https:\/\/enolife.com.ar\/es\/wp-content\/uploads\/2025\/11\/Maite-Lanata.jpeg\" alt=\"\" class=\"wp-image-170468\" srcset=\"https:\/\/enolife.com.ar\/es\/wp-content\/uploads\/2025\/11\/Maite-Lanata.jpeg 400w, https:\/\/enolife.com.ar\/es\/wp-content\/uploads\/2025\/11\/Maite-Lanata-266x300.jpeg 266w\" sizes=\"auto, (max-width: 400px) 100vw, 400px\" \/><\/a><\/figure>\n<figcaption class=\"blocks-gallery-caption wp-element-caption\"><em><strong>Elena Roger, Facundo Arana y Maite Lanata<\/strong><\/em><\/figcaption><\/figure>\n\n\n\n<div style=\"height:35px\" aria-hidden=\"true\" class=\"wp-block-spacer\"><\/div>\n\n\n\n<p class=\"has-medium-font-size\"><strong>Un relato con acento mendocino<\/strong><\/p>\n\n\n<div class=\"wp-block-image\">\n<figure class=\"alignleft size-full is-resized\"><a href=\"https:\/\/enolife.com.ar\/es\/wp-content\/uploads\/2025\/11\/image-40.png\" data-rel=\"penci-gallery-image-content\" ><img loading=\"lazy\" decoding=\"async\" width=\"311\" height=\"276\" src=\"https:\/\/enolife.com.ar\/es\/wp-content\/uploads\/2025\/11\/image-40.png\" alt=\"\" class=\"wp-image-170451\" style=\"width:206px;height:auto\" srcset=\"https:\/\/enolife.com.ar\/es\/wp-content\/uploads\/2025\/11\/image-40.png 311w, https:\/\/enolife.com.ar\/es\/wp-content\/uploads\/2025\/11\/image-40-300x266.png 300w\" sizes=\"auto, (max-width: 311px) 100vw, 311px\" \/><\/a><\/figure><\/div>\n\n\n<p>A lo largo de cuatro cap\u00edtulos, una voz ir\u00e1 entretejiendo testimonios, im\u00e1genes y situaciones que exploran la identidad argentina. Esa voz es la de <strong>Claudia Racconto<\/strong>, actriz mendocina de reconocida trayectoria en la escena teatral y en la comedia musical. Claudia ha trabajado en m\u00e1s de 50 obras, tanto infantiles como para adultos, musicales y de texto y en cine en diversos cortos, largometrajes y publicidades; tambi\u00e9n es actriz de doblaje y en 2024 gan\u00f3 el premio Hugo Federal 2024 a la Mejor interpretaci\u00f3n femenina.<\/p>\n\n\n\n<p><em>\u201cMe puso muy contenta que me convocaran para grabar la voz en este proyecto que siento tan cercano por ser mendocina. Fue un placer enorme compartir este trabajo con un gran equipo profesional\u201d, <\/em>destac\u00f3 la actriz.<\/p>\n\n\n\n<div style=\"height:25px\" aria-hidden=\"true\" class=\"wp-block-spacer\"><\/div>\n\n\n\n<h3 class=\"wp-block-heading has-background\" style=\"background-color:#d7afb9\">Mir\u00e1 el avance de la serie <a href=\"https:\/\/youtu.be\/_Ox0YmK0aUk\">ac\u00e1<\/a><\/h3>\n\n\n\n<div style=\"height:30px\" aria-hidden=\"true\" class=\"wp-block-spacer\"><\/div>\n\n\n\n<p>La realizaci\u00f3n de \u201cPa\u00eds divino\u201d cont\u00f3 con el aporte del <strong>Consejo Federal de Inversiones (CFI)<\/strong>, gestionado a trav\u00e9s del <strong>Gobierno de Mendoza<\/strong>, junto al financiamiento de la <strong>Corporaci\u00f3n Vitivin\u00edcola Argentina (Coviar).<\/strong><\/p>\n\n\n\n<p><strong>Ficha t\u00e9cnica de la miniserie \u00abPa\u00eds divino<\/strong>\u00ab<\/p>\n\n\n\n<ul class=\"wp-block-list\">\n<li>Una producci\u00f3n de Fondo Vitivin\u00edcola Mendoza y Cactus Cine&nbsp;<\/li>\n\n\n\n<li>Equipo Fondo Vitivin\u00edcola: Carmen P\u00e9rez, Vanina Lanza, Antonella Sonego, Andrea Osta, Beatriz Zorrilla, Luz Fiochetta, Sergio Villanueva.<\/li>\n\n\n\n<li>Direcci\u00f3n: Nicol\u00e1s Carreras \/ Agust\u00edn Vidal<\/li>\n\n\n\n<li>Producci\u00f3n general: Nicol\u00e1s Carreras, Mauricio Albornoz Iniesta, Sebasti\u00e1n Carreras,<\/li>\n\n\n\n<li>Agust\u00edn Vidal<\/li>\n\n\n\n<li>Guion: Federico Marcello<\/li>\n\n\n\n<li>Producci\u00f3n ejecutiva: Mathias Carnaghi<\/li>\n\n\n\n<li>Asistente de producci\u00f3n: Martina Bassuk<\/li>\n\n\n\n<li>Producci\u00f3n period\u00edstica: Lucila Calderone<\/li>\n\n\n\n<li>Sonido: Pedro Joaqu\u00edn Gerbelli, Lucho Corti, Ramiro \u00c1lvarez<\/li>\n\n\n\n<li>Direcci\u00f3n de Fotograf\u00eda: Agust\u00edn Vidal<\/li>\n\n\n\n<li>C\u00e1maras: Federico Molentino<\/li>\n\n\n\n<li>Asistencia de c\u00e1mara: Le\u00f3n Roberti<\/li>\n\n\n\n<li>Montaje: Gonzalo Aranda<\/li>\n\n\n\n<li>Asistente de montaje: Laura Laiguera<\/li>\n\n\n\n<li>Administraci\u00f3n: Pilar Parra<\/li>\n\n\n\n<li>Voz en off: <strong>Claudia Racconto<\/strong><\/li>\n\n\n\n<li>Financiamiento: Consejo Federal de Inversiones, mediante el Gobierno de Mendoza; Corporaci\u00f3n Vitivin\u00edcola Argentina y Fondo Vitivin\u00edcola Mendoza.<\/li>\n<\/ul>\n\n\n\n<div style=\"height:35px\" aria-hidden=\"true\" class=\"wp-block-spacer\"><\/div>\n\n\n\n<figure class=\"wp-block-gallery has-nested-images columns-default is-cropped wp-block-gallery-3 is-layout-flex wp-block-gallery-is-layout-flex\">\n<figure class=\"wp-block-image size-full\"><a href=\"https:\/\/enolife.com.ar\/es\/wp-content\/uploads\/2025\/11\/image-41.png\" data-rel=\"penci-gallery-image-content\" ><img loading=\"lazy\" decoding=\"async\" width=\"327\" height=\"375\" data-id=\"170455\" src=\"https:\/\/enolife.com.ar\/es\/wp-content\/uploads\/2025\/11\/image-41.png\" alt=\"\" class=\"wp-image-170455\" srcset=\"https:\/\/enolife.com.ar\/es\/wp-content\/uploads\/2025\/11\/image-41.png 327w, https:\/\/enolife.com.ar\/es\/wp-content\/uploads\/2025\/11\/image-41-262x300.png 262w\" sizes=\"auto, (max-width: 327px) 100vw, 327px\" \/><\/a><\/figure>\n\n\n\n<figure class=\"wp-block-image size-full\"><a href=\"https:\/\/enolife.com.ar\/es\/wp-content\/uploads\/2025\/11\/image-42.png\" data-rel=\"penci-gallery-image-content\" ><img loading=\"lazy\" decoding=\"async\" width=\"322\" height=\"370\" data-id=\"170456\" src=\"https:\/\/enolife.com.ar\/es\/wp-content\/uploads\/2025\/11\/image-42.png\" alt=\"\" class=\"wp-image-170456\" srcset=\"https:\/\/enolife.com.ar\/es\/wp-content\/uploads\/2025\/11\/image-42.png 322w, https:\/\/enolife.com.ar\/es\/wp-content\/uploads\/2025\/11\/image-42-261x300.png 261w\" sizes=\"auto, (max-width: 322px) 100vw, 322px\" \/><\/a><\/figure>\n\n\n\n<figure class=\"wp-block-image size-full\"><a href=\"https:\/\/enolife.com.ar\/es\/wp-content\/uploads\/2025\/11\/milo.jpg\" data-rel=\"penci-gallery-image-content\" ><img loading=\"lazy\" decoding=\"async\" width=\"494\" height=\"658\" data-id=\"170458\" src=\"https:\/\/enolife.com.ar\/es\/wp-content\/uploads\/2025\/11\/milo.jpg\" alt=\"\" class=\"wp-image-170458\" srcset=\"https:\/\/enolife.com.ar\/es\/wp-content\/uploads\/2025\/11\/milo.jpg 494w, https:\/\/enolife.com.ar\/es\/wp-content\/uploads\/2025\/11\/milo-225x300.jpg 225w\" sizes=\"auto, (max-width: 494px) 100vw, 494px\" \/><\/a><\/figure>\n<figcaption class=\"blocks-gallery-caption wp-element-caption\"><em><strong>Hern\u00e1n Casciari, Narda Lepes y Milo Lockett durante el rodaje<\/strong><\/em>.<\/figcaption><\/figure>\n\n\n\n<div style=\"height:35px\" aria-hidden=\"true\" class=\"wp-block-spacer\"><\/div>\n\n\n\n<h3 class=\"wp-block-heading has-background\" style=\"background-color:#d2abb5\">Descarg\u00e1 im\u00e1genes de los protagonistas <a href=\"https:\/\/drive.google.com\/drive\/folders\/1Of3OY2Li6QcT-tItaMoFILI1Cqtg0M94?usp=drive_link\">ac\u00e1<\/a><\/h3>\n\n\n\n<div style=\"height:24px\" aria-hidden=\"true\" class=\"wp-block-spacer\"><\/div>\n\n\n\n<p>Con la participaci\u00f3n de: <strong>Mami Alba\u00f1il, Facundo Arana, Hern\u00e1n Casciari, Mike Chouhy, Nadia Coralina, Santiago Korovsky, Maite Lanata, Narda Lepes, Liniers, Milo Lockett, Fabricio Oberto, Marcela Rienzo, Elena Roger y Walas.<\/strong><\/p>\n\n\n\n<ul class=\"wp-block-list\">\n<li><strong>Provincia de Chubut: <\/strong>Gonzalo Aranda<\/li>\n\n\n\n<li><strong>Provincia de Mendoza: <\/strong>Flick Productora, Leandro Suli\u00e1, Lucas Kalik, Ezequiel Fern\u00e1ndez<\/li>\n\n\n\n<li><strong>Provincia de Jujuy: <\/strong>Martha Rojas, Silvina Salina, Gisela Villanueva<\/li>\n\n\n\n<li><strong>Provincia de C\u00f3rdoba: <\/strong>Daniel Lambrisca, Maximiliano Lafuria, Fernanda Rocca<\/li>\n\n\n\n<li><strong>Provincia de Misiones: <\/strong>Sebasti\u00e1n G\u00f3mez, Diego Bellocchio, Griselda Barros, Miqueas Ricarte, Agustina Gamonal<\/li>\n\n\n\n<li><strong>Ciudad de Mar del Plata: <\/strong>Oriana Castro, Camila Torchietti, Santiago Guti\u00e9rrez<\/li>\n<\/ul>\n\n\n\n<div style=\"height:49px\" aria-hidden=\"true\" class=\"wp-block-spacer\"><\/div>\n","protected":false},"excerpt":{"rendered":"<p>Para celebrar el D\u00eda del Vino Bebida Nacional, hoy 24 de noviembre, el Fondo Vitivin\u00edcola&hellip;<\/p>\n","protected":false},"author":2,"featured_media":170460,"comment_status":"closed","ping_status":"open","sticky":false,"template":"","format":"standard","meta":{"footnotes":""},"categories":[14],"tags":[],"class_list":["post-170450","post","type-post","status-publish","format-standard","has-post-thumbnail","hentry","category-news"],"_links":{"self":[{"href":"https:\/\/enolife.com.ar\/es\/wp-json\/wp\/v2\/posts\/170450","targetHints":{"allow":["GET"]}}],"collection":[{"href":"https:\/\/enolife.com.ar\/es\/wp-json\/wp\/v2\/posts"}],"about":[{"href":"https:\/\/enolife.com.ar\/es\/wp-json\/wp\/v2\/types\/post"}],"author":[{"embeddable":true,"href":"https:\/\/enolife.com.ar\/es\/wp-json\/wp\/v2\/users\/2"}],"replies":[{"embeddable":true,"href":"https:\/\/enolife.com.ar\/es\/wp-json\/wp\/v2\/comments?post=170450"}],"version-history":[{"count":0,"href":"https:\/\/enolife.com.ar\/es\/wp-json\/wp\/v2\/posts\/170450\/revisions"}],"wp:featuredmedia":[{"embeddable":true,"href":"https:\/\/enolife.com.ar\/es\/wp-json\/wp\/v2\/media\/170460"}],"wp:attachment":[{"href":"https:\/\/enolife.com.ar\/es\/wp-json\/wp\/v2\/media?parent=170450"}],"wp:term":[{"taxonomy":"category","embeddable":true,"href":"https:\/\/enolife.com.ar\/es\/wp-json\/wp\/v2\/categories?post=170450"},{"taxonomy":"post_tag","embeddable":true,"href":"https:\/\/enolife.com.ar\/es\/wp-json\/wp\/v2\/tags?post=170450"}],"curies":[{"name":"wp","href":"https:\/\/api.w.org\/{rel}","templated":true}]}}