{"id":170314,"date":"2025-11-24T00:14:13","date_gmt":"2025-11-24T00:14:13","guid":{"rendered":"https:\/\/enolife.com.ar\/es\/?p=170314"},"modified":"2025-11-25T14:20:34","modified_gmt":"2025-11-25T14:20:34","slug":"investigan-en-francia-la-relacion-entre-el-vigor-de-la-vid-y-las-enfermedades-de-la-madera","status":"publish","type":"post","link":"https:\/\/enolife.com.ar\/es\/investigan-en-francia-la-relacion-entre-el-vigor-de-la-vid-y-las-enfermedades-de-la-madera\/","title":{"rendered":"Investigan en Francia la relaci\u00f3n entre el vigor de la vid y las enfermedades de la madera"},"content":{"rendered":"\n<h4 class=\"wp-block-heading\"><em><strong>La relaci\u00f3n entre el vigor de la vid y la expresi\u00f3n de las enfermedades de la madera (yesca y Botryosphaeria dieback) est\u00e1 poco documentada en la literatura. En este estudio realizado en la regi\u00f3n mediterr\u00e1nea de Francia entre 2021 y 2023, cuatro investigadores galos han puesto de manifiesto una relaci\u00f3n entre el vigor de la vid y la expresi\u00f3n de las enfermedades de la madera. Los resultados tambi\u00e9n muestran el efecto de otros factores, como el estr\u00e9s h\u00eddrico del a\u00f1o anterior, lo que sugiere una relaci\u00f3n m\u00e1s amplia con la fisiolog\u00eda de la vid.<\/strong><\/em><strong><em> <\/em><\/strong><\/h4>\n\n\n\n<div style=\"height:43px\" aria-hidden=\"true\" class=\"wp-block-spacer\"><\/div>\n\n\n<a href=\"https:\/\/www.lallemandwine.com\/es\/south-america\/\" aria-label=\"Lallemand_1700X500 (002)\"><img loading=\"lazy\" decoding=\"async\" src=\"https:\/\/enolife.com.ar\/es\/wp-content\/uploads\/2021\/06\/Lallemand_1700X500-002.jpg\" alt=\"\"  srcset=\"https:\/\/enolife.com.ar\/es\/wp-content\/uploads\/2021\/06\/Lallemand_1700X500-002.jpg 1700w, https:\/\/enolife.com.ar\/es\/wp-content\/uploads\/2021\/06\/Lallemand_1700X500-002-300x88.jpg 300w, https:\/\/enolife.com.ar\/es\/wp-content\/uploads\/2021\/06\/Lallemand_1700X500-002-1024x301.jpg 1024w, https:\/\/enolife.com.ar\/es\/wp-content\/uploads\/2021\/06\/Lallemand_1700X500-002-768x226.jpg 768w, https:\/\/enolife.com.ar\/es\/wp-content\/uploads\/2021\/06\/Lallemand_1700X500-002-1536x452.jpg 1536w, https:\/\/enolife.com.ar\/es\/wp-content\/uploads\/2021\/06\/Lallemand_1700X500-002-1170x344.jpg 1170w, https:\/\/enolife.com.ar\/es\/wp-content\/uploads\/2021\/06\/Lallemand_1700X500-002-585x172.jpg 585w\" sizes=\"auto, (max-width: 1700px) 100vw, 1700px\" width=\"1700\" height=\"500\"   \/><\/a>\n\n\n<div style=\"height:43px\" aria-hidden=\"true\" class=\"wp-block-spacer\"><\/div>\n\n\n\n<p>Para comprobar el efecto del <strong>vigor<\/strong> en la expresi\u00f3n de los s\u00edntomas de las enfermedades de la madera, los investigadores franceses realizaron un seguimiento durante dos campa\u00f1as (2022 y 2023) de<strong> tres peque\u00f1as redes de una treintena de parcelas cada una<\/strong>. Las redes de parcelas est\u00e1 compuestas por la misma variedad de uva (Garnacha Tinta), tienen edades similares (alrededor de 20&nbsp;a\u00f1os) y est\u00e1n en peque\u00f1as superficies situadas dentro de un radio de 5 a 10&nbsp;km en la zona de los departamentos franceses de <strong>Bouches-du-Rh\u00f4ne, Vaucluse <\/strong>y<strong> Gard<\/strong>. <\/p>\n\n\n\n<p>El objetivo de la proximidad geogr\u00e1fica de las parcelas es que las condiciones clim\u00e1ticas muestren pocas variaciones. Estas parcelas se seleccionaron a partir de una red m\u00e1s amplia evaluada en 2021, con el fin de representar toda la gama de incidencias de las enfermedades de la madera, desde grados de incidencia muy bajos hasta muy altos.<\/p>\n\n\n\n<p>En cada parcela se realizaron mediciones de vigor (mediante el indicador del <strong>n\u00famero de p\u00e1mpanos <\/strong>y secci\u00f3n media de un p\u00e1mpano) y se describieron las principales variables asociadas: <strong>estado h\u00eddrico <\/strong>(velocidad de crecimiento de los \u00e1pices de la vid durante el verano), <strong>nutrici\u00f3n nitrogenada <\/strong>(medici\u00f3n del Ntester en el envero), <strong>mantenimiento del suelo<\/strong> (grado de cobertura del suelo por una cubierta espont\u00e1nea), <strong>estimaci\u00f3n del nivel de rendimiento por cepa y de la biomasa vegetativa<\/strong> mediante notaciones visuales anotadas en la vendimia. <\/p>\n\n\n\n<p>Los s\u00edntomas foliares de las enfermedades de la madera tambi\u00e9n se anotaron en el momento de la vendimia, distinguiendo los s\u00edntomas t\u00edpicos de la <strong>yesca<\/strong> o del <strong>decaimiento por Botryosphaeria. <\/strong>Estos s\u00edntomas pueden ser necrosis internerviales caracter\u00edsticas en las hojas (rayas tipo tigre) en formas lentas y con m\u00e1s ca\u00edda de hojas en formas graves, o incluso llegar a causar apoplej\u00eda en la cepa (sequedad brusca y homog\u00e9nea de una cepa o media cepa en pocos d\u00edas).<\/p>\n\n\n\n<p>Desde el punto de vista vit\u00edcola, las redes de parcelas escogidas para los ensayos son t\u00edpicas de la viticultura de la DOP del sureste de Francia: variedad Garnacha Tinta, conducidas principalmente en cordones de Royat dobles, sobre portainjertos 110R y 140Ru, con una densidad de plantaci\u00f3n de aproximadamente 4.000&nbsp;cepas\/ha, en suelos arcillo-calc\u00e1reos, con cierta variabilidad arenosa o pedregosa y con profundidad variable. Sin embargo, existen diferencias entre las redes: la red de Bouches-du-Rh\u00f4ne tiene como objetivo la producci\u00f3n de vinos rosados, la mitad de las parcelas seleccionadas se riegan y sus suelos se labran en totalidad. Las otras dos redes, las de Vaucluse y Gard, se dedican a la producci\u00f3n de vinos tintos, con poco o ning\u00fan riego, y la red de Gard presenta mayoritariamente el suelo cubierto con cubiertas vegetales espont\u00e1neas.<\/p>\n\n\n\n<p>En cuanto a las a\u00f1adas seguidas, 2022 fue un a\u00f1o muy c\u00e1lido y seco, especialmente en primavera, y 2021 y 2023 m\u00e1s h\u00famedos, sobre todo en primavera.<\/p>\n\n\n\n<div style=\"height:35px\" aria-hidden=\"true\" class=\"wp-block-spacer\"><\/div>\n\n\n\n<p class=\"has-medium-font-size\"><strong>Relaci\u00f3n con el vigor de la vid<\/strong><\/p>\n\n\n\n<p>Los resultados muestran que, dentro de cada red, el vigor de la vid y ciertas de sus variables asociadas (producci\u00f3n, vegetaci\u00f3n, nitr\u00f3geno) est\u00e1n correlacionadas significativamente con la expresi\u00f3n de enfermedades de la madera (Tabla&nbsp;1, las correlaciones se muestran en verde).<\/p>\n\n\n\n<div style=\"height:30px\" aria-hidden=\"true\" class=\"wp-block-spacer\"><\/div>\n\n\n<div class=\"wp-block-image\">\n<figure class=\"aligncenter size-large is-resized\"><a href=\"https:\/\/enolife.com.ar\/es\/wp-content\/uploads\/2025\/11\/image-25-scaled.png\" data-rel=\"penci-gallery-image-content\" ><img loading=\"lazy\" decoding=\"async\" width=\"1024\" height=\"281\" src=\"https:\/\/enolife.com.ar\/es\/wp-content\/uploads\/2025\/11\/image-25-1024x281.png\" alt=\"\" class=\"wp-image-170317\" style=\"width:772px;height:auto\" srcset=\"https:\/\/enolife.com.ar\/es\/wp-content\/uploads\/2025\/11\/image-25-1024x281.png 1024w, https:\/\/enolife.com.ar\/es\/wp-content\/uploads\/2025\/11\/image-25-300x82.png 300w, https:\/\/enolife.com.ar\/es\/wp-content\/uploads\/2025\/11\/image-25-768x211.png 768w, https:\/\/enolife.com.ar\/es\/wp-content\/uploads\/2025\/11\/image-25-1536x422.png 1536w, https:\/\/enolife.com.ar\/es\/wp-content\/uploads\/2025\/11\/image-25-2048x562.png 2048w, https:\/\/enolife.com.ar\/es\/wp-content\/uploads\/2025\/11\/image-25-1170x321.png 1170w, https:\/\/enolife.com.ar\/es\/wp-content\/uploads\/2025\/11\/image-25-585x161.png 585w\" sizes=\"auto, (max-width: 1024px) 100vw, 1024px\" \/><\/a><figcaption class=\"wp-element-caption\"><em><strong>Tabla 1. Correlaciones entre la incidencia de enfermedades de la madera de la vid (EMV) y los diferentes indicadores vit\u00edcolas estudiados.  BHestimado- = balance h\u00eddrico estimado (en mm), AUC_ICapex = \u00e1rea bajo la curva de evoluci\u00f3n del indicador del estado de crecimiento de los \u00e1pices. Correlaciones de Pearson, umbral de significaci\u00f3n p&nbsp;=&nbsp;0,10 (\u00ab-\u00bb = correlaci\u00f3n no significativa). Las correlaciones en verde reflejan las relaciones con el vigor (y sus variables asociadas). Las correlaciones en rojo reflejan las relaciones con los indicadores h\u00eddricos del a\u00f1o anterior.<\/strong><\/em><\/figcaption><\/figure><\/div>\n\n\n<div style=\"height:30px\" aria-hidden=\"true\" class=\"wp-block-spacer\"><\/div>\n\n\n\n<p>La forma de la relaci\u00f3n con el vigor se muestra en la figura 1. Esta relaci\u00f3n puede describirse as\u00ed:<\/p>\n\n\n\n<ul class=\"wp-block-list\">\n<li>Las parcelas de menor vigor presentan pocos o ning\u00fan s\u00edntoma; por ejemplo, las parcelas de vigor m\u00e1s bajo en este estudio tienen sus suelos cubiertos con hierba, desde hace bastante tiempo, con poca vegetaci\u00f3n y producci\u00f3n;<\/li>\n\n\n\n<li>Cuanto mayor es el vigor, m\u00e1s tienden a aumentar los s\u00edntomas de las EMV; las expresiones m\u00e1s fuertes se dan generalmente en parcelas de vigor alto.<\/li>\n\n\n\n<li>Sin embargo, las parcelas de alto vigor pueden presentar pocos s\u00edntomas, lo que refleja la existencia de otros factores necesarios para la expresi\u00f3n.<\/li>\n<\/ul>\n\n\n\n<div style=\"height:30px\" aria-hidden=\"true\" class=\"wp-block-spacer\"><\/div>\n\n\n<div class=\"wp-block-image\">\n<figure class=\"aligncenter size-large is-resized\"><a href=\"https:\/\/enolife.com.ar\/es\/wp-content\/uploads\/2025\/11\/image-26.png\" data-rel=\"penci-gallery-image-content\" ><img loading=\"lazy\" decoding=\"async\" width=\"1024\" height=\"642\" src=\"https:\/\/enolife.com.ar\/es\/wp-content\/uploads\/2025\/11\/image-26-1024x642.png\" alt=\"\" class=\"wp-image-170319\" style=\"width:744px;height:auto\" srcset=\"https:\/\/enolife.com.ar\/es\/wp-content\/uploads\/2025\/11\/image-26-1024x642.png 1024w, https:\/\/enolife.com.ar\/es\/wp-content\/uploads\/2025\/11\/image-26-300x188.png 300w, https:\/\/enolife.com.ar\/es\/wp-content\/uploads\/2025\/11\/image-26-768x482.png 768w, https:\/\/enolife.com.ar\/es\/wp-content\/uploads\/2025\/11\/image-26-1536x964.png 1536w, https:\/\/enolife.com.ar\/es\/wp-content\/uploads\/2025\/11\/image-26-2048x1285.png 2048w, https:\/\/enolife.com.ar\/es\/wp-content\/uploads\/2025\/11\/image-26-1170x734.png 1170w, https:\/\/enolife.com.ar\/es\/wp-content\/uploads\/2025\/11\/image-26-585x367.png 585w\" sizes=\"auto, (max-width: 1024px) 100vw, 1024px\" \/><\/a><figcaption class=\"wp-element-caption\"><em><strong>Figura 1. Forma de la relaci\u00f3n entre el \u00edndice de vigor y la expresi\u00f3n de los s\u00edntomas de enfermedades de la madera en 2022. \u00cdndice de vigor = n\u00famero de p\u00e1mpanos*\u00e1rea de la secci\u00f3n transversal de un p\u00e1mpano (mm\u00b2) \/100- 1 punto = 1 parcela.<\/strong><\/em><\/figcaption><\/figure><\/div>\n\n\n<div style=\"height:35px\" aria-hidden=\"true\" class=\"wp-block-spacer\"><\/div>\n\n\n\n<p class=\"has-medium-font-size\"><strong>Hacia una ampliaci\u00f3n del vigor a la fisiolog\u00eda de la vid<\/strong><\/p>\n\n\n\n<p>En 5 de las 6&nbsp;situaciones estudiadas, el \u00edndice de vigor es efectivamente el indicador que mejor se correlaciona con el nivel de s\u00edntomas de enfermedades de la madera. Sin embargo, en el caso de la red de Gard en 2023, la mejor correlaci\u00f3n se da con los indicadores de alimentaci\u00f3n h\u00eddrica de 2022 (\u00e1rea bajo la curva del \u00edndice ICapex e \u00edndice \u03b4C13, v\u00e9ase la tabla 1, correlaciones en rojo), donde el vigor del a\u00f1o de la campa\u00f1a tambi\u00e9n es influyente. Los indicadores que reflejan una restricci\u00f3n h\u00eddrica en 2022 se asocian con m\u00e1s s\u00edntomas foliares de enfermedades de la madera en 2023, observ\u00e1ndose las expresiones m\u00e1s fuertes en parcelas que tuvieron tanto una mayor restricci\u00f3n h\u00eddrica en 2022 como un buen vigor en 2023, especialmente en primavera.<\/p>\n\n\n\n<p>Este resultado, que deber\u00eda confirmarse en m\u00e1s situaciones, ampl\u00eda el espectro de las causas, al sugerir que el vigor probablemente no sea la \u00fanica variable agron\u00f3mica que debe tenerse en cuenta. Si a esto le a\u00f1adimos el hecho de que otros estudios que relacionan la yesca con la fisiolog\u00eda de la vid se\u00f1alan correlaciones con otras variables, como la reserva \u00fatil del suelo, por ejemplo, o la cubierta vegetal y la fertilizaci\u00f3n nitrogenada, es muy tentador razonar m\u00e1s ampliamente la fisiolog\u00eda de la vid para entender los factores relevantes en la expresi\u00f3n de los s\u00edntomas de las enfermedades de la madera.<\/p>\n\n\n\n<p>Las parcelas de la red del Gard son las que tienen cubiertas vegetales con mayor nivel de vegetaci\u00f3n (vegetaci\u00f3n espont\u00e1nea y permanente todo el a\u00f1o) y recibieron significativamente menos lluvias en 2022 que las otras dos. La hip\u00f3tesis que se puede plantear es que las parcelas que sufrieron una mayor restricci\u00f3n h\u00eddrica en 2022 tuvieron una menor restauraci\u00f3n de sus reservas, lo que, junto con un buen vigor primaveral, dio lugar a un d\u00e9ficit de carbono en la primavera de 2023. Este equilibrio pudo ser desfavorable para la s\u00edntesis de compuestos secundarios de defensa, lo que provoc\u00f3 un aumento de los s\u00edntomas.&nbsp;Esto plantea la hip\u00f3tesis de una implicaci\u00f3n del balance de carbono y nitr\u00f3geno de la cepa durante el periodo comprendido entre la primavera y el verano.&nbsp;Confirmar estas observaciones en otras variedades de uva y regiones, as\u00ed como verificar esta hip\u00f3tesis es la doble perspectiva hacia la que ahora nos gustar\u00eda orientar el trabajo.<\/p>\n\n\n\n<div style=\"height:35px\" aria-hidden=\"true\" class=\"wp-block-spacer\"><\/div>\n\n\n\n<p class=\"has-medium-font-size\"><strong>Fluctuaci\u00f3n interanual de la expresi\u00f3n foliar<\/strong><\/p>\n\n\n\n<p>El objetivo principal de este estudio ha sido explicar la variabilidad de la expresi\u00f3n foliar de las enfermedades de la madera entre parcelas dentro del peque\u00f1o sector geogr\u00e1fico de cada red, tal y como se expone en las partes anteriores del art\u00edculo. No obstante, la observaci\u00f3n de la expresi\u00f3n de las enfermedades de la madera entre los tres a\u00f1os del estudio y las tres redes de parcelas tambi\u00e9n ha dado lugar a interesantes reflexiones complementarias.<\/p>\n\n\n\n<p>En cuanto al comportamiento medio de cada red de parcelas (Tabla&nbsp;2), la red de Gard muestra en 2022 una expresi\u00f3n de las enfermedades de la madera claramente inferior a la de 2021 (-69&nbsp;%), lo que no es el caso de la red de Bouches-du-Rh\u00f4ne (-1&nbsp;%) y solo una tendencia (-32&nbsp;%, no significativa) en la de Vaucluse. Paralelamente, la red de Gard tambi\u00e9n muestra m\u00e1s apoplej\u00eda (41&nbsp;%) en los s\u00edntomas totales. El a\u00f1o 2023 vuelve a niveles similares a los de 2021.<\/p>\n\n\n\n<p>Sin embargo, si se observa lo que distingue a la red de Gard y al a\u00f1o 2022 en los diferentes indicadores seguidos (Tabla&nbsp;2, \u00abvariables agron\u00f3micas\u00bb), se observa que este \u00faltimo, como se ha mencionado anteriormente, es el m\u00e1s cubierto de hierba de los tres y recibi\u00f3 menos lluvias en 2022, lo que da lugar a un balance h\u00eddrico estimado m\u00e1s deficitario, en consonancia con el indicador de crecimiento de los \u00e1pices. Esto tambi\u00e9n se refleja en los niveles medios de alimentaci\u00f3n nitrogenada en esta red.<\/p>\n\n\n\n<p>Por su parte, el \u00edndice de vigor no difiere en promedio ni entre las tres redes ni entre los dos a\u00f1os, lo que sugiere que no es el vigor del a\u00f1o lo que explica el nivel medio de expresi\u00f3n en esta red en 2022. Las variables h\u00eddricas parecen ser las m\u00e1s indicadas.<\/p>\n\n\n\n<div style=\"height:30px\" aria-hidden=\"true\" class=\"wp-block-spacer\"><\/div>\n\n\n<div class=\"wp-block-image\">\n<figure class=\"aligncenter size-large is-resized\"><a href=\"https:\/\/enolife.com.ar\/es\/wp-content\/uploads\/2025\/11\/image-27-scaled.png\" data-rel=\"penci-gallery-image-content\" ><img loading=\"lazy\" decoding=\"async\" width=\"1024\" height=\"398\" src=\"https:\/\/enolife.com.ar\/es\/wp-content\/uploads\/2025\/11\/image-27-1024x398.png\" alt=\"\" class=\"wp-image-170321\" style=\"width:762px;height:auto\" srcset=\"https:\/\/enolife.com.ar\/es\/wp-content\/uploads\/2025\/11\/image-27-1024x398.png 1024w, https:\/\/enolife.com.ar\/es\/wp-content\/uploads\/2025\/11\/image-27-300x117.png 300w, https:\/\/enolife.com.ar\/es\/wp-content\/uploads\/2025\/11\/image-27-768x298.png 768w, https:\/\/enolife.com.ar\/es\/wp-content\/uploads\/2025\/11\/image-27-1536x597.png 1536w, https:\/\/enolife.com.ar\/es\/wp-content\/uploads\/2025\/11\/image-27-2048x795.png 2048w, https:\/\/enolife.com.ar\/es\/wp-content\/uploads\/2025\/11\/image-27-1170x454.png 1170w, https:\/\/enolife.com.ar\/es\/wp-content\/uploads\/2025\/11\/image-27-585x227.png 585w\" sizes=\"auto, (max-width: 1024px) 100vw, 1024px\" \/><\/a><figcaption class=\"wp-element-caption\"><em><strong>Tabla 2. Media por red y por a\u00f1o de los diferentes descriptores de las enfermedades de la madera: incidencia total de enfermedades de la madera + apoplej\u00eda, proporci\u00f3n de apoplej\u00eda en los s\u00edntomas totales y mantenimiento de los s\u00edntomas en relaci\u00f3n con 2021, por un lado, y de los diferentes indicadores agron\u00f3micos seguidos, por otro. Columna de la derecha: prueba de Kruskal-Wallis (p=0,05) realizada sobre los a\u00f1os y las redes en conjunto (6 grupos). Valores en negrita = grupos significativamente diferentes. L\u00edneas con diferencias significativas: coloraci\u00f3n autom\u00e1tica de las celdas seg\u00fan un gradiente de rojo y azul proporcional a la distancia entre el m\u00e1ximo (= rojo), el m\u00ednimo (= azul) y la mediana (= blanco) del grupo. (*) Mantenimiento\/2021 = (incidencia (2022 o 2023) &#8211; incidencia 2021) \/ incidencia 2021.<\/strong><\/em><\/figcaption><\/figure><\/div>\n\n\n<div style=\"height:30px\" aria-hidden=\"true\" class=\"wp-block-spacer\"><\/div>\n\n\n\n<p>Estos elementos sugieren la implicaci\u00f3n de las variables h\u00eddricas en la disminuci\u00f3n de la expresi\u00f3n de enfermedades en la red de parcelas del Gard en 2022. El nivel de estr\u00e9s h\u00eddrico en 2022 en esta red pudo inhibir la expresi\u00f3n de los s\u00edntomas foliares, siguiendo el mismo principio que los resultados de los experimentos en invernadero realizados por Bortolami et al. (2021), que citaron una menor transpiraci\u00f3n como posible causa de la disminuci\u00f3n de la expresi\u00f3n de s\u00edntomas foliares.<\/p>\n\n\n\n<p>Por \u00faltimo, cabe se\u00f1alar que la proporci\u00f3n de apoplej\u00eda en el total de s\u00edntomas, que alcanza su m\u00e1ximo en la red de Gard en 2022, sigue la disminuci\u00f3n de la expresi\u00f3n de los s\u00edntomas y las condiciones h\u00eddricas limitantes. Esto concuerda con la bibliograf\u00eda sobre la relaci\u00f3n entre la apoplej\u00eda causada por enfermedades de la madera y la sequ\u00eda, apoyadas en la hip\u00f3tesis de una posible interrupci\u00f3n del transporte de la savia bruta en condiciones de intensa demanda evaporativa (cavitaci\u00f3n del xilema).<\/p>\n\n\n\n<div style=\"height:35px\" aria-hidden=\"true\" class=\"wp-block-spacer\"><\/div>\n\n\n\n<p class=\"has-medium-font-size\"><strong>Conclusi\u00f3n<\/strong><\/p>\n\n\n\n<p>Este trabajo ha permitido validar la relaci\u00f3n entre el vigor de la vid y la expresi\u00f3n de los s\u00edntomas de las enfermedades de la madera, mostrando una incidencia reducida en situaciones de bajo vigor y un riesgo mayor en situaciones de alto vigor. Tambi\u00e9n ha sugerido la implicaci\u00f3n de restricciones h\u00eddricas durante a\u00f1o anterior, lo que motiva a ampliar el espectro de situaciones fisiol\u00f3gicas de la vid para pr\u00f3ximos estudios. La implicaci\u00f3n del balance de carbono y nitr\u00f3geno de la cepa, a trav\u00e9s de las relaciones fuente-sumidero, especialmente en primavera, y su incidencia en la s\u00edntesis de compuestos de defensa, es la hip\u00f3tesis que nos gustar\u00eda comprobar en futuros estudios.<\/p>\n\n\n\n<p>Desde un punto de vista pr\u00e1ctico, estos resultados abren interesantes v\u00edas para las parcelas vigorosas que muestran un alto nivel de s\u00edntomas, y animan a iniciar ensayos de gesti\u00f3n del vigor utilizando diferentes sistemas de manejo, como el uso de cubiertas vegetales o la fertilizaci\u00f3n nitrogenada, sin perder de vista los objetivos de cada parcela en t\u00e9rminos productivos.<\/p>\n\n\n\n<p>Por \u00faltimo, las observaciones complementarias al resultado principal permiten plantear la hip\u00f3tesis de que la incidencia anual de los s\u00edntomas foliares de las enfermedades de la madera en una parcela podr\u00eda ser el resultado de una acci\u00f3n en dos fases: la determinaci\u00f3n de un nivel de potencial (dependiente del balance de carbono de la vid) y el nivel de expresi\u00f3n efectiva de ese potencial, que a su vez depende de las condiciones clim\u00e1ticas estivales.<\/p>\n\n\n\n<p>Ser\u00eda interesante verificar estas hip\u00f3tesis, as\u00ed como repetir estos trabajos en otras regiones, a\u00f1os y variedades de uva. Todo ello permitir\u00eda confirmar nuestros resultados m\u00e1s all\u00e1 de la regi\u00f3n mediterr\u00e1nea y de la variedad Garnacha Tinta.<\/p>\n\n\n\n<div style=\"height:22px\" aria-hidden=\"true\" class=\"wp-block-spacer\"><\/div>\n\n\n\n<p><em><strong>Fuente: IVES Technical Review. Autores del estudio: Marion Claverie (Institut Francas de la Vigne ed du Vin; Ma\u00efko Audras (Chambre d\u2019Agriculture du Gard); Fran\u00e7ois Berud (Chambre d&#8217;Agriculture de Vaucluse) y Didier Richy (Chambre d&#8217;Agriculture de Vaucluse).<\/strong><\/em><\/p>\n\n\n\n<div style=\"height:36px\" aria-hidden=\"true\" class=\"wp-block-spacer\"><\/div>\n","protected":false},"excerpt":{"rendered":"<p>La relaci\u00f3n entre el vigor de la vid y la expresi\u00f3n de las enfermedades de&hellip;<\/p>\n","protected":false},"author":2,"featured_media":170325,"comment_status":"closed","ping_status":"open","sticky":false,"template":"","format":"standard","meta":{"footnotes":""},"categories":[5],"tags":[],"class_list":["post-170314","post","type-post","status-publish","format-standard","has-post-thumbnail","hentry","category-fincas"],"_links":{"self":[{"href":"https:\/\/enolife.com.ar\/es\/wp-json\/wp\/v2\/posts\/170314","targetHints":{"allow":["GET"]}}],"collection":[{"href":"https:\/\/enolife.com.ar\/es\/wp-json\/wp\/v2\/posts"}],"about":[{"href":"https:\/\/enolife.com.ar\/es\/wp-json\/wp\/v2\/types\/post"}],"author":[{"embeddable":true,"href":"https:\/\/enolife.com.ar\/es\/wp-json\/wp\/v2\/users\/2"}],"replies":[{"embeddable":true,"href":"https:\/\/enolife.com.ar\/es\/wp-json\/wp\/v2\/comments?post=170314"}],"version-history":[{"count":0,"href":"https:\/\/enolife.com.ar\/es\/wp-json\/wp\/v2\/posts\/170314\/revisions"}],"wp:featuredmedia":[{"embeddable":true,"href":"https:\/\/enolife.com.ar\/es\/wp-json\/wp\/v2\/media\/170325"}],"wp:attachment":[{"href":"https:\/\/enolife.com.ar\/es\/wp-json\/wp\/v2\/media?parent=170314"}],"wp:term":[{"taxonomy":"category","embeddable":true,"href":"https:\/\/enolife.com.ar\/es\/wp-json\/wp\/v2\/categories?post=170314"},{"taxonomy":"post_tag","embeddable":true,"href":"https:\/\/enolife.com.ar\/es\/wp-json\/wp\/v2\/tags?post=170314"}],"curies":[{"name":"wp","href":"https:\/\/api.w.org\/{rel}","templated":true}]}}