{"id":170284,"date":"2025-11-22T23:39:15","date_gmt":"2025-11-22T23:39:15","guid":{"rendered":"https:\/\/enolife.com.ar\/es\/?p=170284"},"modified":"2025-11-24T18:26:05","modified_gmt":"2025-11-24T18:26:05","slug":"el-26-11-comienzan-las-audiciones-para-elegir-los-bailarines-y-actores-de-la-vendimia-2026","status":"publish","type":"post","link":"https:\/\/enolife.com.ar\/es\/el-26-11-comienzan-las-audiciones-para-elegir-los-bailarines-y-actores-de-la-vendimia-2026\/","title":{"rendered":"El 26\/11 comienzan las audiciones para elegir los bailarines y actores de la Vendimia 2026"},"content":{"rendered":"\n<h4 class=\"wp-block-heading\"><em><strong>Tras el cierre de la lista de postulantes -el pasado jueves 20\/11\/25- a trabajar como bailarines, actores, m\u00fasicos, acr\u00f3batas, utileros, traspuntes y monitores en el Acto Central de la Vendimia 2026, los d\u00edas 7 y 8 de marzo pr\u00f3ximos en el Anfiteatro Frank Romero Day de Mendoza, el martes 26\/11 arranca la selecci\u00f3n final. Los bailarines, protagonistas centrales del espect\u00e1culo, cobrar\u00e1n $1.500.000 por su tarea desde los ensayos pr\u00f3ximos hasta el d\u00eda de la Fiesta.<\/strong><\/em><\/h4>\n\n\n\n<div style=\"height:39px\" aria-hidden=\"true\" class=\"wp-block-spacer\"><\/div>\n\n\n\n\n\n<div style=\"height:26px\" aria-hidden=\"true\" class=\"wp-block-spacer\"><\/div>\n\n\n\n<p>El calendario de la <strong>Fiesta de la Vendimia 2026<\/strong> comenz\u00f3 el 17\/11 pasado con la elecci\u00f3n de la reina departamental de<strong> San Carlos,<\/strong> y seguir\u00e1 los pr\u00f3ximos d\u00edas con el resto de los espect\u00e1culos y elecciones en cada una de las <strong>18 comunas <\/strong>de la provincia, m\u00e1s la fiesta en la <strong>Capital.<\/strong> Y en los pr\u00f3ximos d\u00edas arranca otra instancia decisiva para la realizaci\u00f3n del espect\u00e1culo principal los d\u00edas 7 y 8 de marzo de 2026 en el Anfiteatro Frank Romero Day, al pie de la precordillera mendocina. Se trata de la selecci\u00f3n de los mejores bailarines, actores y t\u00e9cnicos teatrales para protagonizar ese Acto Central.<\/p>\n\n\n\n<p>Ya cerrada la postulaci\u00f3n, ahora viene la selecci\u00f3n final, que comenzar\u00e1 el pr\u00f3ximo mi\u00e9rcoles 26\/11 con la audiencia a los bailarines, artistas que tienen un cachet estipulado en $1.500.000.<\/p>\n\n\n\n<p>El director Mariano Perri y sus colaboradores seleccionar\u00e1n a bailarines de danzas folcl\u00f3ricas y contempor\u00e1neas, actores, m\u00fasicos, acr\u00f3batas, as\u00ed como a artistas con discapacidad, traspuntes y utileros. <\/p>\n\n\n\n<div style=\"height:26px\" aria-hidden=\"true\" class=\"wp-block-spacer\"><\/div>\n\n\n\n<figure class=\"wp-block-image\"><img decoding=\"async\" src=\"https:\/\/media.sitioandino.com.ar\/p\/f5c9e1b3d3f11568b1e33531932271d4\/adjuntos\/335\/imagenes\/000\/760\/0000760048\/790x0\/smart\/fiesta-la-vendimia-2025jpeg.jpeg\" alt=\"Fiesta de la Vendimia: \u00faltimas horas para postularse para la m\u00e1xima celebraci\u00f3n de Mendoza.\"\/><\/figure>\n\n\n\n<div style=\"height:27px\" aria-hidden=\"true\" class=\"wp-block-spacer\"><\/div>\n\n\n\n<p class=\"has-medium-font-size\"><strong>Salarios y categor\u00edas<\/strong><\/p>\n\n\n\n<p>Para esta edici\u00f3n, el gobierno de Mendoza ha establecido una escala de cachets actualizada, como era de esperar, con respecto a 2025. Estos son los montos y la cantidad de artistas por categor\u00eda:<\/p>\n\n\n\n<ul class=\"wp-block-list\">\n<li><strong>Actores, bailarines, m\u00fasicos y acr\u00f3batas <\/strong>(m\u00e1s de 700 artistas): <strong>$1.500.000<\/strong><\/li>\n\n\n\n<li><strong>Artistas solistas<\/strong> (8 puestos): <strong>$1.650.000<\/strong><\/li>\n\n\n\n<li><strong>Traspuntes (<\/strong>20 puestos): <strong>$1.125.000<\/strong><\/li>\n\n\n\n<li><strong>Traspuntes utileros (<\/strong>33 puestos): <strong>$1.200.000<\/strong><\/li>\n\n\n\n<li><strong>Monitores (<\/strong>14 puestos<strong>): $3.000.000<\/strong><\/li>\n\n\n\n<li><strong>Jefes de boca (<\/strong>10 puestos): sueldo a convenir por antecedentes<\/li>\n<\/ul>\n\n\n\n<div style=\"height:30px\" aria-hidden=\"true\" class=\"wp-block-spacer\"><\/div>\n\n\n\n<figure class=\"wp-block-image\" id=\"724858-Libre-51796641_wrap\"><img decoding=\"async\" src=\"https:\/\/media.sitioandino.com.ar\/p\/dd91c7e4a8433da34585f438058ebf91\/adjuntos\/335\/imagenes\/000\/760\/0000760080\/790x0\/smart\/cuenta-regresiva-la-fiesta-la-vendimia-que-es-lo-que-se-viene.jpeg\" alt=\"Los cachet de los artistas de la Fiesta de la Vendimia 2026 ser\u00e1 de $1.500.000.\" title=\"Los cachet de los artistas de la Fiesta de la Vendimia 2026 ser\u00e1 de $1.500.000.\"\/><\/figure>\n\n\n\n<div style=\"height:25px\" aria-hidden=\"true\" class=\"wp-block-spacer\"><\/div>\n\n\n\n<p class=\"has-medium-font-size\"><strong>Cronograma de audiciones<\/strong><\/p>\n\n\n\n<p>Ya cerrada la inscripci\u00f3n, los artistas deber\u00e1n estar atentos a los turnos que se publicar\u00e1n en la web institucional. Las audiciones se llevar\u00e1n a cabo en el <strong>Espacio Cultural Julio Le Parc<\/strong> y la recepci\u00f3n de carpetas (para traspuntes) en la Sala Elina Alba.<\/p>\n\n\n\n<ul class=\"wp-block-list\">\n<li><strong>M\u00fasicos y cantantes:<\/strong> del mi\u00e9rcoles 26 al viernes 28 de noviembre de 2025.<\/li>\n\n\n\n<li><strong>Bailarines contempor\u00e1neos (y adultos):<\/strong> s\u00e1bado 29 y domingo 30 de noviembre de 2025.<\/li>\n\n\n\n<li><strong>Recepci\u00f3n de carpetas (Traspuntes):<\/strong> lunes 1 y martes 2 de diciembre (Sala Elina Alba).<\/li>\n\n\n\n<li><strong>Actrices, actores y acr\u00f3batas:<\/strong> s\u00e1bado 6 de diciembre de 2025.<\/li>\n\n\n\n<li><strong>Bailarines folclore (adultos y discapacidad):<\/strong> s\u00e1bado 13 y domingo 14 de diciembre de 2025.<\/li>\n<\/ul>\n\n\n\n<p>Los resultados de las audiciones se publicar\u00e1n en el sitio web de Cultura a partir de las 16 en las siguientes fechas:<\/p>\n\n\n\n<ul class=\"wp-block-list\">\n<li><strong>M\u00fasicos:<\/strong> 3 de diciembre de 2025<\/li>\n\n\n\n<li><strong>Resto de las categor\u00edas:<\/strong> 30 de diciembre de 2025<\/li>\n<\/ul>\n\n\n\n<div style=\"height:24px\" aria-hidden=\"true\" class=\"wp-block-spacer\"><\/div>\n\n\n\n<p class=\"has-small-font-size\"><em><strong>Fuente: Gobierno de Mendoza<\/strong><\/em><\/p>\n\n\n\n<div style=\"height:37px\" aria-hidden=\"true\" class=\"wp-block-spacer\"><\/div>\n","protected":false},"excerpt":{"rendered":"<p>Tras el cierre de la lista de postulantes -el pasado jueves 20\/11\/25- a trabajar como&hellip;<\/p>\n","protected":false},"author":2,"featured_media":127427,"comment_status":"closed","ping_status":"open","sticky":false,"template":"","format":"standard","meta":{"footnotes":""},"categories":[47],"tags":[],"class_list":["post-170284","post","type-post","status-publish","format-standard","has-post-thumbnail","hentry","category-agenda"],"_links":{"self":[{"href":"https:\/\/enolife.com.ar\/es\/wp-json\/wp\/v2\/posts\/170284","targetHints":{"allow":["GET"]}}],"collection":[{"href":"https:\/\/enolife.com.ar\/es\/wp-json\/wp\/v2\/posts"}],"about":[{"href":"https:\/\/enolife.com.ar\/es\/wp-json\/wp\/v2\/types\/post"}],"author":[{"embeddable":true,"href":"https:\/\/enolife.com.ar\/es\/wp-json\/wp\/v2\/users\/2"}],"replies":[{"embeddable":true,"href":"https:\/\/enolife.com.ar\/es\/wp-json\/wp\/v2\/comments?post=170284"}],"version-history":[{"count":0,"href":"https:\/\/enolife.com.ar\/es\/wp-json\/wp\/v2\/posts\/170284\/revisions"}],"wp:featuredmedia":[{"embeddable":true,"href":"https:\/\/enolife.com.ar\/es\/wp-json\/wp\/v2\/media\/127427"}],"wp:attachment":[{"href":"https:\/\/enolife.com.ar\/es\/wp-json\/wp\/v2\/media?parent=170284"}],"wp:term":[{"taxonomy":"category","embeddable":true,"href":"https:\/\/enolife.com.ar\/es\/wp-json\/wp\/v2\/categories?post=170284"},{"taxonomy":"post_tag","embeddable":true,"href":"https:\/\/enolife.com.ar\/es\/wp-json\/wp\/v2\/tags?post=170284"}],"curies":[{"name":"wp","href":"https:\/\/api.w.org\/{rel}","templated":true}]}}