{"id":170162,"date":"2025-11-21T14:59:14","date_gmt":"2025-11-21T14:59:14","guid":{"rendered":"https:\/\/enolife.com.ar\/es\/?p=170162"},"modified":"2025-11-22T15:19:36","modified_gmt":"2025-11-22T15:19:36","slug":"con-el-enologo-mendocino-claudio-maza-la-bodega-saltena-el-esteco-fortalece-su-identidad-de-altura","status":"publish","type":"post","link":"https:\/\/enolife.com.ar\/es\/con-el-enologo-mendocino-claudio-maza-la-bodega-saltena-el-esteco-fortalece-su-identidad-de-altura\/","title":{"rendered":"Con el en\u00f3logo mendocino Claudio Maza, la bodega salte\u00f1a El Esteco fortalece su identidad de altura"},"content":{"rendered":"\n<h4 class=\"wp-block-heading\"><em><strong>La bodega l\u00edder del norte argentino inicia una nueva etapa bajo la gesti\u00f3n de Claudio Maza (51), oriundo de Jun\u00edn, Mendoza, con el objetivo de profundizar la identidad enol\u00f3gica del terru\u00f1o salte\u00f1o de monta\u00f1a y fortalecer su posicionamiento global.<\/strong><\/em><\/h4>\n\n\n\n<div style=\"height:35px\" aria-hidden=\"true\" class=\"wp-block-spacer\"><\/div>\n\n\n<a href=\"https:\/\/fermentis.com\/es\/\" aria-label=\"FERMENTIS 1700X500\"><img loading=\"lazy\" decoding=\"async\" src=\"https:\/\/enolife.com.ar\/es\/wp-content\/uploads\/2025\/05\/FERMENTIS-1700X500.gif\" alt=\"\"  width=\"1700\" height=\"500\"   \/><\/a>\n\n\n<div style=\"height:45px\" aria-hidden=\"true\" class=\"wp-block-spacer\"><\/div>\n\n\n\n<p>Bodega El Esteco, uno de los principales referentes del vino argentino de altura, anunci\u00f3 la designaci\u00f3n de Claudio Maza como nuevo en\u00f3logo en jefe de la vitivin\u00edcola salte\u00f1a.<\/p>\n\n\n\n<p>Nacido en Philipps, departamento de Jun\u00edn, Mendoza, Maza tiene una trayectoria de m\u00e1s de 20 a\u00f1os en el desarrollo de la vitivinicultura de altura y en la consolidaci\u00f3n de los vinos elaborados en los Valles Calchaqu\u00edes, una de las regiones m\u00e1s singulares del mundo por su altitud -con vi\u00f1edos como los de Cafayate entre los 1.700 y 2.000 metros sobre el nivel del mar como Cha\u00f1ar Punco- y por su amplitud t\u00e9rmica, que confiere a los vinos una personalidad diferente a la de otras latitudes.<\/p>\n\n\n<div class=\"wp-block-image\">\n<figure class=\"alignleft size-full is-resized\"><a href=\"https:\/\/enolife.com.ar\/es\/wp-content\/uploads\/2025\/11\/Claudio-Maza-05.jpg\" data-rel=\"penci-gallery-image-content\" ><img loading=\"lazy\" decoding=\"async\" width=\"400\" height=\"555\" src=\"https:\/\/enolife.com.ar\/es\/wp-content\/uploads\/2025\/11\/Claudio-Maza-05.jpg\" alt=\"\" class=\"wp-image-170167\" style=\"width:243px;height:auto\" srcset=\"https:\/\/enolife.com.ar\/es\/wp-content\/uploads\/2025\/11\/Claudio-Maza-05.jpg 400w, https:\/\/enolife.com.ar\/es\/wp-content\/uploads\/2025\/11\/Claudio-Maza-05-216x300.jpg 216w\" sizes=\"auto, (max-width: 400px) 100vw, 400px\" \/><\/a><\/figure><\/div>\n\n\n<p><em>\u00abEn estas dos \u00faltimas d\u00e9cadas nuestro equipo de en\u00f3logos ha dejado una huella profunda en la evoluci\u00f3n enol\u00f3gica de la regi\u00f3n. Nuestro compromiso, conocimiento y pasi\u00f3n contribuyen a posicionar a El Esteco como un emblema de los vinos de monta\u00f1a argentinos\u00bb<\/em>, se\u00f1al\u00f3 el en\u00f3logo.<\/p>\n\n\n\n<p class=\"has-medium-font-size\"><strong>Continuidad y proyecci\u00f3n internacional<\/strong><\/p>\n\n\n\n<p>El liderazgo de Maza representa una continuidad en la b\u00fasqueda de excelencia t\u00e9cnica y proyecci\u00f3n internacional. Ingres\u00f3 a la bodega en 2005 y ha desempe\u00f1ado diversos roles en el \u00e1rea enol\u00f3gica, liderando en los \u00faltimos a\u00f1os la Jefatura de Enolog\u00eda de Operaci\u00f3n. Su experiencia estar\u00e1 orientada a fortalecer el v\u00ednculo entre la innovaci\u00f3n y la expresi\u00f3n aut\u00e9ntica del terroir del noroeste argentino.<\/p>\n\n\n\n<p><em>\u00abNos proponemos profundizar la identidad de los vinos de altura que nacen en Cafayate y otras zonas de los Valles Calchaqu\u00edes, combinando tradici\u00f3n, ciencia y sostenibilidad. Este es un momento de crecimiento para la regi\u00f3n y para el vino argentino en su conjunto\u00bb<\/em>, afirm\u00f3 el mendocino tras su designaci\u00f3n.<\/p>\n\n\n\n<div style=\"height:35px\" aria-hidden=\"true\" class=\"wp-block-spacer\"><\/div>\n\n\n\n<p class=\"has-medium-font-size\"><strong>El Esteco y el crecimiento del vino salte\u00f1o<\/strong><\/p>\n\n\n\n<p>El Esteco es actualmente la bodega m\u00e1s importante de la provincia de Salta, con alrededor de 750 hect\u00e1reas propias y una producci\u00f3n anual que supera los 6 millones de litros de vino, exportados a m\u00e1s de 40 pa\u00edses. Su portafolio incluye etiquetas reconocidas internacionalmente, como <strong>Altimus, Cha\u00f1ar Punco, El Esteco y Old Vines<\/strong>, que reflejan el estilo elegante y concentrado caracter\u00edstico de los vinos de altura.<\/p>\n\n\n\n<div style=\"height:35px\" aria-hidden=\"true\" class=\"wp-block-spacer\"><\/div>\n\n\n\n<figure class=\"wp-block-gallery has-nested-images columns-default is-cropped wp-block-gallery-1 is-layout-flex wp-block-gallery-is-layout-flex\">\n<figure class=\"wp-block-image size-full\"><a href=\"https:\/\/enolife.com.ar\/es\/wp-content\/uploads\/2025\/11\/Claudio-Maza-01-1.jpg\" data-rel=\"penci-gallery-image-content\" ><img loading=\"lazy\" decoding=\"async\" width=\"390\" height=\"335\" data-id=\"170169\" src=\"https:\/\/enolife.com.ar\/es\/wp-content\/uploads\/2025\/11\/Claudio-Maza-01-1.jpg\" alt=\"\" class=\"wp-image-170169\" srcset=\"https:\/\/enolife.com.ar\/es\/wp-content\/uploads\/2025\/11\/Claudio-Maza-01-1.jpg 390w, https:\/\/enolife.com.ar\/es\/wp-content\/uploads\/2025\/11\/Claudio-Maza-01-1-300x258.jpg 300w\" sizes=\"auto, (max-width: 390px) 100vw, 390px\" \/><\/a><\/figure>\n\n\n\n<figure class=\"wp-block-image size-full\"><a href=\"https:\/\/enolife.com.ar\/es\/wp-content\/uploads\/2025\/11\/dre54ihx4aavqqa.jpg\" data-rel=\"penci-gallery-image-content\" ><img loading=\"lazy\" decoding=\"async\" width=\"569\" height=\"380\" data-id=\"170170\" src=\"https:\/\/enolife.com.ar\/es\/wp-content\/uploads\/2025\/11\/dre54ihx4aavqqa.jpg\" alt=\"\" class=\"wp-image-170170\" srcset=\"https:\/\/enolife.com.ar\/es\/wp-content\/uploads\/2025\/11\/dre54ihx4aavqqa.jpg 569w, https:\/\/enolife.com.ar\/es\/wp-content\/uploads\/2025\/11\/dre54ihx4aavqqa-300x200.jpg 300w\" sizes=\"auto, (max-width: 569px) 100vw, 569px\" \/><\/a><\/figure>\n<\/figure>\n\n\n\n<div style=\"height:35px\" aria-hidden=\"true\" class=\"wp-block-spacer\"><\/div>\n\n\n\n<p>El crecimiento del vino salte\u00f1o se consolid\u00f3 en la \u00faltima d\u00e9cada con un incremento sostenido de producci\u00f3n y exportaciones. Seg\u00fan datos del <strong>Instituto Nacional de Vitivinicultura (INV)<\/strong>, Salta concentra el 1,7% de la superficie total de vi\u00f1edos del pa\u00eds y genera vinos de alto valor agregado, con precios promedio de exportaci\u00f3n tres veces superiores al promedio nacional. En 2024, las exportaciones de vino salte\u00f1o alcanzaron los U$S 18 millones, reflejando un aumento del 26% respecto del a\u00f1o anterior.<\/p>\n\n\n\n<div style=\"height:35px\" aria-hidden=\"true\" class=\"wp-block-spacer\"><\/div>\n\n\n\n<div style=\"height:35px\" aria-hidden=\"true\" class=\"wp-block-spacer\"><\/div>\n\n\n\n<p class=\"has-medium-font-size\"><strong>Una nueva etapa para los Valles Calchaqu\u00edes<\/strong><\/p>\n\n\n\n<p>Con la incorporaci\u00f3n de Claudio Maza en la conducci\u00f3n t\u00e9cnica, Bodega El Esteco inicia una nueva etapa que busca consolidar su liderazgo y continuar proyectando el potencial de Cafayate y otros de los Valles Calchaqu\u00edes como una de las zonas m\u00e1s prometedoras del vino argentino.<\/p>\n\n\n\n<p><em>\u201cNuestra visi\u00f3n es seguir mostrando al mundo la fuerza y la elegancia del vino de altura, una expresi\u00f3n \u00fanica que combina la pureza del terroir con la innovaci\u00f3n constante\u201d<\/em>, expres\u00f3 el equipo t\u00e9cnico de la bodega.<\/p>\n\n\n\n<p>El anuncio refuerza la estrategia de Bodega El Esteco de contribuir al desarrollo sustentable de la regi\u00f3n del norte argentino, promoviendo la calidad, el empleo local y la expansi\u00f3n del vino de Salta en los mercados internacionales.<\/p>\n\n\n\n<div style=\"height:35px\" aria-hidden=\"true\" class=\"wp-block-spacer\"><\/div>\n\n\n\n<p class=\"has-medium-font-size\"><strong>Acerca de El Esteco<\/strong><\/p>\n\n\n\n<p>Ubicada en el coraz\u00f3n de los Valles Calchaqu\u00edes, en la provincia de Salta, Argentina, Bodega El Esteco es la principal bodega del noroeste argentino y un referente mundial en vitivinicultura de altura. Sus vi\u00f1edos, plantados entre los 1.700 y 3.000 metros sobre el nivel del mar, dan origen a vinos que expresan de manera \u00fanica la identidad de este terru\u00f1o de monta\u00f1a. <\/p>\n\n\n\n<div style=\"height:35px\" aria-hidden=\"true\" class=\"wp-block-spacer\"><\/div>\n\n\n\n<figure class=\"wp-block-gallery has-nested-images columns-default is-cropped wp-block-gallery-2 is-layout-flex wp-block-gallery-is-layout-flex\">\n<figure class=\"wp-block-image size-full\"><a href=\"https:\/\/enolife.com.ar\/es\/wp-content\/uploads\/2025\/11\/en-el-centro-de-cafayate-la-bodega-el-esteco-esta-WQ5YPJDEIVE2JC3R7Z2TWFP4KA.png\" data-rel=\"penci-gallery-image-content\" ><img loading=\"lazy\" decoding=\"async\" width=\"663\" height=\"400\" data-id=\"170165\" src=\"https:\/\/enolife.com.ar\/es\/wp-content\/uploads\/2025\/11\/en-el-centro-de-cafayate-la-bodega-el-esteco-esta-WQ5YPJDEIVE2JC3R7Z2TWFP4KA.png\" alt=\"\" class=\"wp-image-170165\" srcset=\"https:\/\/enolife.com.ar\/es\/wp-content\/uploads\/2025\/11\/en-el-centro-de-cafayate-la-bodega-el-esteco-esta-WQ5YPJDEIVE2JC3R7Z2TWFP4KA.png 663w, https:\/\/enolife.com.ar\/es\/wp-content\/uploads\/2025\/11\/en-el-centro-de-cafayate-la-bodega-el-esteco-esta-WQ5YPJDEIVE2JC3R7Z2TWFP4KA-300x181.png 300w, https:\/\/enolife.com.ar\/es\/wp-content\/uploads\/2025\/11\/en-el-centro-de-cafayate-la-bodega-el-esteco-esta-WQ5YPJDEIVE2JC3R7Z2TWFP4KA-585x353.png 585w\" sizes=\"auto, (max-width: 663px) 100vw, 663px\" \/><\/a><\/figure>\n\n\n\n<figure class=\"wp-block-image size-full\"><a href=\"https:\/\/enolife.com.ar\/es\/wp-content\/uploads\/2025\/11\/Patios-de-Cafayate-El-Esteco.jpg\" data-rel=\"penci-gallery-image-content\" ><img loading=\"lazy\" decoding=\"async\" width=\"691\" height=\"400\" data-id=\"170166\" src=\"https:\/\/enolife.com.ar\/es\/wp-content\/uploads\/2025\/11\/Patios-de-Cafayate-El-Esteco.jpg\" alt=\"\" class=\"wp-image-170166\" srcset=\"https:\/\/enolife.com.ar\/es\/wp-content\/uploads\/2025\/11\/Patios-de-Cafayate-El-Esteco.jpg 691w, https:\/\/enolife.com.ar\/es\/wp-content\/uploads\/2025\/11\/Patios-de-Cafayate-El-Esteco-300x174.jpg 300w, https:\/\/enolife.com.ar\/es\/wp-content\/uploads\/2025\/11\/Patios-de-Cafayate-El-Esteco-585x339.jpg 585w\" sizes=\"auto, (max-width: 691px) 100vw, 691px\" \/><\/a><\/figure>\n<\/figure>\n\n\n\n<div style=\"height:35px\" aria-hidden=\"true\" class=\"wp-block-spacer\"><\/div>\n\n\n\n<p>Con m\u00e1s de 300 hect\u00e1reas de vi\u00f1edos propios en Cafayate y Cha\u00f1ar Punco, El Esteco combina la tradici\u00f3n artesanal con tecnolog\u00eda de vanguardia para elaborar vinos de perfil distintivo reconocidos en todo el mundo. Su portafolio, galardonado internacionalmente, incluye etiquetas ic\u00f3nicas como El Esteco Old Vines, Altimus y Fincas Notables exportadas a m\u00e1s de 40 pa\u00edses. <\/p>\n\n\n\n<div style=\"height:35px\" aria-hidden=\"true\" class=\"wp-block-spacer\"><\/div>\n","protected":false},"excerpt":{"rendered":"<p>La bodega l\u00edder del norte argentino inicia una nueva etapa bajo la gesti\u00f3n de Claudio&hellip;<\/p>\n","protected":false},"author":2,"featured_media":170164,"comment_status":"closed","ping_status":"open","sticky":false,"template":"","format":"standard","meta":{"footnotes":""},"categories":[57],"tags":[],"class_list":["post-170162","post","type-post","status-publish","format-standard","has-post-thumbnail","hentry","category-empresas"],"_links":{"self":[{"href":"https:\/\/enolife.com.ar\/es\/wp-json\/wp\/v2\/posts\/170162","targetHints":{"allow":["GET"]}}],"collection":[{"href":"https:\/\/enolife.com.ar\/es\/wp-json\/wp\/v2\/posts"}],"about":[{"href":"https:\/\/enolife.com.ar\/es\/wp-json\/wp\/v2\/types\/post"}],"author":[{"embeddable":true,"href":"https:\/\/enolife.com.ar\/es\/wp-json\/wp\/v2\/users\/2"}],"replies":[{"embeddable":true,"href":"https:\/\/enolife.com.ar\/es\/wp-json\/wp\/v2\/comments?post=170162"}],"version-history":[{"count":0,"href":"https:\/\/enolife.com.ar\/es\/wp-json\/wp\/v2\/posts\/170162\/revisions"}],"wp:featuredmedia":[{"embeddable":true,"href":"https:\/\/enolife.com.ar\/es\/wp-json\/wp\/v2\/media\/170164"}],"wp:attachment":[{"href":"https:\/\/enolife.com.ar\/es\/wp-json\/wp\/v2\/media?parent=170162"}],"wp:term":[{"taxonomy":"category","embeddable":true,"href":"https:\/\/enolife.com.ar\/es\/wp-json\/wp\/v2\/categories?post=170162"},{"taxonomy":"post_tag","embeddable":true,"href":"https:\/\/enolife.com.ar\/es\/wp-json\/wp\/v2\/tags?post=170162"}],"curies":[{"name":"wp","href":"https:\/\/api.w.org\/{rel}","templated":true}]}}