{"id":170039,"date":"2025-11-18T16:43:42","date_gmt":"2025-11-18T16:43:42","guid":{"rendered":"https:\/\/enolife.com.ar\/es\/?p=170039"},"modified":"2025-11-20T14:14:33","modified_gmt":"2025-11-20T14:14:33","slug":"los-vinos-de-vinas-viejas-se-valoran-cada-vez-mas-en-todo-el-mundo","status":"publish","type":"post","link":"https:\/\/enolife.com.ar\/es\/los-vinos-de-vinas-viejas-se-valoran-cada-vez-mas-en-todo-el-mundo\/","title":{"rendered":"Los vinos de vi\u00f1as viejas se valoran cada vez m\u00e1s en todo el mundo"},"content":{"rendered":"\n<h4 class=\"wp-block-heading\"><em><strong>En general, se consideran vi\u00f1edos patrimoniales o \u00abviejos\u00bb a aquellos que tienen m\u00e1s de 35 a\u00f1os. Si est\u00e1n bien cuidados, regados, abonados y sostenidos en el tiempo, dan menor volumen de uvas pero de mayor concentraci\u00f3n, lo que posibilitas vinos mejores. Ese tema se debati\u00f3 en la Old Vine Conference celebrada a principios de noviembre de 2025 en California, Estados Unidos. Esta organizaci\u00f3n, fundada en 2021, tiene como objetivo crear una categor\u00eda global para los vinos procedentes de vi\u00f1edos patrimoniales. Entre sus principales integrantes est\u00e1 la m\u00e9dica, f\u00edsica y bodeguera mendocina Laura Catena<\/strong><\/em>.<\/h4>\n\n\n\n<div style=\"height:35px\" aria-hidden=\"true\" class=\"wp-block-spacer\"><\/div>\n\n\n\n\n\n<div style=\"height:45px\" aria-hidden=\"true\" class=\"wp-block-spacer\"><\/div>\n\n\n\n<p>Durante la primera semana de noviembre de 2025 se llev\u00f3 a cabo la <strong>\u00abOld Vine Conference 2025: Meeting of the Minds\u00bb<\/strong>, una celebraci\u00f3n de cinco d\u00edas dedicada a los vi\u00f1edos patrimoniales del mundo. <\/p>\n\n\n\n<p>La entidad Old Vine Conference trabaja para crear una red global que salvaguarde las cepas viejas de valor cualitativo, cultural y ecol\u00f3gico, conectando, educando e inspirando a la industria vitivin\u00edcola mundial a trav\u00e9s de conferencias, investigaciones, alianzas, catas y viajes de campo. El \u00faltimo evento, celebrado en California, EEUU, reuni\u00f3 a unos 400 asistentes presenciales y 300 participantes virtuales de todo el mundo para seminarios, catas, debates, visitas a vi\u00f1edos y conversaciones orientadas a preservar y promover las vi\u00f1as viejas y los vinos que producen.<\/p>\n\n\n\n<div style=\"height:35px\" aria-hidden=\"true\" class=\"wp-block-spacer\"><\/div>\n\n\n\n<figure class=\"wp-block-gallery has-nested-images columns-default is-cropped wp-block-gallery-1 is-layout-flex wp-block-gallery-is-layout-flex\">\n<figure class=\"wp-block-image size-full\"><a href=\"https:\/\/enolife.com.ar\/es\/wp-content\/uploads\/2025\/11\/1stNov_BeckyRobinson_ZAP_Zinfandel_economiccrossroadspanel.jpg\" data-rel=\"penci-gallery-image-content\" ><img loading=\"lazy\" decoding=\"async\" width=\"779\" height=\"500\" data-id=\"170044\" src=\"https:\/\/enolife.com.ar\/es\/wp-content\/uploads\/2025\/11\/1stNov_BeckyRobinson_ZAP_Zinfandel_economiccrossroadspanel.jpg\" alt=\"\" class=\"wp-image-170044\" srcset=\"https:\/\/enolife.com.ar\/es\/wp-content\/uploads\/2025\/11\/1stNov_BeckyRobinson_ZAP_Zinfandel_economiccrossroadspanel.jpg 779w, https:\/\/enolife.com.ar\/es\/wp-content\/uploads\/2025\/11\/1stNov_BeckyRobinson_ZAP_Zinfandel_economiccrossroadspanel-300x193.jpg 300w, https:\/\/enolife.com.ar\/es\/wp-content\/uploads\/2025\/11\/1stNov_BeckyRobinson_ZAP_Zinfandel_economiccrossroadspanel-768x493.jpg 768w, https:\/\/enolife.com.ar\/es\/wp-content\/uploads\/2025\/11\/1stNov_BeckyRobinson_ZAP_Zinfandel_economiccrossroadspanel-585x375.jpg 585w\" sizes=\"auto, (max-width: 779px) 100vw, 779px\" \/><\/a><\/figure>\n\n\n\n<figure class=\"wp-block-image size-full\"><a href=\"https:\/\/enolife.com.ar\/es\/wp-content\/uploads\/2025\/11\/1stNov_OVC_leadingtradefromUSAdiscuss_oldvinewinecommercialcategory.jpg\" data-rel=\"penci-gallery-image-content\" ><img loading=\"lazy\" decoding=\"async\" width=\"647\" height=\"428\" data-id=\"170045\" src=\"https:\/\/enolife.com.ar\/es\/wp-content\/uploads\/2025\/11\/1stNov_OVC_leadingtradefromUSAdiscuss_oldvinewinecommercialcategory.jpg\" alt=\"\" class=\"wp-image-170045\" srcset=\"https:\/\/enolife.com.ar\/es\/wp-content\/uploads\/2025\/11\/1stNov_OVC_leadingtradefromUSAdiscuss_oldvinewinecommercialcategory.jpg 647w, https:\/\/enolife.com.ar\/es\/wp-content\/uploads\/2025\/11\/1stNov_OVC_leadingtradefromUSAdiscuss_oldvinewinecommercialcategory-300x198.jpg 300w, https:\/\/enolife.com.ar\/es\/wp-content\/uploads\/2025\/11\/1stNov_OVC_leadingtradefromUSAdiscuss_oldvinewinecommercialcategory-585x387.jpg 585w\" sizes=\"auto, (max-width: 647px) 100vw, 647px\" \/><\/a><\/figure>\n<\/figure>\n\n\n\n<div style=\"height:35px\" aria-hidden=\"true\" class=\"wp-block-spacer\"><\/div>\n\n\n\n<p>La 7ma. edici\u00f3n de la conferencia global -y s\u00f3lo la segunda celebrada de forma presencial- reflej\u00f3 el creciente impulso internacional del movimiento de las vi\u00f1as viejas. Participantes de 14 pa\u00edses exploraron vi\u00f1edos antiguos en el norte de California, asistieron a dos d\u00edas de sesiones de conferencias y se reunieron para la <strong>Old Vine Wine Gala Tasting and Dinner<\/strong>, en colaboraci\u00f3n con el <strong>Global Buyers Marketplace<\/strong> bienal del <strong>Wine Institute of California.<\/strong><\/p>\n\n\n\n<p>En total, <strong>39 ponentes de 10 pa\u00edses<\/strong> contribuyeron a las discusiones de la semana, con alrededor de <strong>250 vinos de vi\u00f1as viejas servidos de 12 naciones<\/strong>: un testimonio notable de la colaboraci\u00f3n global que impulsa la preservaci\u00f3n de estos vi\u00f1edos hist\u00f3ricos.<\/p>\n\n\n\n<p><em>\u201cEl entusiasmo y el compromiso que hemos visto durante la semana demuestran que el movimiento de las vi\u00f1as viejas no solo est\u00e1 prosperando, sino aceler\u00e1ndose\u201d<\/em>, se\u00f1al\u00f3 <strong>Sarah Abbott<\/strong>, cofundadora de The Old Vine Conference.<\/p>\n\n\n\n<p><em>\u201cEste evento hist\u00f3rico ha demostrado que la colaboraci\u00f3n entre regiones, pa\u00edses y generaciones es clave para asegurar el futuro de estas valiosas vi\u00f1as\u201d<\/em>, dijo por su parte <strong>Belinda Stone<\/strong>, directora ejecutiva de The Old Vine Conference.<\/p>\n\n\n\n<p><strong>Rebecca Robinson<\/strong>, directora ejecutiva de <strong>Zinfandel Advocates &amp; Producers (ZAP)<\/strong>, agreg\u00f3: <em>\u201cHa sido un honor acoger a la comunidad global de vi\u00f1as viejas aqu\u00ed en California, hogar de algunos de los vi\u00f1edos antiguos m\u00e1s extraordinarios del mundo. El intercambio de conocimientos y el sentido compartido de prop\u00f3sito de esta semana han sido realmente inspiradores\u201d.<\/em><\/p>\n\n\n\n<p>La conferencia de 2025, celebrada en asociaci\u00f3n con Zinfandel Advocates &amp; Producers (ZAP), cont\u00f3 con ponentes principales como <strong>Jancis Robinson MW, Paul Draper, Rosa Kruger, Sarah Abbott MW y la m\u00e9dica, f\u00edsica y productora de vinos oriunda de Mendoza, Laura Catena,<\/strong> junto con un programa de clases magistrales, visitas de campo y paneles dirigidos por expertos.<\/p>\n\n\n\n<div style=\"height:36px\" aria-hidden=\"true\" class=\"wp-block-spacer\"><\/div>\n\n\n\n<p><strong>Vi\u00f1as viejas, mayor calidad del vino<\/strong><\/p>\n\n\n\n<p>Uno de los momentos destacados de la conferencia fue la presentaci\u00f3n de nueva investigaci\u00f3n del proyecto <strong>Garnachas Hist\u00f3ricas de la CRDO Campo de Borja. <\/strong>El estudio de cuatro a\u00f1os fue realizado por las universidades de Navarra y Zaragoza, Espa\u00f1a, y las bodegas l\u00edderes Ainz\u00f3n, Aragonesas y Borsao, del mismo pa\u00eds.<\/p>\n\n\n\n<p>Presentada por <strong>Jos\u00e9 Ignacio Gracia L\u00f3pez,<\/strong> director y secretario t\u00e9cnico de la CRDO Campo de Borja, e introducida por la doctora <strong>Laura Catena<\/strong>, la investigaci\u00f3n confirm\u00f3 que:<\/p>\n\n\n\n<ul class=\"wp-block-list\">\n<li>Los vinos de Garnacha procedentes de vi\u00f1as viejas poseen mayor capacidad de envejecimiento y una expresi\u00f3n arom\u00e1tica m\u00e1s ligada al terru\u00f1o que los vinos de vi\u00f1as j\u00f3venes; y<\/li>\n\n\n\n<li>Existe un m\u00e9todo cient\u00edfico para certificar la edad de las vi\u00f1as de Garnacha, un avance crucial en regiones donde los registros hist\u00f3ricos de plantaci\u00f3n son poco fiables.<\/li>\n<\/ul>\n\n\n\n<div style=\"height:35px\" aria-hidden=\"true\" class=\"wp-block-spacer\"><\/div>\n\n\n<div class=\"wp-block-image\">\n<figure class=\"aligncenter size-full is-resized\"><a href=\"https:\/\/enolife.com.ar\/es\/wp-content\/uploads\/2025\/11\/20251101-2B5A5736.webp\"><img loading=\"lazy\" decoding=\"async\" width=\"750\" height=\"422\" src=\"https:\/\/enolife.com.ar\/es\/wp-content\/uploads\/2025\/11\/20251101-2B5A5736.webp\" alt=\"\" class=\"wp-image-170047\" style=\"width:622px;height:auto\" srcset=\"https:\/\/enolife.com.ar\/es\/wp-content\/uploads\/2025\/11\/20251101-2B5A5736.webp 750w, https:\/\/enolife.com.ar\/es\/wp-content\/uploads\/2025\/11\/20251101-2B5A5736-300x169.webp 300w, https:\/\/enolife.com.ar\/es\/wp-content\/uploads\/2025\/11\/20251101-2B5A5736-585x329.webp 585w\" sizes=\"auto, (max-width: 750px) 100vw, 750px\" \/><\/a><figcaption class=\"wp-element-caption\"><em><strong>Jos\u00e9 Ignacio Gracia L\u00f3pez y Laura Catena presentaron el proyecto Garnachas Hist\u00f3ricas de la CRDO Campo de Borja.<\/strong><\/em><strong><em> <\/em><\/strong><\/figcaption><\/figure><\/div>\n\n\n<div style=\"height:35px\" aria-hidden=\"true\" class=\"wp-block-spacer\"><\/div>\n\n\n\n<p>Los estudios representan un paso significativo hacia la validaci\u00f3n cient\u00edfica de la calidad y el valor patrimonial de las vi\u00f1as viejas, y garantizan su preservaci\u00f3n a trav\u00e9s de la certificaci\u00f3n. <\/p>\n\n\n\n<div style=\"height:35px\" aria-hidden=\"true\" class=\"wp-block-spacer\"><\/div>\n\n\n\n<p><strong>El llamado de Rosa Kruger a la sostenibilidad humana <\/strong><\/p>\n\n\n<div class=\"wp-block-image\">\n<figure class=\"alignleft size-full is-resized\"><a href=\"https:\/\/enolife.com.ar\/es\/wp-content\/uploads\/2025\/11\/image-15.png\" data-rel=\"penci-gallery-image-content\" ><img loading=\"lazy\" decoding=\"async\" width=\"500\" height=\"500\" src=\"https:\/\/enolife.com.ar\/es\/wp-content\/uploads\/2025\/11\/image-15.png\" alt=\"\" class=\"wp-image-170051\" style=\"width:289px;height:auto\" srcset=\"https:\/\/enolife.com.ar\/es\/wp-content\/uploads\/2025\/11\/image-15.png 500w, https:\/\/enolife.com.ar\/es\/wp-content\/uploads\/2025\/11\/image-15-300x300.png 300w, https:\/\/enolife.com.ar\/es\/wp-content\/uploads\/2025\/11\/image-15-150x150.png 150w\" sizes=\"auto, (max-width: 500px) 100vw, 500px\" \/><\/a><figcaption class=\"wp-element-caption\"><em><strong>Rosa Kruger<\/strong><\/em><\/figcaption><\/figure><\/div>\n\n\n<p><em>Rosa Kruger<\/em>, presidenta y fundadora del Old Vine Project Sud\u00e1frica, ofreci\u00f3 un significativo discurso de clausura tras su panel sobre administraci\u00f3n responsable y el empoderamiento de la pr\u00f3xima generaci\u00f3n de guardianes de vi\u00f1as viejas.<\/p>\n\n\n\n<p><em>\u201cEs un asunto que debemos abordar\u201d<\/em>, dijo.<em> \u201cExtendamos nuestro compromiso con las vi\u00f1as viejas comprometi\u00e9ndonos tambi\u00e9n con las personas que pasan m\u00e1s tiempo en los vi\u00f1edos. Construyamos una cultura de conocimiento generacional entre los trabajadores. Iniciemos escuelas en todos los pa\u00edses, escuelas para la gente, escuelas de vi\u00f1edo\u2026 Si los trabajadores est\u00e1n formados en viticultura, har\u00e1n un mejor trabajo, trabajar\u00e1n m\u00e1s r\u00e1pido, aportar\u00e1n valor y ustedes elaborar\u00e1n un mejor vino. Si la gente hace un mejor trabajo, podr\u00e1 ganar un mejor salario, podr\u00e1 mantener a sus hijos y familias, lo que elevar\u00e1 el estatus de los trabajadores del vi\u00f1edo en sus comunidades y mantendr\u00e1 a m\u00e1s j\u00f3venes en el campo.\u201d<\/em><\/p>\n\n\n\n<p>Kruger concluy\u00f3: <em>\u201cMi llamado a la comunidad de vi\u00f1as viejas en todo el mundo es que construyamos una cultura que cuide de nuestras vi\u00f1as viejas, pero tambi\u00e9n de las personas que las trabajan\u201d.<\/em><\/p>\n\n\n\n<p>Su mensaje reson\u00f3 profundamente, subrayando que la sostenibilidad debe extenderse m\u00e1s all\u00e1 del vi\u00f1edo y llegar a quienes lo cuidan.<\/p>\n\n\n\n<div style=\"height:35px\" aria-hidden=\"true\" class=\"wp-block-spacer\"><\/div>\n\n\n\n<p><strong>Comprensi\u00f3n del sector versus conciencia del consumidor<\/strong><\/p>\n\n\n\n<p>La investigaci\u00f3n realizada por <strong>Christian Miller<\/strong>, director de investigaci\u00f3n del <strong>Wine Market Council<\/strong>, para The Old Vine Conference revel\u00f3 una brecha significativa entre la comprensi\u00f3n del sector y la del consumidor respecto a las vi\u00f1as viejas. Mientras que la comunidad profesional reconoce de forma abrumadora el valor, la calidad y la autenticidad que las vi\u00f1as viejas aportan al vino, la conciencia del consumidor sigue siendo baja, lo que subraya la necesidad de seguir contando historias, educar y realizar acciones de divulgaci\u00f3n.<\/p>\n\n\n\n<div style=\"height:35px\" aria-hidden=\"true\" class=\"wp-block-spacer\"><\/div>\n\n\n\n<p class=\"has-medium-font-size\"><strong>El varietal zinfandel de vi\u00f1as viejas <\/strong><\/p>\n\n\n<div class=\"wp-block-image\">\n<figure class=\"alignleft size-full is-resized\"><a href=\"https:\/\/enolife.com.ar\/es\/wp-content\/uploads\/2025\/11\/20251102-2B5A6503.jpg\" data-rel=\"penci-gallery-image-content\" ><img loading=\"lazy\" decoding=\"async\" width=\"584\" height=\"376\" src=\"https:\/\/enolife.com.ar\/es\/wp-content\/uploads\/2025\/11\/20251102-2B5A6503.jpg\" alt=\"\" class=\"wp-image-170048\" style=\"width:447px;height:auto\" srcset=\"https:\/\/enolife.com.ar\/es\/wp-content\/uploads\/2025\/11\/20251102-2B5A6503.jpg 584w, https:\/\/enolife.com.ar\/es\/wp-content\/uploads\/2025\/11\/20251102-2B5A6503-300x193.jpg 300w\" sizes=\"auto, (max-width: 584px) 100vw, 584px\" \/><\/a><\/figure><\/div>\n\n\n<p>Un panel sobre las realidades econ\u00f3micas del cultivo del <strong>Zinfandel<\/strong> de vi\u00f1as viejas en California marc\u00f3 uno de los momentos clave del primer d\u00eda de la conferencia. Cuando se pregunt\u00f3 qu\u00e9 mensaje quer\u00eda que los medios del vino de todo el mundo difundieran para ayudar a preservar el Zinfandel de vi\u00f1as viejas, <strong>Tegan Passalacqua<\/strong>, miembro fundador de la <strong>Historic Vineyard Society<\/strong>, lanz\u00f3 una apasionada petici\u00f3n:<\/p>\n\n\n\n<p><em>\u201cHay tanta positividad en esta sala y tanto apoyo a lo que todos han estado trabajando arduamente\u201d, <\/em>dijo. <em>\u201cLes pedir\u00eda que escriban algo que conecte con las generaciones m\u00e1s j\u00f3venes y que todos los aqu\u00ed presentes abran una botella de Zinfandel para alguien menor de 30 a\u00f1os esta pr\u00f3xima semana y se lo den a conocer\u201d.<\/em><\/p>\n\n\n\n<p>Sus palabras reflejaron uno de los temas m\u00e1s resonantes de la conferencia: involucrar a nuevas generaciones de consumidores, viticultores y comunicadores en el movimiento de las vi\u00f1as viejas.<\/p>\n\n\n\n<div style=\"height:35px\" aria-hidden=\"true\" class=\"wp-block-spacer\"><\/div>\n","protected":false},"excerpt":{"rendered":"<p>En general, se consideran vi\u00f1edos patrimoniales o \u00abviejos\u00bb a aquellos que tienen m\u00e1s de 35&hellip;<\/p>\n","protected":false},"author":2,"featured_media":170043,"comment_status":"closed","ping_status":"open","sticky":false,"template":"","format":"standard","meta":{"footnotes":""},"categories":[14],"tags":[],"class_list":["post-170039","post","type-post","status-publish","format-standard","has-post-thumbnail","hentry","category-news"],"_links":{"self":[{"href":"https:\/\/enolife.com.ar\/es\/wp-json\/wp\/v2\/posts\/170039","targetHints":{"allow":["GET"]}}],"collection":[{"href":"https:\/\/enolife.com.ar\/es\/wp-json\/wp\/v2\/posts"}],"about":[{"href":"https:\/\/enolife.com.ar\/es\/wp-json\/wp\/v2\/types\/post"}],"author":[{"embeddable":true,"href":"https:\/\/enolife.com.ar\/es\/wp-json\/wp\/v2\/users\/2"}],"replies":[{"embeddable":true,"href":"https:\/\/enolife.com.ar\/es\/wp-json\/wp\/v2\/comments?post=170039"}],"version-history":[{"count":0,"href":"https:\/\/enolife.com.ar\/es\/wp-json\/wp\/v2\/posts\/170039\/revisions"}],"wp:featuredmedia":[{"embeddable":true,"href":"https:\/\/enolife.com.ar\/es\/wp-json\/wp\/v2\/media\/170043"}],"wp:attachment":[{"href":"https:\/\/enolife.com.ar\/es\/wp-json\/wp\/v2\/media?parent=170039"}],"wp:term":[{"taxonomy":"category","embeddable":true,"href":"https:\/\/enolife.com.ar\/es\/wp-json\/wp\/v2\/categories?post=170039"},{"taxonomy":"post_tag","embeddable":true,"href":"https:\/\/enolife.com.ar\/es\/wp-json\/wp\/v2\/tags?post=170039"}],"curies":[{"name":"wp","href":"https:\/\/api.w.org\/{rel}","templated":true}]}}