{"id":169993,"date":"2025-11-17T23:42:06","date_gmt":"2025-11-17T23:42:06","guid":{"rendered":"https:\/\/enolife.com.ar\/es\/?p=169993"},"modified":"2025-11-19T23:45:57","modified_gmt":"2025-11-19T23:45:57","slug":"con-frankestein-una-noche-de-terror-literatura-y-brindis-en-la-vinoteca-elixir","status":"publish","type":"post","link":"https:\/\/enolife.com.ar\/es\/con-frankestein-una-noche-de-terror-literatura-y-brindis-en-la-vinoteca-elixir\/","title":{"rendered":"Con Frankestein, una noche de terror, literatura y brindis en la vinoteca Elixir"},"content":{"rendered":"\n<h4 class=\"wp-block-heading\"><em><strong>En 1818, en un tenebroso castillo en las monta\u00f1as de Suiza, entre copas, rel\u00e1mpagos y enso\u00f1aciones rom\u00e1nticas, Mary Shelley, su esposo Percy B. Shelley y sus amigos Lord Byron y John Polidori se desafiaron a escribir la mejor historia de \u00abfantasmas\u00bb. El resultado de ese juego fue la novela Frankestein, con la que la joven escritora inglesa bati\u00f3 a sus ilustres competidores. Este cl\u00e1sico de la literatura fant\u00e1stica nunca pasa de moda, a punto tal que la versi\u00f3n cinematogr\u00e1fica del mexicano Guillermo del Toro hoy es furor en Netflix. Para conversar sobre este fen\u00f3meno y degustar buenos vinos, la vinoteca Elixir invita a la primera puesta en escena de Vinitos y Libritos, un ciclo que promete, o m\u00e1s bien Prometeo.<\/strong><\/em><\/h4>\n\n\n\n<div style=\"height:33px\" aria-hidden=\"true\" class=\"wp-block-spacer\"><\/div>\n\n\n<a href=\"https:\/\/fermentis.com\/es\/\" aria-label=\"FERMENTIS 1700X500\"><img loading=\"lazy\" decoding=\"async\" src=\"https:\/\/enolife.com.ar\/es\/wp-content\/uploads\/2025\/05\/FERMENTIS-1700X500.gif\" alt=\"\"  width=\"1700\" height=\"500\"   \/><\/a>\n\n\n<div style=\"height:43px\" aria-hidden=\"true\" class=\"wp-block-spacer\"><\/div>\n\n\n\n<p>Este pr\u00f3ximo viernes 21\/11\/25, desde las 21.30 hs, la <strong>vinoteca Elixir<\/strong>, ubicada en Paso de los Andes 138 de la Capital de Mendoza, abrir\u00e1 una pesada puerta de madera con bisagras chirriantes y telara\u00f1as para que los fan\u00e1ticos del vino y la literatura entren a brindar por <strong>el pobre monstruo<\/strong>, que a\u00fan debe seguir deambulando por el Polo Norte, llorando a su amada <strong>Elizabeth<\/strong> y padeciendo la inmortalidad que le confiri\u00f3 de prepo su creador, el doctor <strong>V\u00edctor Frankestein.<\/strong><\/p>\n\n\n\n<p><strong>Pero vamos por parte, armemos el rompecabezas.<\/strong> Se trata de animarse, reservar la entrada al +54 261 608 8281 (con cupos limitados), ponerse en clima y disfrutar una velada de charlas literarias y brindis con los buenos vinos de la casa y algo para picar. Para eso estar\u00e1 el anfitri\u00f3n <strong>Juan Cruz Zuloaga <\/strong>junto a las especialistas <strong>Ana Garc\u00eda<\/strong> y <strong>Ludmila Rivero<\/strong>, quienes recrear\u00e1n la historia del engendro.<\/p>\n\n\n\n<div style=\"height:36px\" aria-hidden=\"true\" class=\"wp-block-spacer\"><\/div>\n\n\n<div class=\"wp-block-image\">\n<figure class=\"aligncenter size-full is-resized\"><a href=\"https:\/\/enolife.com.ar\/es\/wp-content\/uploads\/2025\/11\/Doctor-Victor-Frankestein.jpg\" data-rel=\"penci-gallery-image-content\" ><img loading=\"lazy\" decoding=\"async\" width=\"720\" height=\"520\" src=\"https:\/\/enolife.com.ar\/es\/wp-content\/uploads\/2025\/11\/Doctor-Victor-Frankestein.jpg\" alt=\"\" class=\"wp-image-170000\" style=\"width:738px;height:auto\" srcset=\"https:\/\/enolife.com.ar\/es\/wp-content\/uploads\/2025\/11\/Doctor-Victor-Frankestein.jpg 720w, https:\/\/enolife.com.ar\/es\/wp-content\/uploads\/2025\/11\/Doctor-Victor-Frankestein-300x217.jpg 300w, https:\/\/enolife.com.ar\/es\/wp-content\/uploads\/2025\/11\/Doctor-Victor-Frankestein-585x423.jpg 585w\" sizes=\"auto, (max-width: 720px) 100vw, 720px\" \/><\/a><figcaption class=\"wp-element-caption\"><em><strong>El doctor V\u00edctor Frankestein (Oscar Isaac) armando su monstruo en la pel\u00edcula de Guillermo del Toro<\/strong>.<\/em><\/figcaption><\/figure><\/div>\n\n\n<div style=\"height:28px\" aria-hidden=\"true\" class=\"wp-block-spacer\"><\/div>\n\n\n\n<p>Seg\u00fan anticiparon los organizadores, en la juntada que invocar\u00e1 a <strong>Frankestein, el moderno Prometeo<\/strong>, <em>\u00abla imaginaci\u00f3n y el vino se cruzar\u00e1n en una experiencia sensorial \u00fanica\u00bb. <\/em>Y explicaron sobre el ciclo <strong>Vinitos y Libritos:<\/strong><em> \u00abEn esta primera edici\u00f3n, nos sumergiremos en el universo de Frankestein, una obra que explora la creaci\u00f3n, la soledad y el poder de dar vida a lo imposible&#8230; Intentaremos maridar la velada con una selecci\u00f3n de vinos para la ocasi\u00f3n\u00bb.<\/em><\/p>\n\n\n\n<div style=\"height:23px\" aria-hidden=\"true\" class=\"wp-block-spacer\"><\/div>\n\n\n<div class=\"wp-block-image\">\n<figure class=\"aligncenter size-large is-resized\"><a href=\"https:\/\/enolife.com.ar\/es\/wp-content\/uploads\/2025\/11\/Frankestein-y-Elizabeth.webp\"><img loading=\"lazy\" decoding=\"async\" width=\"1024\" height=\"616\" src=\"https:\/\/enolife.com.ar\/es\/wp-content\/uploads\/2025\/11\/Frankestein-y-Elizabeth-1024x616.webp\" alt=\"\" class=\"wp-image-170003\" style=\"width:734px;height:auto\" srcset=\"https:\/\/enolife.com.ar\/es\/wp-content\/uploads\/2025\/11\/Frankestein-y-Elizabeth-1024x616.webp 1024w, https:\/\/enolife.com.ar\/es\/wp-content\/uploads\/2025\/11\/Frankestein-y-Elizabeth-300x180.webp 300w, https:\/\/enolife.com.ar\/es\/wp-content\/uploads\/2025\/11\/Frankestein-y-Elizabeth-768x462.webp 768w, https:\/\/enolife.com.ar\/es\/wp-content\/uploads\/2025\/11\/Frankestein-y-Elizabeth-1170x704.webp 1170w, https:\/\/enolife.com.ar\/es\/wp-content\/uploads\/2025\/11\/Frankestein-y-Elizabeth-585x352.webp 585w, https:\/\/enolife.com.ar\/es\/wp-content\/uploads\/2025\/11\/Frankestein-y-Elizabeth.webp 1280w\" sizes=\"auto, (max-width: 1024px) 100vw, 1024px\" \/><\/a><figcaption class=\"wp-element-caption\"><em><strong>Elizabeth se enamor\u00f3 cuando Franki le regal\u00f3 una hojita seca. Qu\u00e9 ternura<\/strong><\/em><strong><em>.<\/em><\/strong><\/figcaption><\/figure><\/div>\n\n\n<div style=\"height:57px\" aria-hidden=\"true\" class=\"wp-block-spacer\"><\/div>\n\n\n\n<p>En s\u00edntesis, este pr\u00f3ximo viernes 21 de noviembre, desde las 21.30 hs en la vinoteca Elixir de Paso de los Andes 138, Mendoza, la invitaci\u00f3n est\u00e1 hecha para meterse de lleno en una lectura guiada, luego una conversaci\u00f3n abierta, todo en el marco de una degustaci\u00f3n dirigida y un tapeo gourmet. Se esperan truenos y rel\u00e1mpagos.<\/p>\n\n\n\n<p>El valor de la entrada es<strong> $17.500,<\/strong> y se puede reservar llamando al <strong>+54 261 608 8281.<\/strong> El coraz\u00f3n es grande pero el espacio no dar\u00e1 para todos, as\u00ed que apurarse.<\/p>\n","protected":false},"excerpt":{"rendered":"<p>En 1818, en un tenebroso castillo en las monta\u00f1as de Suiza, entre copas, rel\u00e1mpagos y&hellip;<\/p>\n","protected":false},"author":2,"featured_media":169994,"comment_status":"closed","ping_status":"open","sticky":false,"template":"","format":"standard","meta":{"footnotes":""},"categories":[47],"tags":[],"class_list":["post-169993","post","type-post","status-publish","format-standard","has-post-thumbnail","hentry","category-agenda"],"_links":{"self":[{"href":"https:\/\/enolife.com.ar\/es\/wp-json\/wp\/v2\/posts\/169993","targetHints":{"allow":["GET"]}}],"collection":[{"href":"https:\/\/enolife.com.ar\/es\/wp-json\/wp\/v2\/posts"}],"about":[{"href":"https:\/\/enolife.com.ar\/es\/wp-json\/wp\/v2\/types\/post"}],"author":[{"embeddable":true,"href":"https:\/\/enolife.com.ar\/es\/wp-json\/wp\/v2\/users\/2"}],"replies":[{"embeddable":true,"href":"https:\/\/enolife.com.ar\/es\/wp-json\/wp\/v2\/comments?post=169993"}],"version-history":[{"count":0,"href":"https:\/\/enolife.com.ar\/es\/wp-json\/wp\/v2\/posts\/169993\/revisions"}],"wp:featuredmedia":[{"embeddable":true,"href":"https:\/\/enolife.com.ar\/es\/wp-json\/wp\/v2\/media\/169994"}],"wp:attachment":[{"href":"https:\/\/enolife.com.ar\/es\/wp-json\/wp\/v2\/media?parent=169993"}],"wp:term":[{"taxonomy":"category","embeddable":true,"href":"https:\/\/enolife.com.ar\/es\/wp-json\/wp\/v2\/categories?post=169993"},{"taxonomy":"post_tag","embeddable":true,"href":"https:\/\/enolife.com.ar\/es\/wp-json\/wp\/v2\/tags?post=169993"}],"curies":[{"name":"wp","href":"https:\/\/api.w.org\/{rel}","templated":true}]}}