{"id":169978,"date":"2025-11-17T21:15:23","date_gmt":"2025-11-17T21:15:23","guid":{"rendered":"https:\/\/enolife.com.ar\/es\/?p=169978"},"modified":"2025-11-19T22:43:35","modified_gmt":"2025-11-19T22:43:35","slug":"fecovita-reconfigura-su-bodega-sanjuanina-resero-para-producir-y-exportar-un-30-mas-de-mosto","status":"publish","type":"post","link":"https:\/\/enolife.com.ar\/es\/fecovita-reconfigura-su-bodega-sanjuanina-resero-para-producir-y-exportar-un-30-mas-de-mosto\/","title":{"rendered":"Fecovita reconfigura su bodega sanjuanina Resero para producir y exportar un 30% m\u00e1s de mosto"},"content":{"rendered":"\n<h4 class=\"wp-block-heading\"><em><strong>La Federaci\u00f3n de Cooperativas Vitivin\u00edcolas Argentinas (Fecovita) encar\u00e1 un plan en conjunto con Mostos Concentrados Argentina (MCA, principal accionista de su hist\u00f3rica bodega sanjuanina Resero, en la foto principal), para incrementar un 30% el volumen de molienda y fortalecer las ventas de este producto en el mercado interno (ya proveen del jugo concentrado de uva a Coca Cola, Pepsi y Tropicana) y en las exportaciones hacia Estados Unidos, China <\/strong>y<strong> Jap\u00f3n<\/strong>.<\/em><\/h4>\n\n\n\n<div style=\"height:31px\" aria-hidden=\"true\" class=\"wp-block-spacer\"><\/div>\n\n\n<a href=\"https:\/\/estanciamendoza.com.ar\/es\/\" aria-label=\"Copia de BEM &#8211; Banner adaptaciones diario digital_BEM &#8211; Banner Enolife &#8211; 1700&#215;500\"><img loading=\"lazy\" decoding=\"async\" src=\"https:\/\/enolife.com.ar\/es\/wp-content\/uploads\/2019\/07\/Copia-de-BEM-Banner-adaptaciones-diario-digital_BEM-Banner-Enolife-1700x500-1.jpg\" alt=\"\"  srcset=\"https:\/\/enolife.com.ar\/es\/wp-content\/uploads\/2019\/07\/Copia-de-BEM-Banner-adaptaciones-diario-digital_BEM-Banner-Enolife-1700x500-1.jpg 1700w, https:\/\/enolife.com.ar\/es\/wp-content\/uploads\/2019\/07\/Copia-de-BEM-Banner-adaptaciones-diario-digital_BEM-Banner-Enolife-1700x500-1-300x88.jpg 300w, https:\/\/enolife.com.ar\/es\/wp-content\/uploads\/2019\/07\/Copia-de-BEM-Banner-adaptaciones-diario-digital_BEM-Banner-Enolife-1700x500-1-1024x301.jpg 1024w, https:\/\/enolife.com.ar\/es\/wp-content\/uploads\/2019\/07\/Copia-de-BEM-Banner-adaptaciones-diario-digital_BEM-Banner-Enolife-1700x500-1-768x226.jpg 768w, https:\/\/enolife.com.ar\/es\/wp-content\/uploads\/2019\/07\/Copia-de-BEM-Banner-adaptaciones-diario-digital_BEM-Banner-Enolife-1700x500-1-1536x452.jpg 1536w, https:\/\/enolife.com.ar\/es\/wp-content\/uploads\/2019\/07\/Copia-de-BEM-Banner-adaptaciones-diario-digital_BEM-Banner-Enolife-1700x500-1-1170x344.jpg 1170w, https:\/\/enolife.com.ar\/es\/wp-content\/uploads\/2019\/07\/Copia-de-BEM-Banner-adaptaciones-diario-digital_BEM-Banner-Enolife-1700x500-1-585x172.jpg 585w\" sizes=\"auto, (max-width: 1700px) 100vw, 1700px\" width=\"1700\" height=\"500\"   \/><\/a>\n\n\n<div style=\"height:45px\" aria-hidden=\"true\" class=\"wp-block-spacer\"><\/div>\n\n\n\n<p>Directivos del <strong>Grupo Fecovita <\/strong>-uno de los mayores productores de vinos a nivel global y fuerte exportador de mosto de <strong>Argentina<\/strong>&#8211; mantuvieron un encuentro con funcionarios y empresarios del gobierno de San Juan y anunciaron una \u00abreconfiguraci\u00f3n estrat\u00e9gica\u00bb de la hist\u00f3rica <strong>Bodega Resero<\/strong>, con el objetivo de aumentar hasta un <strong>30% su volumen<\/strong> de molienda en <strong>San Juan <\/strong>con respecto a la temporada pasada. Este plan de crecimiento busca consolidar la presencia de Fecovita en mercados internacionales como <strong>Estados Unidos, China <\/strong>y<strong> Jap\u00f3n,<\/strong> respondiendo a una demanda creciente de mosto concentrado de uva ante la escasa cosecha europea. As\u00ed lo explicaron los empresarios, junto al ministro de Producci\u00f3n, Trabajo e Innovaci\u00f3n de San Juan, <strong>Gustavo Fern\u00e1ndez.<\/strong><\/p>\n\n\n\n<p>Desde 2004, Fecovita est\u00e1 asociada a la firma sanjuanina <strong>Mostos Concentrados Argentina (MCA)<\/strong> para la elaboraci\u00f3n y comercializaci\u00f3n de mosto en distintos puntos del mundo. Ambas empresas destacaron que los cambios operativos llegan en un momento en el que la vitivinicultura argentina encuentra una ventana de expansi\u00f3n.<\/p>\n\n\n\n<p>Con esta decisi\u00f3n, Bodega Resero, adem\u00e1s de elaborar el tradicional vino sanjuanino, incorporar\u00e1 la producci\u00f3n de mosto, asumiendo un rol central dentro del plan operativo del Grupo. <\/p>\n\n\n\n<div style=\"height:28px\" aria-hidden=\"true\" class=\"wp-block-spacer\"><\/div>\n\n\n\n<figure class=\"wp-block-image size-full\"><a href=\"https:\/\/enolife.com.ar\/es\/wp-content\/uploads\/2025\/11\/Mosto-concentrado-de-uva.jpg\" data-rel=\"penci-gallery-image-content\" ><img loading=\"lazy\" decoding=\"async\" width=\"939\" height=\"434\" src=\"https:\/\/enolife.com.ar\/es\/wp-content\/uploads\/2025\/11\/Mosto-concentrado-de-uva.jpg\" alt=\"\" class=\"wp-image-169989\" srcset=\"https:\/\/enolife.com.ar\/es\/wp-content\/uploads\/2025\/11\/Mosto-concentrado-de-uva.jpg 939w, https:\/\/enolife.com.ar\/es\/wp-content\/uploads\/2025\/11\/Mosto-concentrado-de-uva-300x139.jpg 300w, https:\/\/enolife.com.ar\/es\/wp-content\/uploads\/2025\/11\/Mosto-concentrado-de-uva-768x355.jpg 768w, https:\/\/enolife.com.ar\/es\/wp-content\/uploads\/2025\/11\/Mosto-concentrado-de-uva-585x270.jpg 585w\" sizes=\"auto, (max-width: 939px) 100vw, 939px\" \/><\/a><\/figure>\n\n\n\n<div style=\"height:30px\" aria-hidden=\"true\" class=\"wp-block-spacer\"><\/div>\n\n\n\n<p><em>\u201cVemos un fuerte crecimiento en la industria del mosto y necesitamos mayor capacidad operativa. Por eso estamos refuncionalizando Bodega Resero para concentrar all\u00ed gran parte de la molienda y elaboraci\u00f3n, y as\u00ed aumentar los vol\u00famenes de venta con productos acordes a las exigencias del mercado actual\u201d<\/em>, explic\u00f3 Rub\u00e9n Panella, presidente del Grupo Fecovita.<\/p>\n\n\n\n<p>Ubicada en <strong>Albard\u00f3n<\/strong>, Bodega Resero fue adquirida por Fecovita en 2006 y cuenta con una capacidad de guarda de hasta <strong>36 millones de litros<\/strong>, siendo una de las m\u00e1s grandes de San Juan y Argentina.<\/p>\n\n\n\n<p>Por su parte, <strong>Ra\u00fal Estornell<\/strong>, principal accionista de MCA destac\u00f3 que <em>\u201csumar Bodega Resero al plan operativo nos ayudar\u00e1 a descomprimir nuestras instalaciones para aumentar la concentraci\u00f3n de mosto. Al migrar la molienda all\u00ed podremos incrementar la producci\u00f3n de mostos v\u00edrgenes, lo que resulta clave ante la tendencia actual del mercado\u201d.<\/em><\/p>\n\n\n\n<p>MCA, perteneciente a la familia Estornell, opera en <strong>Santa Luc\u00eda<\/strong> con una capacidad instalada de 4.000 toneladas mensuales de mosto concentrado y certificaciones internacionales de calidad. En cuanto a los destinos de exportaci\u00f3n, Estornell destac\u00f3: <em>\u201cNuestros productos cumplen est\u00e1ndares globales que nos permiten abastecer a clientes como Coca Cola, Pepsico y Tropicana\u201d.<\/em><\/p>\n\n\n\n<p>De cara a la pr\u00f3xima cosecha, Panella reafirm\u00f3 el compromiso del Grupo:<em> \u201cSeguimos apostando a la vitivinicultura sanjuanina y estos cambios responden tambi\u00e9n al acompa\u00f1amiento de los productores que conf\u00edan en nosotros desde hace tantos a\u00f1os\u201d.<\/em><\/p>\n\n\n\n<p>Respecto a la hist\u00f3rica marca Resero, Panela inform\u00f3: <em>\u201cHace dos meses la relanzamos en Buenos Aires y estamos haciendo grandes esfuerzos comerciales para competir en los segmentos de botella, botell\u00f3n y tetra. Tenemos grandes expectativas por la excelente relaci\u00f3n precio-calidad y la fortaleza de la marca\u201d.<\/em><\/p>\n\n\n\n<div style=\"height:42px\" aria-hidden=\"true\" class=\"wp-block-spacer\"><\/div>\n","protected":false},"excerpt":{"rendered":"<p>La Federaci\u00f3n de Cooperativas Vitivin\u00edcolas Argentinas (Fecovita) encar\u00e1 un plan en conjunto con Mostos Concentrados&hellip;<\/p>\n","protected":false},"author":2,"featured_media":169982,"comment_status":"closed","ping_status":"open","sticky":false,"template":"","format":"standard","meta":{"footnotes":""},"categories":[57],"tags":[],"class_list":["post-169978","post","type-post","status-publish","format-standard","has-post-thumbnail","hentry","category-empresas"],"_links":{"self":[{"href":"https:\/\/enolife.com.ar\/es\/wp-json\/wp\/v2\/posts\/169978","targetHints":{"allow":["GET"]}}],"collection":[{"href":"https:\/\/enolife.com.ar\/es\/wp-json\/wp\/v2\/posts"}],"about":[{"href":"https:\/\/enolife.com.ar\/es\/wp-json\/wp\/v2\/types\/post"}],"author":[{"embeddable":true,"href":"https:\/\/enolife.com.ar\/es\/wp-json\/wp\/v2\/users\/2"}],"replies":[{"embeddable":true,"href":"https:\/\/enolife.com.ar\/es\/wp-json\/wp\/v2\/comments?post=169978"}],"version-history":[{"count":0,"href":"https:\/\/enolife.com.ar\/es\/wp-json\/wp\/v2\/posts\/169978\/revisions"}],"wp:featuredmedia":[{"embeddable":true,"href":"https:\/\/enolife.com.ar\/es\/wp-json\/wp\/v2\/media\/169982"}],"wp:attachment":[{"href":"https:\/\/enolife.com.ar\/es\/wp-json\/wp\/v2\/media?parent=169978"}],"wp:term":[{"taxonomy":"category","embeddable":true,"href":"https:\/\/enolife.com.ar\/es\/wp-json\/wp\/v2\/categories?post=169978"},{"taxonomy":"post_tag","embeddable":true,"href":"https:\/\/enolife.com.ar\/es\/wp-json\/wp\/v2\/tags?post=169978"}],"curies":[{"name":"wp","href":"https:\/\/api.w.org\/{rel}","templated":true}]}}