{"id":169965,"date":"2025-11-18T13:10:51","date_gmt":"2025-11-18T13:10:51","guid":{"rendered":"https:\/\/enolife.com.ar\/es\/?p=169965"},"modified":"2025-11-19T14:10:51","modified_gmt":"2025-11-19T14:10:51","slug":"arranco-la-fiesta-de-la-vendimia-de-mendoza-y-la-primera-reina-vino-de-san-carlos","status":"publish","type":"post","link":"https:\/\/enolife.com.ar\/es\/arranco-la-fiesta-de-la-vendimia-de-mendoza-y-la-primera-reina-vino-de-san-carlos\/","title":{"rendered":"Arranc\u00f3 la Fiesta de la Vendimia de Mendoza y la primera reina vino de San Carlos"},"content":{"rendered":"\n<h4 class=\"wp-block-heading\"><em><strong>Virgina G\u00f3mez Coronel fue coronada en la primera fiesta departamental de Mendoza, en carrera hacia la Fiesta central en el Anfiteatro Frank Romero Day junto a los cerros de la precordillera capitalina, a comienzos de marzo de 2026.<\/strong><\/em><\/h4>\n\n\n\n<div style=\"height:35px\" aria-hidden=\"true\" class=\"wp-block-spacer\"><\/div>\n\n\n<a href=\"https:\/\/www.irrigacion.gov.ar\/web\/\" aria-label=\"irrigaci\u00f3n-1700X500\"><img loading=\"lazy\" decoding=\"async\" src=\"https:\/\/enolife.com.ar\/es\/wp-content\/uploads\/2021\/02\/irrigacion-1700X500.gif\" alt=\"\"  width=\"1700\" height=\"500\"   \/><\/a>\n\n\n<div style=\"height:35px\" aria-hidden=\"true\" class=\"wp-block-spacer\"><\/div>\n\n\n\n<p>En el marco de los 90 a\u00f1os de la <strong>Fiesta Nacional de la Vendimia<\/strong>, y bajo el t\u00edtulo <strong>\u201cHistoria con alma de tradici\u00f3n y Vendimia\u201d,<\/strong> la comuna de <strong>San Carlos<\/strong> dio inicio a las celebraciones departamentales con una celebraci\u00f3n que reuni\u00f3 a vecinos, turistas, artistas y autoridades provinciales.<\/p>\n\n\n\n<p>El pasado <strong>domingo 16\/11<\/strong> tuvo lugar en el <strong>Teatro Ney\u00fa Map\u00fa <\/strong>de esa ciudad al suroeste de la provincia, la fiesta en la que se celebr\u00f3 la Fiesta de la Vendimia de San Carlos, donde <strong>Virginia G\u00f3mez Coronel<\/strong> fue coronada como soberana departamental.<\/p>\n\n\n\n<div style=\"height:35px\" aria-hidden=\"true\" class=\"wp-block-spacer\"><\/div>\n\n\n\n<figure class=\"wp-block-gallery has-nested-images columns-default is-cropped wp-block-gallery-1 is-layout-flex wp-block-gallery-is-layout-flex\">\n<figure class=\"wp-block-image size-full\"><a href=\"https:\/\/enolife.com.ar\/es\/wp-content\/uploads\/2025\/11\/WhatsApp-Image-2025-11-17-at-09.30.18-1.jpeg\" data-rel=\"penci-gallery-image-content\" ><img loading=\"lazy\" decoding=\"async\" width=\"657\" height=\"400\" data-id=\"169973\" src=\"https:\/\/enolife.com.ar\/es\/wp-content\/uploads\/2025\/11\/WhatsApp-Image-2025-11-17-at-09.30.18-1.jpeg\" alt=\"\" class=\"wp-image-169973\" srcset=\"https:\/\/enolife.com.ar\/es\/wp-content\/uploads\/2025\/11\/WhatsApp-Image-2025-11-17-at-09.30.18-1.jpeg 657w, https:\/\/enolife.com.ar\/es\/wp-content\/uploads\/2025\/11\/WhatsApp-Image-2025-11-17-at-09.30.18-1-300x183.jpeg 300w, https:\/\/enolife.com.ar\/es\/wp-content\/uploads\/2025\/11\/WhatsApp-Image-2025-11-17-at-09.30.18-1-585x356.jpeg 585w\" sizes=\"auto, (max-width: 657px) 100vw, 657px\" \/><\/a><\/figure>\n\n\n\n<figure class=\"wp-block-image size-full\"><a href=\"https:\/\/enolife.com.ar\/es\/wp-content\/uploads\/2025\/11\/WhatsApp-Image-2025-11-17-at-09.30.18.jpeg\" data-rel=\"penci-gallery-image-content\" ><img loading=\"lazy\" decoding=\"async\" width=\"634\" height=\"400\" data-id=\"169974\" src=\"https:\/\/enolife.com.ar\/es\/wp-content\/uploads\/2025\/11\/WhatsApp-Image-2025-11-17-at-09.30.18.jpeg\" alt=\"\" class=\"wp-image-169974\" srcset=\"https:\/\/enolife.com.ar\/es\/wp-content\/uploads\/2025\/11\/WhatsApp-Image-2025-11-17-at-09.30.18.jpeg 634w, https:\/\/enolife.com.ar\/es\/wp-content\/uploads\/2025\/11\/WhatsApp-Image-2025-11-17-at-09.30.18-300x189.jpeg 300w, https:\/\/enolife.com.ar\/es\/wp-content\/uploads\/2025\/11\/WhatsApp-Image-2025-11-17-at-09.30.18-585x369.jpeg 585w\" sizes=\"auto, (max-width: 634px) 100vw, 634px\" \/><\/a><\/figure>\n<\/figure>\n\n\n\n<div style=\"height:35px\" aria-hidden=\"true\" class=\"wp-block-spacer\"><\/div>\n\n\n\n<p>La jornada abri\u00f3 la agenda de las 18 Fiestas de la Vendimia departamentales programadas para esta edici\u00f3n. Desde las 19, el p\u00fablico pudo disfrutar de la presentaci\u00f3n de espect\u00e1culos art\u00edsticos donde actuaron <strong>Los Carrera, <\/strong>el<strong> Ballet 2 de Abril, Ary Gaet\u00e1n, Bernardo Palacios, Sue\u00f1os Cuyanos <\/strong>y <strong>La Guardia.<\/strong><\/p>\n\n\n\n<p>Durante el acto, el subsecretario de Cultura, <strong>Diego Gareca<\/strong>; la directora de Gesti\u00f3n Territorial, <strong>Laura Uano<\/strong>; y la directora del \u00c1rea de Vendimia, Noelia Torres, entregaron una distinci\u00f3n al departamento por los 90 a\u00f1os de la Fiesta Nacional de la Vendimia y la invalorable participaci\u00f3n que ha tenido San Carlos. El reconocimiento fue recibido por el intendente <strong>Alejandro Morillas.<\/strong><\/p>\n\n\n\n<p>Tambi\u00e9n participaron la Reina Nacional de la Vendimia 2025,<strong> Alejandrina Funes<\/strong>; reinas y cortes invitadas; y la corte de reinas de mandato cumplido. Posteriormente, se realiz\u00f3 la presentaci\u00f3n formal de las candidatas que aspiraban a representar al departamento. La reina departamental saliente, <strong>Luz Soria<\/strong>, junto a la virreina <strong>Mariam Moyano<\/strong> y a <strong>Brisa Mutis<\/strong>, embajadora departamental de la Ganader\u00eda, acompa\u00f1aron este momento.<\/p>\n\n\n\n<div style=\"height:35px\" aria-hidden=\"true\" class=\"wp-block-spacer\"><\/div>\n\n\n\n<figure class=\"wp-block-gallery has-nested-images columns-default is-cropped wp-block-gallery-2 is-layout-flex wp-block-gallery-is-layout-flex\">\n<figure class=\"wp-block-image size-full\"><a href=\"https:\/\/enolife.com.ar\/es\/wp-content\/uploads\/2025\/11\/virginia-gomez-coronel-reina-la-vendimia-2026-san-carlos.jpg\" data-rel=\"penci-gallery-image-content\" ><img loading=\"lazy\" decoding=\"async\" width=\"779\" height=\"480\" data-id=\"169975\" src=\"https:\/\/enolife.com.ar\/es\/wp-content\/uploads\/2025\/11\/virginia-gomez-coronel-reina-la-vendimia-2026-san-carlos.jpg\" alt=\"\" class=\"wp-image-169975\" srcset=\"https:\/\/enolife.com.ar\/es\/wp-content\/uploads\/2025\/11\/virginia-gomez-coronel-reina-la-vendimia-2026-san-carlos.jpg 779w, https:\/\/enolife.com.ar\/es\/wp-content\/uploads\/2025\/11\/virginia-gomez-coronel-reina-la-vendimia-2026-san-carlos-300x185.jpg 300w, https:\/\/enolife.com.ar\/es\/wp-content\/uploads\/2025\/11\/virginia-gomez-coronel-reina-la-vendimia-2026-san-carlos-768x473.jpg 768w, https:\/\/enolife.com.ar\/es\/wp-content\/uploads\/2025\/11\/virginia-gomez-coronel-reina-la-vendimia-2026-san-carlos-585x360.jpg 585w\" sizes=\"auto, (max-width: 779px) 100vw, 779px\" \/><\/a><\/figure>\n\n\n\n<figure class=\"wp-block-image size-full\"><a href=\"https:\/\/enolife.com.ar\/es\/wp-content\/uploads\/2025\/11\/WhatsApp-Image-2025-11-17-at-09.30.19-1.jpeg\" data-rel=\"penci-gallery-image-content\" ><img loading=\"lazy\" decoding=\"async\" width=\"855\" height=\"555\" data-id=\"169976\" src=\"https:\/\/enolife.com.ar\/es\/wp-content\/uploads\/2025\/11\/WhatsApp-Image-2025-11-17-at-09.30.19-1.jpeg\" alt=\"\" class=\"wp-image-169976\" srcset=\"https:\/\/enolife.com.ar\/es\/wp-content\/uploads\/2025\/11\/WhatsApp-Image-2025-11-17-at-09.30.19-1.jpeg 855w, https:\/\/enolife.com.ar\/es\/wp-content\/uploads\/2025\/11\/WhatsApp-Image-2025-11-17-at-09.30.19-1-300x195.jpeg 300w, https:\/\/enolife.com.ar\/es\/wp-content\/uploads\/2025\/11\/WhatsApp-Image-2025-11-17-at-09.30.19-1-768x499.jpeg 768w, https:\/\/enolife.com.ar\/es\/wp-content\/uploads\/2025\/11\/WhatsApp-Image-2025-11-17-at-09.30.19-1-585x380.jpeg 585w\" sizes=\"auto, (max-width: 855px) 100vw, 855px\" \/><\/a><\/figure>\n<\/figure>\n\n\n\n<div style=\"height:35px\" aria-hidden=\"true\" class=\"wp-block-spacer\"><\/div>\n\n\n\n<p>El acto central estuvo protagonizado por m\u00e1s de 200 artistas locales y propuso un recorrido esc\u00e9nico por la historia, la identidad cultural y las tradiciones productivas del departamento, resaltando el trabajo comunitario y la vinculaci\u00f3n con la cultura vitivin\u00edcola.<\/p>\n\n\n\n<p>El cierre lleg\u00f3 con uno de los momentos m\u00e1s esperados de la noche: la elecci\u00f3n de la nueva soberana. El resultado fue el siguiente: reina departamental de la Vendimia 2026, Virginia G\u00f3mez Coronel; virreina departamental de la Vendimia 2026, Agostina Ber\u00f3n; y embajadora de la ganader\u00eda, Guadalupe P\u00e9rez.<\/p>\n\n\n\n<p>El cierre estuvo a cargo de <strong>Amar Azul<\/strong>, que brind\u00f3 un espect\u00e1culo musical para finalizar la celebraci\u00f3n.<\/p>\n\n\n\n<p>San Carlos, el departamento m\u00e1s antiguo de Mendoza, abri\u00f3 de este modo el calendario de vendimias departamentales en el marco del 90 aniversario de la Fiesta Nacional de la Vendimia.<\/p>\n\n\n\n<div style=\"height:47px\" aria-hidden=\"true\" class=\"wp-block-spacer\"><\/div>\n","protected":false},"excerpt":{"rendered":"<p>Virgina G\u00f3mez Coronel fue coronada en la primera fiesta departamental de Mendoza, en carrera hacia&hellip;<\/p>\n","protected":false},"author":2,"featured_media":169970,"comment_status":"closed","ping_status":"open","sticky":false,"template":"","format":"standard","meta":{"footnotes":""},"categories":[14],"tags":[],"class_list":["post-169965","post","type-post","status-publish","format-standard","has-post-thumbnail","hentry","category-news"],"_links":{"self":[{"href":"https:\/\/enolife.com.ar\/es\/wp-json\/wp\/v2\/posts\/169965","targetHints":{"allow":["GET"]}}],"collection":[{"href":"https:\/\/enolife.com.ar\/es\/wp-json\/wp\/v2\/posts"}],"about":[{"href":"https:\/\/enolife.com.ar\/es\/wp-json\/wp\/v2\/types\/post"}],"author":[{"embeddable":true,"href":"https:\/\/enolife.com.ar\/es\/wp-json\/wp\/v2\/users\/2"}],"replies":[{"embeddable":true,"href":"https:\/\/enolife.com.ar\/es\/wp-json\/wp\/v2\/comments?post=169965"}],"version-history":[{"count":0,"href":"https:\/\/enolife.com.ar\/es\/wp-json\/wp\/v2\/posts\/169965\/revisions"}],"wp:featuredmedia":[{"embeddable":true,"href":"https:\/\/enolife.com.ar\/es\/wp-json\/wp\/v2\/media\/169970"}],"wp:attachment":[{"href":"https:\/\/enolife.com.ar\/es\/wp-json\/wp\/v2\/media?parent=169965"}],"wp:term":[{"taxonomy":"category","embeddable":true,"href":"https:\/\/enolife.com.ar\/es\/wp-json\/wp\/v2\/categories?post=169965"},{"taxonomy":"post_tag","embeddable":true,"href":"https:\/\/enolife.com.ar\/es\/wp-json\/wp\/v2\/tags?post=169965"}],"curies":[{"name":"wp","href":"https:\/\/api.w.org\/{rel}","templated":true}]}}