{"id":169819,"date":"2025-11-13T16:48:43","date_gmt":"2025-11-13T16:48:43","guid":{"rendered":"https:\/\/enolife.com.ar\/es\/?p=169819"},"modified":"2025-11-14T14:35:04","modified_gmt":"2025-11-14T14:35:04","slug":"promos-catas-y-maridajes-para-celebrar-la-bebida-nacional-el-14-11-en-la-noche-de-las-vinotecas","status":"publish","type":"post","link":"https:\/\/enolife.com.ar\/es\/promos-catas-y-maridajes-para-celebrar-la-bebida-nacional-el-14-11-en-la-noche-de-las-vinotecas\/","title":{"rendered":"Promos, catas y maridajes para celebrar la bebida nacional el 14\/11 en \u00abLa noche de las Vinotecas\u00bb"},"content":{"rendered":"\n<h4 class=\"wp-block-heading\"><em><strong>La sexta edici\u00f3n de \u201cLa Noche de las Vinotecas\u201d, evento federal para promover el Vino Argentino,\u00a0se realizar\u00e1 el viernes 14 de noviembre de 20 a 24\u00a0hs. La actividad, organizada por la C\u00e1mara Argentina de Vinotecas (CAVA), con el apoyo de Coviar y el Fondo Vitivin\u00edcola, tiene como objetivo acercar la cultura del vino a los consumidores durante una noche en la que 600 vinotecas -a lo largo y lo ancho del pa\u00eds- ofrecer\u00e1n degustaciones, charlas, descuentos y momentos para brindis descontracturados.<\/strong><\/em><\/h4>\n\n\n\n<div style=\"height:35px\" aria-hidden=\"true\" class=\"wp-block-spacer\"><\/div>\n\n\n\n\n\n<div style=\"height:45px\" aria-hidden=\"true\" class=\"wp-block-spacer\"><\/div>\n\n\n<div class=\"wp-block-image\">\n<figure class=\"alignleft size-full\"><a href=\"https:\/\/enolife.com.ar\/es\/wp-content\/uploads\/2025\/11\/560570882_789048837427365_5918524251333778980_n.jpg\" data-rel=\"penci-gallery-image-content\" ><img loading=\"lazy\" decoding=\"async\" width=\"300\" height=\"367\" src=\"https:\/\/enolife.com.ar\/es\/wp-content\/uploads\/2025\/11\/560570882_789048837427365_5918524251333778980_n.jpg\" alt=\"\" class=\"wp-image-169827\" srcset=\"https:\/\/enolife.com.ar\/es\/wp-content\/uploads\/2025\/11\/560570882_789048837427365_5918524251333778980_n.jpg 300w, https:\/\/enolife.com.ar\/es\/wp-content\/uploads\/2025\/11\/560570882_789048837427365_5918524251333778980_n-245x300.jpg 245w\" sizes=\"auto, (max-width: 300px) 100vw, 300px\" \/><\/a><\/figure><\/div>\n\n\n<p>Con la participaci\u00f3n de m\u00e1s de <strong>600 locales<\/strong> especializados de todo el pa\u00eds, el <strong>viernes 14\/11 de 20 a 24 hs<\/strong>, se llevar\u00e1 a cabo <strong>\u00abLa Noche de las Vinotecas\u00bb<\/strong>, una fiesta federal y descontracturada pensada para acercar la cultura del vino a los consumidores de manera l\u00fadica y responsable.<\/p>\n\n\n\n<p>Organizada por la\u00a0<strong>C\u00e1mara Argentina de Vinotecas y Afines (CAVA),\u00a0<\/strong>y con el apoyo de la<strong>\u00a0Corporaci\u00f3n Vitivin\u00edcola Argentina (Coviar)<\/strong>\u00a0y el<strong>\u00a0Fondo Vitivin\u00edcola<\/strong>, esta acci\u00f3n pretende dar valor al canal vinotequero, que se especializa en la atenci\u00f3n personalizada, el conocimiento de los clientes, sus gustos y preferencias. <\/p>\n\n\n\n<p>De este modo, aprovechar esta cercan\u00eda con el consumidor para agradecerles, con momentos para recordar y compartiendo la alegr\u00eda de disfrutar diferentes etiquetas, terru\u00f1os y cepas, renovando la pasi\u00f3n por la noble bebida. <\/p>\n\n\n\n<p>La Noche de las Vinotecas se realiza desde el a\u00f1o 2023, dos veces por a\u00f1o, una en abril para celebrar el D\u00eda Internacional del Malbec (17\/4); y la otra en noviembre, como parte de los festejos del <strong>d\u00eda del  \u201cVino Argentino Bebida Nacional\u201d (24\/11).<\/strong>  <\/p>\n\n\n\n<p>Con cada edici\u00f3n crece la convocatoria, y en este sentido,<strong> P\u00eda Argim\u00f3n -parte de la organizaci\u00f3n desde la C\u00e1mara de Vinotecas-<\/strong> indic\u00f3 que <em>\u00abEste a\u00f1o el mapa interactivo, en el cual se pueden ver todas las vinotecas del pa\u00eds que participan, tuvo 169.800 visitas, contra 40.500 de la edici\u00f3n anterior<\/em>. <em>Estamos muy contentos, esa noche vamos a estar llenando miles de copas en todo el pa\u00eds, estamos construyendo un puente de vino desde Jujuy hasta Ushuaia, todos juntos en el mismo momento unidos por el vino, de verdad que el vino nos une! y no es solo un slogan de marketing\u00bb<\/em>.<\/p>\n\n\n\n<p>Y agreg\u00f3 que <em>\u00abEl vino argentino, nuestra bebida nacional, le da trabajo a m\u00e1s de 480.000 familias. El consumo responsable de esta bebida une a todos los argentinos por encima de cualquier diferencia y necesita del apoyo de todos nosotros para sostener el lugar en todas las mesas de nuestro pa\u00eds.\u00bb<\/em><\/p>\n\n\n\n<p class=\"has-background\" style=\"background-color:#abb7c242\"><strong>Para ver el mapa interactivo con todas las vinotecas que participan, clikear <a href=\"https:\/\/lanochedelasvinotecas.com.ar\/mapa\/\">AQU\u00cd<\/a><\/strong> <\/p>\n\n\n\n<div style=\"height:35px\" aria-hidden=\"true\" class=\"wp-block-spacer\"><\/div>\n\n\n\n<figure class=\"wp-block-gallery has-nested-images columns-default is-cropped wp-block-gallery-1 is-layout-flex wp-block-gallery-is-layout-flex\">\n<figure class=\"wp-block-image size-full\"><a href=\"https:\/\/enolife.com.ar\/es\/wp-content\/uploads\/2025\/11\/edicionesAnteriores_2025_1_malbec_13.jpg\" data-rel=\"penci-gallery-image-content\" ><img loading=\"lazy\" decoding=\"async\" width=\"583\" height=\"385\" data-id=\"169822\" src=\"https:\/\/enolife.com.ar\/es\/wp-content\/uploads\/2025\/11\/edicionesAnteriores_2025_1_malbec_13.jpg\" alt=\"\" class=\"wp-image-169822\" srcset=\"https:\/\/enolife.com.ar\/es\/wp-content\/uploads\/2025\/11\/edicionesAnteriores_2025_1_malbec_13.jpg 583w, https:\/\/enolife.com.ar\/es\/wp-content\/uploads\/2025\/11\/edicionesAnteriores_2025_1_malbec_13-300x198.jpg 300w\" sizes=\"auto, (max-width: 583px) 100vw, 583px\" \/><\/a><\/figure>\n\n\n\n<figure class=\"wp-block-image size-full\"><a href=\"https:\/\/enolife.com.ar\/es\/wp-content\/uploads\/2025\/11\/edicionesAnteriores_2025_1_malbec_1.jpg\" data-rel=\"penci-gallery-image-content\" ><img loading=\"lazy\" decoding=\"async\" width=\"652\" height=\"375\" data-id=\"169823\" src=\"https:\/\/enolife.com.ar\/es\/wp-content\/uploads\/2025\/11\/edicionesAnteriores_2025_1_malbec_1.jpg\" alt=\"\" class=\"wp-image-169823\" srcset=\"https:\/\/enolife.com.ar\/es\/wp-content\/uploads\/2025\/11\/edicionesAnteriores_2025_1_malbec_1.jpg 652w, https:\/\/enolife.com.ar\/es\/wp-content\/uploads\/2025\/11\/edicionesAnteriores_2025_1_malbec_1-300x173.jpg 300w, https:\/\/enolife.com.ar\/es\/wp-content\/uploads\/2025\/11\/edicionesAnteriores_2025_1_malbec_1-585x336.jpg 585w\" sizes=\"auto, (max-width: 652px) 100vw, 652px\" \/><\/a><\/figure>\n<\/figure>\n\n\n\n<div style=\"height:35px\" aria-hidden=\"true\" class=\"wp-block-spacer\"><\/div>\n\n\n\n<p>Participan vinotecas, wine bar y rest\u00f3 de Bah\u00eda Blanca, San Juan, Mendoza, Buenos Aires, Tucum\u00e1n, C\u00f3rdoba, Santiago del Estero, Catamarca, Rio Negro, Chubut, Neuqu\u00e9n, Misiones, Santa Fe y Tierra del Fuego, que se organizan para brindar una experiencia \u00fanica para los amantes del vino: degustaciones, espect\u00e1culos, gastronom\u00eda, m\u00fasica y buenos momentos con descuentos de hasta el 50% en etiquetas seleccionadas.<\/p>\n\n\n\n<div style=\"height:35px\" aria-hidden=\"true\" class=\"wp-block-spacer\"><\/div>\n\n\n\n<figure class=\"wp-block-gallery has-nested-images columns-default is-cropped wp-block-gallery-2 is-layout-flex wp-block-gallery-is-layout-flex\">\n<figure class=\"wp-block-image size-full\"><a href=\"https:\/\/enolife.com.ar\/es\/wp-content\/uploads\/2025\/11\/edicionesAnteriores_2024_2_vinoArg_1.jpg\" data-rel=\"penci-gallery-image-content\" ><img loading=\"lazy\" decoding=\"async\" width=\"798\" height=\"428\" data-id=\"169824\" src=\"https:\/\/enolife.com.ar\/es\/wp-content\/uploads\/2025\/11\/edicionesAnteriores_2024_2_vinoArg_1.jpg\" alt=\"\" class=\"wp-image-169824\" srcset=\"https:\/\/enolife.com.ar\/es\/wp-content\/uploads\/2025\/11\/edicionesAnteriores_2024_2_vinoArg_1.jpg 798w, https:\/\/enolife.com.ar\/es\/wp-content\/uploads\/2025\/11\/edicionesAnteriores_2024_2_vinoArg_1-300x161.jpg 300w, https:\/\/enolife.com.ar\/es\/wp-content\/uploads\/2025\/11\/edicionesAnteriores_2024_2_vinoArg_1-768x412.jpg 768w, https:\/\/enolife.com.ar\/es\/wp-content\/uploads\/2025\/11\/edicionesAnteriores_2024_2_vinoArg_1-585x314.jpg 585w\" sizes=\"auto, (max-width: 798px) 100vw, 798px\" \/><\/a><\/figure>\n\n\n\n<figure class=\"wp-block-image size-full\"><a href=\"https:\/\/enolife.com.ar\/es\/wp-content\/uploads\/2025\/11\/edicionesAnteriores_2025_1_malbec_16.jpg\" data-rel=\"penci-gallery-image-content\" ><img loading=\"lazy\" decoding=\"async\" width=\"666\" height=\"422\" data-id=\"169825\" src=\"https:\/\/enolife.com.ar\/es\/wp-content\/uploads\/2025\/11\/edicionesAnteriores_2025_1_malbec_16.jpg\" alt=\"\" class=\"wp-image-169825\" srcset=\"https:\/\/enolife.com.ar\/es\/wp-content\/uploads\/2025\/11\/edicionesAnteriores_2025_1_malbec_16.jpg 666w, https:\/\/enolife.com.ar\/es\/wp-content\/uploads\/2025\/11\/edicionesAnteriores_2025_1_malbec_16-300x190.jpg 300w, https:\/\/enolife.com.ar\/es\/wp-content\/uploads\/2025\/11\/edicionesAnteriores_2025_1_malbec_16-585x371.jpg 585w\" sizes=\"auto, (max-width: 666px) 100vw, 666px\" \/><\/a><\/figure>\n<\/figure>\n\n\n\n<div style=\"height:35px\" aria-hidden=\"true\" class=\"wp-block-spacer\"><\/div>\n\n\n\n<p>Adem\u00e1s, a trav\u00e9s de la cuenta<strong>\u00a0<a href=\"https:\/\/www.instagram.com\/nochedelasvinotecas\/?hl=es\">@lanochedelasvinotecas<\/a><\/strong>\u00a0en Instagram se puede conocer las diferentes propuestas que ofrecer\u00e1n los comercios de todo el pa\u00eds que se sumen a esta noche que homenajea al vino argentino.<\/p>\n\n\n\n<div style=\"height:35px\" aria-hidden=\"true\" class=\"wp-block-spacer\"><\/div>\n","protected":false},"excerpt":{"rendered":"<p>La sexta edici\u00f3n de \u201cLa Noche de las Vinotecas\u201d, evento federal para promover el Vino&hellip;<\/p>\n","protected":false},"author":2,"featured_media":169844,"comment_status":"closed","ping_status":"open","sticky":false,"template":"","format":"standard","meta":{"footnotes":""},"categories":[47],"tags":[],"class_list":["post-169819","post","type-post","status-publish","format-standard","has-post-thumbnail","hentry","category-agenda"],"_links":{"self":[{"href":"https:\/\/enolife.com.ar\/es\/wp-json\/wp\/v2\/posts\/169819","targetHints":{"allow":["GET"]}}],"collection":[{"href":"https:\/\/enolife.com.ar\/es\/wp-json\/wp\/v2\/posts"}],"about":[{"href":"https:\/\/enolife.com.ar\/es\/wp-json\/wp\/v2\/types\/post"}],"author":[{"embeddable":true,"href":"https:\/\/enolife.com.ar\/es\/wp-json\/wp\/v2\/users\/2"}],"replies":[{"embeddable":true,"href":"https:\/\/enolife.com.ar\/es\/wp-json\/wp\/v2\/comments?post=169819"}],"version-history":[{"count":0,"href":"https:\/\/enolife.com.ar\/es\/wp-json\/wp\/v2\/posts\/169819\/revisions"}],"wp:featuredmedia":[{"embeddable":true,"href":"https:\/\/enolife.com.ar\/es\/wp-json\/wp\/v2\/media\/169844"}],"wp:attachment":[{"href":"https:\/\/enolife.com.ar\/es\/wp-json\/wp\/v2\/media?parent=169819"}],"wp:term":[{"taxonomy":"category","embeddable":true,"href":"https:\/\/enolife.com.ar\/es\/wp-json\/wp\/v2\/categories?post=169819"},{"taxonomy":"post_tag","embeddable":true,"href":"https:\/\/enolife.com.ar\/es\/wp-json\/wp\/v2\/tags?post=169819"}],"curies":[{"name":"wp","href":"https:\/\/api.w.org\/{rel}","templated":true}]}}