{"id":169802,"date":"2025-11-13T13:42:06","date_gmt":"2025-11-13T13:42:06","guid":{"rendered":"https:\/\/enolife.com.ar\/es\/?p=169802"},"modified":"2025-11-14T20:58:13","modified_gmt":"2025-11-14T20:58:13","slug":"la-rioja-evalua-crear-su-propio-instituto-de-vitivinicultura-tras-la-desregulacion-del-inv-nacional","status":"publish","type":"post","link":"https:\/\/enolife.com.ar\/es\/la-rioja-evalua-crear-su-propio-instituto-de-vitivinicultura-tras-la-desregulacion-del-inv-nacional\/","title":{"rendered":"La Rioja eval\u00faa crear su propio Instituto de Vitivinicultura tras la desregulaci\u00f3n del INV nacional"},"content":{"rendered":"\n<h4 class=\"wp-block-heading\"><em><strong>En el Ministerio de Producci\u00f3n y Ambiente de la tercera provincia argentina productora de vino realizan una ronda de consultas entre productores y especialistas, para luego formular un proyecto de creaci\u00f3n de un Instituto local de Vitivinicultura, con el objetivo declarado de preservar la calidad y el prestigio internacional del vino riojano ante la reciente desregulaci\u00f3n nacional del sector.<\/strong><\/em><\/h4>\n\n\n\n<div style=\"height:39px\" aria-hidden=\"true\" class=\"wp-block-spacer\"><\/div>\n\n\n<a href=\"https:\/\/estanciamendoza.com.ar\/es\/\" aria-label=\"Copia de BEM &#8211; Banner adaptaciones diario digital_BEM &#8211; Banner Enolife &#8211; 1700&#215;500\"><img loading=\"lazy\" decoding=\"async\" src=\"https:\/\/enolife.com.ar\/es\/wp-content\/uploads\/2019\/07\/Copia-de-BEM-Banner-adaptaciones-diario-digital_BEM-Banner-Enolife-1700x500-1.jpg\" alt=\"\"  srcset=\"https:\/\/enolife.com.ar\/es\/wp-content\/uploads\/2019\/07\/Copia-de-BEM-Banner-adaptaciones-diario-digital_BEM-Banner-Enolife-1700x500-1.jpg 1700w, https:\/\/enolife.com.ar\/es\/wp-content\/uploads\/2019\/07\/Copia-de-BEM-Banner-adaptaciones-diario-digital_BEM-Banner-Enolife-1700x500-1-300x88.jpg 300w, https:\/\/enolife.com.ar\/es\/wp-content\/uploads\/2019\/07\/Copia-de-BEM-Banner-adaptaciones-diario-digital_BEM-Banner-Enolife-1700x500-1-1024x301.jpg 1024w, https:\/\/enolife.com.ar\/es\/wp-content\/uploads\/2019\/07\/Copia-de-BEM-Banner-adaptaciones-diario-digital_BEM-Banner-Enolife-1700x500-1-768x226.jpg 768w, https:\/\/enolife.com.ar\/es\/wp-content\/uploads\/2019\/07\/Copia-de-BEM-Banner-adaptaciones-diario-digital_BEM-Banner-Enolife-1700x500-1-1536x452.jpg 1536w, https:\/\/enolife.com.ar\/es\/wp-content\/uploads\/2019\/07\/Copia-de-BEM-Banner-adaptaciones-diario-digital_BEM-Banner-Enolife-1700x500-1-1170x344.jpg 1170w, https:\/\/enolife.com.ar\/es\/wp-content\/uploads\/2019\/07\/Copia-de-BEM-Banner-adaptaciones-diario-digital_BEM-Banner-Enolife-1700x500-1-585x172.jpg 585w\" sizes=\"auto, (max-width: 1700px) 100vw, 1700px\" width=\"1700\" height=\"500\"   \/><\/a>\n\n\n<div style=\"height:44px\" aria-hidden=\"true\" class=\"wp-block-spacer\"><\/div>\n\n\n\n<p>El <strong>gobierno de La Rioja<\/strong> eval\u00faa la creaci\u00f3n de un <strong>Instituto Provincial de Vitivinicultura<\/strong> con el objetivo de sostener y fortalecer el prestigio comercial e internacional de los vinos riojanos frente a los cambios regulatorios impulsados por el gobierno nacional. Cabe recordar que en los \u00faltimos dos meses, el <strong>Instituto Nacional de Vitivinicultura (INV)<\/strong> dio de baja <strong>973 normas<\/strong> que regulaban la actividad, disponiendo no controlar m\u00e1s en su origen la producci\u00f3n, el traslado y la elaboraci\u00f3n de uva y vino, sino s\u00f3lo fiscalizar la calidad del vino una vez que el producto est\u00e9 terminado y lanzado al mercado.<\/p>\n\n\n\n<p>La iniciativa, impulsada por el <strong>Ministerio de Producci\u00f3n y Ambiente<\/strong>, surge tras la preocupaci\u00f3n expresada por bodegas locales y operadores internacionales ante la derogaci\u00f3n de las normativas<strong> del <\/strong>INV, dispuesta en octubre por la administraci\u00f3n de <strong>Javier Milei<\/strong> y el economista <strong>Federico Sturzenegger<\/strong>, como parte del proceso de desregulaci\u00f3n econ\u00f3mica.<\/p>\n\n\n\n<p>El ministro <strong>Ernesto P\u00e9rez<\/strong> inform\u00f3 que la provincia iniciar\u00e1 una ronda de consultas con el sector productivo, acad\u00e9mico y cient\u00edfico para elaborar una propuesta que ser\u00e1 elevada en los pr\u00f3ximos d\u00edas al <strong>gobernador Ricardo Quintela<\/strong>.<\/p>\n\n\n\n<div style=\"height:23px\" aria-hidden=\"true\" class=\"wp-block-spacer\"><\/div>\n\n\n\n<blockquote class=\"wp-block-quote is-layout-flow wp-block-quote-is-layout-flow\">\n<p>Desde la provincia de La Rioja avanzamos en un esquema propio que preserve la identidad, la trazabilidad y la competitividad de los vinos riojanos\u201d.<br><strong>ERNESTO P\u00c9REZ, ministro de Producci\u00f3n de La Rioja<\/strong><\/p>\n<\/blockquote>\n\n\n\n<div style=\"height:32px\" aria-hidden=\"true\" class=\"wp-block-spacer\"><\/div>\n\n\n\n<p>P\u00e9rez advirti\u00f3 que la desregulaci\u00f3n nacional podr\u00eda dejar a los productores sin marcos de control y certificaci\u00f3n, debilitando la confianza de los mercados internacionales.<\/p>\n\n\n\n<p>\u201c<em>La Rioja ha construido, durante d\u00e9cadas, un nombre propio en la vitivinicultura argentina. Nuestros vinos son embajadores de la provincia en el mundo, y debemos garantizar que sigan siendo sin\u00f3nimo de calidad y origen<\/em>\u201d, afirm\u00f3 el ministro.<\/p>\n\n\n\n<div style=\"height:32px\" aria-hidden=\"true\" class=\"wp-block-spacer\"><\/div>\n\n\n\n<p class=\"has-medium-font-size\"><strong>Preocupaci\u00f3n en el sector vitivin\u00edcola<\/strong><\/p>\n\n\n\n<p>La decisi\u00f3n del Gobierno nacional de derogar casi mil resoluciones del INV gener\u00f3 alarma en la industria vitivin\u00edcola. Expertos consultados por el diario local Nueva Rioja consideraron que si bien algunas normas estaban en desuso y su eliminaci\u00f3n puede reducir la burocracia, la <strong>desregulaci\u00f3n fue excesiva<\/strong> y <strong>pone en riesgo la trazabilidad del vino argentino<\/strong>, un aspecto clave para su comercializaci\u00f3n global.<\/p>\n\n\n\n<div style=\"height:38px\" aria-hidden=\"true\" class=\"wp-block-spacer\"><\/div>\n\n\n<div class=\"wp-block-image\">\n<figure class=\"aligncenter size-full is-resized\"><a href=\"https:\/\/enolife.com.ar\/es\/wp-content\/uploads\/2025\/06\/COSECHA-DE-UVA-EN-MENDOZA-2.jpg\" data-rel=\"penci-gallery-image-content\" ><img loading=\"lazy\" decoding=\"async\" width=\"983\" height=\"500\" src=\"https:\/\/enolife.com.ar\/es\/wp-content\/uploads\/2025\/06\/COSECHA-DE-UVA-EN-MENDOZA-2.jpg\" alt=\"\" class=\"wp-image-157869\" style=\"width:710px;height:auto\" srcset=\"https:\/\/enolife.com.ar\/es\/wp-content\/uploads\/2025\/06\/COSECHA-DE-UVA-EN-MENDOZA-2.jpg 983w, https:\/\/enolife.com.ar\/es\/wp-content\/uploads\/2025\/06\/COSECHA-DE-UVA-EN-MENDOZA-2-300x153.jpg 300w, https:\/\/enolife.com.ar\/es\/wp-content\/uploads\/2025\/06\/COSECHA-DE-UVA-EN-MENDOZA-2-768x391.jpg 768w, https:\/\/enolife.com.ar\/es\/wp-content\/uploads\/2025\/06\/COSECHA-DE-UVA-EN-MENDOZA-2-585x298.jpg 585w\" sizes=\"auto, (max-width: 983px) 100vw, 983px\" \/><\/a><\/figure><\/div>\n\n\n<div style=\"height:34px\" aria-hidden=\"true\" class=\"wp-block-spacer\"><\/div>\n\n\n\n<p>El presidente de la <strong>Corporaci\u00f3n Vitivin\u00edcola Argentina (Coviar)<\/strong>, <strong>Mario Gonz\u00e1lez<\/strong>, remarc\u00f3: <em>\u201cEstamos estudiando el impacto de m\u00e1s de 900 disposiciones que podr\u00edan modificar controles esenciales, como la trazabilidad y el registro del contenido alcoh\u00f3lico del vino&#8230; Son temas muy sensibles para garantizar la calidad del producto\u201d.<\/em><\/p>\n\n\n\n<p>A nivel provincial, el <strong>Instituto de Servicios Ambientales (ISA)<\/strong> ya incorpor\u00f3 nuevas metodolog\u00edas de an\u00e1lisis f\u00edsico-qu\u00edmicos y microbiol\u00f3gicos para <strong>asegurar la calidad y trazabilidad del vino riojano<\/strong>, una medida que se interpreta como un paso previo hacia la creaci\u00f3n del nuevo organismo provincial.<\/p>\n\n\n\n<p>La propuesta del Gobierno provincial busca <strong>blindar la reputaci\u00f3n del vino riojano<\/strong>, una de las principales econom\u00edas regionales, ante un escenario de incertidumbre institucional.<\/p>\n\n\n\n<p>\u201c<em>Defender nuestra producci\u00f3n es defender el trabajo riojano, la historia de nuestras bodegas y el futuro de un sector que genera desarrollo, arraigo y oportunidades\u201d<\/em>, concluy\u00f3 el ministro P\u00e9rez.<\/p>\n\n\n\n<div style=\"height:29px\" aria-hidden=\"true\" class=\"wp-block-spacer\"><\/div>\n\n\n\n<p class=\"has-small-font-size\"><em><strong>Fuente: Diario Nueva Rioja<\/strong><\/em><\/p>\n\n\n\n<div style=\"height:44px\" aria-hidden=\"true\" class=\"wp-block-spacer\"><\/div>\n\n\n\n<div style=\"height:40px\" aria-hidden=\"true\" class=\"wp-block-spacer\"><\/div>\n","protected":false},"excerpt":{"rendered":"<p>En el Ministerio de Producci\u00f3n y Ambiente de la tercera provincia argentina productora de vino&hellip;<\/p>\n","protected":false},"author":2,"featured_media":24734,"comment_status":"closed","ping_status":"open","sticky":false,"template":"","format":"standard","meta":{"footnotes":""},"categories":[14],"tags":[],"class_list":["post-169802","post","type-post","status-publish","format-standard","has-post-thumbnail","hentry","category-news"],"_links":{"self":[{"href":"https:\/\/enolife.com.ar\/es\/wp-json\/wp\/v2\/posts\/169802","targetHints":{"allow":["GET"]}}],"collection":[{"href":"https:\/\/enolife.com.ar\/es\/wp-json\/wp\/v2\/posts"}],"about":[{"href":"https:\/\/enolife.com.ar\/es\/wp-json\/wp\/v2\/types\/post"}],"author":[{"embeddable":true,"href":"https:\/\/enolife.com.ar\/es\/wp-json\/wp\/v2\/users\/2"}],"replies":[{"embeddable":true,"href":"https:\/\/enolife.com.ar\/es\/wp-json\/wp\/v2\/comments?post=169802"}],"version-history":[{"count":0,"href":"https:\/\/enolife.com.ar\/es\/wp-json\/wp\/v2\/posts\/169802\/revisions"}],"wp:featuredmedia":[{"embeddable":true,"href":"https:\/\/enolife.com.ar\/es\/wp-json\/wp\/v2\/media\/24734"}],"wp:attachment":[{"href":"https:\/\/enolife.com.ar\/es\/wp-json\/wp\/v2\/media?parent=169802"}],"wp:term":[{"taxonomy":"category","embeddable":true,"href":"https:\/\/enolife.com.ar\/es\/wp-json\/wp\/v2\/categories?post=169802"},{"taxonomy":"post_tag","embeddable":true,"href":"https:\/\/enolife.com.ar\/es\/wp-json\/wp\/v2\/tags?post=169802"}],"curies":[{"name":"wp","href":"https:\/\/api.w.org\/{rel}","templated":true}]}}