{"id":169767,"date":"2025-11-15T15:49:43","date_gmt":"2025-11-15T15:49:43","guid":{"rendered":"https:\/\/enolife.com.ar\/es\/?p=169767"},"modified":"2025-11-17T21:15:14","modified_gmt":"2025-11-17T21:15:14","slug":"fiesta-de-la-olivicultura-el-21-11-maipu-celebra-al-arauco-variedad-autoctona-de-olivo-de-argentina","status":"publish","type":"post","link":"https:\/\/enolife.com.ar\/es\/fiesta-de-la-olivicultura-el-21-11-maipu-celebra-al-arauco-variedad-autoctona-de-olivo-de-argentina\/","title":{"rendered":"Fiesta de la Olivicultura: el 21\/11 Maip\u00fa celebra al Arauco, variedad aut\u00f3ctona de olivo de Argentina"},"content":{"rendered":"\n<h4 class=\"wp-block-heading\"><em><strong>La variedad de olivo Arauco, que se cultiva en toda Mendoza y particularmente en el departamento de Maip\u00fa, se utiliza tanto para hacer aceite de oliva virgen extra (AOVE) como aceitunas de mesa. Por su amargor y picor equilibrados, da un producto de excelente calidad. Y por requisito de Denominaci\u00f3n de Origen Mendoza, hay que incluir al menos un 20% de esta variedad en los blends de AOVE. El 21 de noviembre pr\u00f3ximo, este varietal emblem\u00e1tico de Argentina tendr\u00e1 su homenaje en la Fiesta Provincial de la Olivicultura que se realizar\u00e1 en el Hotel Arena Maip\u00fa.<\/strong><\/em><\/h4>\n\n\n\n<div style=\"height:35px\" aria-hidden=\"true\" class=\"wp-block-spacer\"><\/div>\n\n\n\n\n\n<div style=\"height:35px\" aria-hidden=\"true\" class=\"wp-block-spacer\"><\/div>\n\n\n\n<p>La <strong>XXV\u00b0 Fiesta Provincial De La Olivicultura<\/strong> se realizar\u00e1 el <strong>viernes 21\/11<\/strong> de 19 a 22 hs en el <strong>Hotel Arena Maip\u00fa.<\/strong><\/p>\n\n\n<div class=\"wp-block-image\">\n<figure class=\"alignleft size-full is-resized\"><a href=\"https:\/\/enolife.com.ar\/es\/wp-content\/uploads\/2025\/11\/WhatsApp-Image-2025-11-12-at-15.39.47.jpeg\" data-rel=\"penci-gallery-image-content\" ><img loading=\"lazy\" decoding=\"async\" width=\"400\" height=\"600\" src=\"https:\/\/enolife.com.ar\/es\/wp-content\/uploads\/2025\/11\/WhatsApp-Image-2025-11-12-at-15.39.47.jpeg\" alt=\"\" class=\"wp-image-169773\" style=\"width:238px;height:auto\" srcset=\"https:\/\/enolife.com.ar\/es\/wp-content\/uploads\/2025\/11\/WhatsApp-Image-2025-11-12-at-15.39.47.jpeg 400w, https:\/\/enolife.com.ar\/es\/wp-content\/uploads\/2025\/11\/WhatsApp-Image-2025-11-12-at-15.39.47-200x300.jpeg 200w\" sizes=\"auto, (max-width: 400px) 100vw, 400px\" \/><\/a><\/figure><\/div>\n\n\n<p>La Municipalidad de Maip\u00fa junto a <strong>Fundaci\u00f3n Seminare<\/strong>, la Escuela Internacional de Gastonom\u00eda, Hoteler\u00eda y Turismo \u201cIslas Malvinas\u201d, la Universidad Maza, la Asociaci\u00f3n Argentina de Sommeliers de Aceites de Oliva, la C\u00e1mara Oliv\u00edcola de Mendoza y Oleovid Finca Escuela, organizan esta fiesta. En este XXV\u00b0 aniversario impulsar\u00e1n un reconocimiento al olivo m\u00e1s emblem\u00e1tico de la Argentina, s\u00edmbolo de identidad y excelencia sensorial: el varietal Arauco.<br><br>En las fincas de <strong>Maip\u00fa<\/strong>, donde los olivares dibujan la historia agr\u00edcola de Mendoza, hay un nombre que resuena con fuerza propia: Arauco. Este varietal ha sido reconocido por el <strong>Consejo Ole\u00edcola Internacional<\/strong>, como una variedad aut\u00f3ctona. Su car\u00e1cter vigoroso, su importante fruto, su aceite de perfil verde y arm\u00f3nico, representa el ADN de la olivicultura argentina.<\/p>\n\n\n\n<p>En homenaje a ese legado, la provincia se prepara para vivir una nueva edici\u00f3n de la Fiesta Provincial de la Olivicultura.<\/p>\n\n\n\n<div style=\"height:35px\" aria-hidden=\"true\" class=\"wp-block-spacer\"><\/div>\n\n\n\n<p class=\"has-medium-font-size\"><strong>&nbsp;Un s\u00edmbolo de identidad mendocina<\/strong><\/p>\n\n\n\n<p>El <strong>Arauco<\/strong>, tambi\u00e9n conocido como \u201ccriolla\u201d, tiene sus ra\u00edces hist\u00f3ricas que se remontan al siglo XIX. Su fruto grande, su aceite de personalidad firme y su adaptaci\u00f3n al clima mendocino lo convirtieron en un emblema regional.<\/p>\n\n\n\n<p>Durante la Fiesta Provincial de la Olivicultura, este a\u00f1o el olivo varietal Arauco ser\u00e1 el protagonista central: se dar\u00e1 inicio al programa <strong>\u201cM\u00e1s Araucos para Mendoza\u201d,<\/strong> programa que revaloriza a este emblem\u00e1tico varietal, teniendo como cuna al departamento de Maip\u00fa, departamento oliv\u00edcola por naturaleza, tradici\u00f3n y terru\u00f1o, programa coordinado por Fundaci\u00f3n Seminare, para impulsar la plantaci\u00f3n, investigaci\u00f3n y valorizaci\u00f3n del varietal a trav\u00e9s de acciones conjuntas entre el sector p\u00fablico, acad\u00e9mico y privado.<\/p>\n\n\n\n<div style=\"height:35px\" aria-hidden=\"true\" class=\"wp-block-spacer\"><\/div>\n\n\n\n<figure class=\"wp-block-gallery has-nested-images columns-default is-cropped wp-block-gallery-1 is-layout-flex wp-block-gallery-is-layout-flex\">\n<figure class=\"wp-block-image size-full\"><a href=\"https:\/\/enolife.com.ar\/es\/wp-content\/uploads\/2025\/11\/Screenshot_20240221_154021_Instagram.jpg\" data-rel=\"penci-gallery-image-content\" ><img loading=\"lazy\" decoding=\"async\" width=\"564\" height=\"400\" data-id=\"169775\" src=\"https:\/\/enolife.com.ar\/es\/wp-content\/uploads\/2025\/11\/Screenshot_20240221_154021_Instagram.jpg\" alt=\"\" class=\"wp-image-169775\" srcset=\"https:\/\/enolife.com.ar\/es\/wp-content\/uploads\/2025\/11\/Screenshot_20240221_154021_Instagram.jpg 564w, https:\/\/enolife.com.ar\/es\/wp-content\/uploads\/2025\/11\/Screenshot_20240221_154021_Instagram-300x213.jpg 300w\" sizes=\"auto, (max-width: 564px) 100vw, 564px\" \/><\/a><\/figure>\n\n\n\n<figure class=\"wp-block-image size-full\"><a href=\"https:\/\/enolife.com.ar\/es\/wp-content\/uploads\/2025\/11\/Aceitunas-arauco-jpg.jpg\" data-rel=\"penci-gallery-image-content\" ><img loading=\"lazy\" decoding=\"async\" width=\"500\" height=\"322\" data-id=\"169776\" src=\"https:\/\/enolife.com.ar\/es\/wp-content\/uploads\/2025\/11\/Aceitunas-arauco-jpg.jpg\" alt=\"\" class=\"wp-image-169776\" srcset=\"https:\/\/enolife.com.ar\/es\/wp-content\/uploads\/2025\/11\/Aceitunas-arauco-jpg.jpg 500w, https:\/\/enolife.com.ar\/es\/wp-content\/uploads\/2025\/11\/Aceitunas-arauco-jpg-300x193.jpg 300w\" sizes=\"auto, (max-width: 500px) 100vw, 500px\" \/><\/a><\/figure>\n<\/figure>\n\n\n\n<p>&nbsp;<\/p>\n\n\n\n<div style=\"height:35px\" aria-hidden=\"true\" class=\"wp-block-spacer\"><\/div>\n\n\n\n<p><em>\u201cEl varietal Arauco no es s\u00f3lo una variedad: es una historia viva, una identidad y una oportunidad de desarrollo sostenible. Su preservaci\u00f3n y expansi\u00f3n son parte del futuro de la olivicultura mendocina\u201d <\/em>expres\u00f3 la profesora <strong>Stella Vannucci, vicepresidente de Fundaci\u00f3n Seminare.<\/strong><\/p>\n\n\n\n<p>Este programa surge por la imperiosa necesidad de conservar el varietal Arauco en el departamento de Maip\u00fa, Mendoza y de all\u00ed al mundo. Fundamentalmente teniendo en cuenta la <strong>IG Mendoza<\/strong>, donde al menos el 20% del blend de AOVE debe ser de la variedad Arauco para poder recibir la certificaci\u00f3n. Este programa es apoyado por las instituciones que forman parte de la organizaci\u00f3n de la Fiesta Provincial de la Olivicultura, que cuenta con el auspicio de \u201cVivero Productora\u201d de Mendoza.<\/p>\n\n\n\n<div style=\"height:35px\" aria-hidden=\"true\" class=\"wp-block-spacer\"><\/div>\n\n\n\n<p class=\"has-medium-font-size\"><strong>Premios CuyOliva Internacional<\/strong><\/p>\n\n\n\n<p>Este concurso tiene por objeto calificar y difundir en Argentina y en el resto del mundo, la alta calidad de Aceites de Oliva Virgen Extra que se producen en Mendoza y en nuestro pa\u00eds.<\/p>\n\n\n\n<div style=\"height:35px\" aria-hidden=\"true\" class=\"wp-block-spacer\"><\/div>\n\n\n\n<figure class=\"wp-block-gallery has-nested-images columns-default is-cropped wp-block-gallery-2 is-layout-flex wp-block-gallery-is-layout-flex\">\n<figure class=\"wp-block-image size-full\"><a href=\"https:\/\/enolife.com.ar\/es\/wp-content\/uploads\/2025\/11\/IMG-20230618-WA0049.jpg\" data-rel=\"penci-gallery-image-content\" ><img loading=\"lazy\" decoding=\"async\" width=\"500\" height=\"425\" data-id=\"169779\" src=\"https:\/\/enolife.com.ar\/es\/wp-content\/uploads\/2025\/11\/IMG-20230618-WA0049.jpg\" alt=\"\" class=\"wp-image-169779\" srcset=\"https:\/\/enolife.com.ar\/es\/wp-content\/uploads\/2025\/11\/IMG-20230618-WA0049.jpg 500w, https:\/\/enolife.com.ar\/es\/wp-content\/uploads\/2025\/11\/IMG-20230618-WA0049-300x255.jpg 300w\" sizes=\"auto, (max-width: 500px) 100vw, 500px\" \/><\/a><\/figure>\n\n\n\n<figure class=\"wp-block-image size-full\"><a href=\"https:\/\/enolife.com.ar\/es\/wp-content\/uploads\/2025\/11\/294ac916-e1c1-4bcf-9078-1eac013d72f3.jpg\" data-rel=\"penci-gallery-image-content\" ><img loading=\"lazy\" decoding=\"async\" width=\"500\" height=\"440\" data-id=\"169780\" src=\"https:\/\/enolife.com.ar\/es\/wp-content\/uploads\/2025\/11\/294ac916-e1c1-4bcf-9078-1eac013d72f3.jpg\" alt=\"\" class=\"wp-image-169780\" srcset=\"https:\/\/enolife.com.ar\/es\/wp-content\/uploads\/2025\/11\/294ac916-e1c1-4bcf-9078-1eac013d72f3.jpg 500w, https:\/\/enolife.com.ar\/es\/wp-content\/uploads\/2025\/11\/294ac916-e1c1-4bcf-9078-1eac013d72f3-300x264.jpg 300w\" sizes=\"auto, (max-width: 500px) 100vw, 500px\" \/><\/a><\/figure>\n<\/figure>\n\n\n\n<div style=\"height:35px\" aria-hidden=\"true\" class=\"wp-block-spacer\"><\/div>\n\n\n\n<p>En el mismo compiten&nbsp; muestras nacionales y del extranjero&nbsp; de Aceites de Oliva Virgen Extra.<br>Todos los a\u00f1os, <strong>Fundaci\u00f3n Seminare<\/strong> se encarga de la promoci\u00f3n, recepci\u00f3n, custodia de las muestras, las cuales son valoradas por el panel de cata de Fundaci\u00f3n Seminare constituido por sommeliers de aceites de 0liva, profesionales altamente capacitados y entrenados para tan importante tarea. La valoraci\u00f3n sensorial de las muestras presentadas se realiza en la cava de la Escuela Internacional de Gastronom\u00eda, Hoteler\u00eda y Turismo \u201cIslas Malvinas\u201d. Los premios se entregar\u00e1n en el marco de la \u00abFiesta Provincial de la Olivicultura\u00bb.<\/p>\n\n\n\n<div style=\"height:35px\" aria-hidden=\"true\" class=\"wp-block-spacer\"><\/div>\n\n\n\n<p class=\"has-medium-font-size\"><strong>Entrega de distinciones<\/strong><\/p>\n\n\n\n<p>En la oportunidad se har\u00e1 entrega de la Distinci\u00f3n <strong>\u201cGuardi\u00e1n de los Olivos 2025\u201d<\/strong>, que consiste en un Diploma de Honor donde se ha reproducido la pintura del artista pl\u00e1stico mendocino <strong>Miguel \u00c1ngel Marchionni<\/strong> para reconocer las personas que demuestran una preocupaci\u00f3n especial por el olivo y sus productos.<\/p>\n\n\n\n<div style=\"height:35px\" aria-hidden=\"true\" class=\"wp-block-spacer\"><\/div>\n\n\n\n<p class=\"has-medium-font-size\"><strong>Elecci\u00f3n de la Reina Provincial del Olivo 2026<\/strong><\/p>\n\n\n\n<p>La fiesta culminar\u00e1 con la elecci\u00f3n de la nueva<strong> Reina Provincial del Olivo 2026,<\/strong> destacando que desde 2020 se resolvi\u00f3 que para ser Reina del Olivicultura, las candidatas deben ser sommeliers de aceites de oliva, para lo cual Fundaci\u00f3n Seminare les otorga una beca, por la cual durante tres meses deben estudiar, rendir y aprobar los cursos de Sommelier de Aceites de Oliva.<\/p>\n\n\n\n<div style=\"height:35px\" aria-hidden=\"true\" class=\"wp-block-spacer\"><\/div>\n\n\n\n<figure class=\"wp-block-gallery has-nested-images columns-default is-cropped wp-block-gallery-3 is-layout-flex wp-block-gallery-is-layout-flex\">\n<figure class=\"wp-block-image size-full\"><a href=\"https:\/\/enolife.com.ar\/es\/wp-content\/uploads\/2025\/11\/aaaa-1024x440-2.jpg\" data-rel=\"penci-gallery-image-content\" ><img loading=\"lazy\" decoding=\"async\" width=\"487\" height=\"417\" data-id=\"169784\" src=\"https:\/\/enolife.com.ar\/es\/wp-content\/uploads\/2025\/11\/aaaa-1024x440-2.jpg\" alt=\"\" class=\"wp-image-169784\" srcset=\"https:\/\/enolife.com.ar\/es\/wp-content\/uploads\/2025\/11\/aaaa-1024x440-2.jpg 487w, https:\/\/enolife.com.ar\/es\/wp-content\/uploads\/2025\/11\/aaaa-1024x440-2-300x257.jpg 300w\" sizes=\"auto, (max-width: 487px) 100vw, 487px\" \/><\/a><\/figure>\n\n\n\n<figure class=\"wp-block-image size-full\"><a href=\"https:\/\/enolife.com.ar\/es\/wp-content\/uploads\/2025\/11\/reinas-1.jpg\" data-rel=\"penci-gallery-image-content\" ><img loading=\"lazy\" decoding=\"async\" width=\"400\" height=\"419\" data-id=\"169785\" src=\"https:\/\/enolife.com.ar\/es\/wp-content\/uploads\/2025\/11\/reinas-1.jpg\" alt=\"\" class=\"wp-image-169785\" srcset=\"https:\/\/enolife.com.ar\/es\/wp-content\/uploads\/2025\/11\/reinas-1.jpg 400w, https:\/\/enolife.com.ar\/es\/wp-content\/uploads\/2025\/11\/reinas-1-286x300.jpg 286w\" sizes=\"auto, (max-width: 400px) 100vw, 400px\" \/><\/a><\/figure>\n<\/figure>\n\n\n\n<div style=\"height:35px\" aria-hidden=\"true\" class=\"wp-block-spacer\"><\/div>\n\n\n\n<p>La XXV\u00b0 Fiesta Provincial de la Olivicultura ser\u00e1 as\u00ed mucho m\u00e1s que una celebraci\u00f3n: se transformar\u00e1 en un espacio de proyecci\u00f3n. Maip\u00fa, tierra de olivares, reafirmar\u00e1 su compromiso con el origen, la calidad, el paisaje y la sustentabilidad, haciendo del olivo varietal Arauco un emblema que une historia, territorio y excelencia.<\/p>\n\n\n\n<div style=\"height:35px\" aria-hidden=\"true\" class=\"wp-block-spacer\"><\/div>\n\n\n\n<p class=\"has-medium-font-size\"><strong>Antecedentes<\/strong><\/p>\n\n\n\n<p>1. En el <strong>Exp. 18-C-05, el 14 de enero de 2005, la Subsecretar\u00eda de Turismo de la Provincia<\/strong> declar\u00f3 de <strong>Inter\u00e9s Tur\u00edstico<\/strong> la <strong>\u00abFiesta Provincial de la Olivicultura\u00bb<\/strong>.<\/p>\n\n\n\n<p>2. Desde hace 25 a\u00f1os se realiaza la elecci\u00f3n de la <strong>Reina Provincial de la Olivicultura<\/strong>, y este a\u00f1o se realizar\u00e1 la elecci\u00f3n de la Reina Provincial del Olivo 2026.<\/p>\n\n\n\n<p>3. Desde 2007, en forma ininterrumpida, se realiza e<strong>l Concurso Internacional de Aceite de Oliva, CuyOliva<\/strong>, en el que participan con sus aceites de oliva empresas de Espa\u00f1a, Uruguay y de las distintas provincias oliv\u00edcolas de Argentina. Y los ganadores viajan a Mendoza todos los a\u00f1os a recibir sus premios durante la <strong>Fiesta Provincial de la Olivicultura.<\/strong><\/p>\n\n\n\n<p>4. Desde el a\u00f1o 2020 se resolvi\u00f3 que para ser Reina del Olivicultura, las candidatas deben ser sommeliers de Aceites de Oliva, para lo cual Fundaci\u00f3n Seminare les da una beca y durante tres meses deben estudiar, rendir y aprobar los Cursos de Sommelier de Aceites de Oliva.<\/p>\n\n\n\n<div style=\"height:35px\" aria-hidden=\"true\" class=\"wp-block-spacer\"><\/div>\n","protected":false},"excerpt":{"rendered":"<p>La variedad de olivo Arauco, que se cultiva en toda Mendoza y particularmente en el&hellip;<\/p>\n","protected":false},"author":2,"featured_media":169772,"comment_status":"closed","ping_status":"open","sticky":false,"template":"","format":"standard","meta":{"footnotes":""},"categories":[47],"tags":[],"class_list":["post-169767","post","type-post","status-publish","format-standard","has-post-thumbnail","hentry","category-agenda"],"_links":{"self":[{"href":"https:\/\/enolife.com.ar\/es\/wp-json\/wp\/v2\/posts\/169767","targetHints":{"allow":["GET"]}}],"collection":[{"href":"https:\/\/enolife.com.ar\/es\/wp-json\/wp\/v2\/posts"}],"about":[{"href":"https:\/\/enolife.com.ar\/es\/wp-json\/wp\/v2\/types\/post"}],"author":[{"embeddable":true,"href":"https:\/\/enolife.com.ar\/es\/wp-json\/wp\/v2\/users\/2"}],"replies":[{"embeddable":true,"href":"https:\/\/enolife.com.ar\/es\/wp-json\/wp\/v2\/comments?post=169767"}],"version-history":[{"count":0,"href":"https:\/\/enolife.com.ar\/es\/wp-json\/wp\/v2\/posts\/169767\/revisions"}],"wp:featuredmedia":[{"embeddable":true,"href":"https:\/\/enolife.com.ar\/es\/wp-json\/wp\/v2\/media\/169772"}],"wp:attachment":[{"href":"https:\/\/enolife.com.ar\/es\/wp-json\/wp\/v2\/media?parent=169767"}],"wp:term":[{"taxonomy":"category","embeddable":true,"href":"https:\/\/enolife.com.ar\/es\/wp-json\/wp\/v2\/categories?post=169767"},{"taxonomy":"post_tag","embeddable":true,"href":"https:\/\/enolife.com.ar\/es\/wp-json\/wp\/v2\/tags?post=169767"}],"curies":[{"name":"wp","href":"https:\/\/api.w.org\/{rel}","templated":true}]}}