{"id":169668,"date":"2025-11-12T00:32:02","date_gmt":"2025-11-12T00:32:02","guid":{"rendered":"https:\/\/enolife.com.ar\/es\/?p=169668"},"modified":"2025-11-13T15:01:48","modified_gmt":"2025-11-13T15:01:48","slug":"los-pequenos-vinateros-mendocinos-estan-en-crisis-por-los-bajos-precios-y-la-falta-de-rentabilidad","status":"publish","type":"post","link":"https:\/\/enolife.com.ar\/es\/los-pequenos-vinateros-mendocinos-estan-en-crisis-por-los-bajos-precios-y-la-falta-de-rentabilidad\/","title":{"rendered":"Los peque\u00f1os vi\u00f1ateros mendocinos est\u00e1n en crisis por los bajos precios y la falta de rentabilidad"},"content":{"rendered":"\n<h4 class=\"wp-block-heading\"><em><strong>En el panel vitivin\u00edcola de la Feria Agro Industrial 2025, realizada recientemente en el departamento de Rivadavia, Mendoza, el presidente de la Asociaci\u00f3n de Vi\u00f1ateros de Mendoza (AVM), Eduardo C\u00f3rdoba, expuso un diagn\u00f3stico profundo sobre la dura realidad que atraviesa el sector productivo provincial.<\/strong><\/em><\/h4>\n\n\n\n<div style=\"height:35px\" aria-hidden=\"true\" class=\"wp-block-spacer\"><\/div>\n\n\n<a href=\"https:\/\/www.parsecsrl.net\/es\/extraccion-selectiva-tintos\/\" aria-label=\"banner1700x500-rev-9\"><img loading=\"lazy\" decoding=\"async\" src=\"https:\/\/enolife.com.ar\/es\/wp-content\/uploads\/2022\/04\/banner1700x500-rev-9.gif\" alt=\"\"  width=\"1700\" height=\"500\"   \/><\/a>\n\n\n<div style=\"height:45px\" aria-hidden=\"true\" class=\"wp-block-spacer\"><\/div>\n\n\n\n<p><strong>Eduardo C\u00f3rdoba<\/strong>, presidente de la <strong>Asociaci\u00f3n de Vi\u00f1ateros Mendocinos (AVM) <\/strong>destac\u00f3 los desaf\u00edos estructurales que enfrentan los peque\u00f1os productores, especialmente en torno a los precios, la desigualdad dentro de la cadena de valor y la dependencia del mercado interno, factores que ponen en riesgo el tejido social en todos los oasis productivos de <strong>Mendoza.<\/strong><\/p>\n\n\n\n<div style=\"height:35px\" aria-hidden=\"true\" class=\"wp-block-spacer\"><\/div>\n\n\n<div class=\"wp-block-image\">\n<figure class=\"aligncenter size-full is-resized\"><a href=\"https:\/\/enolife.com.ar\/es\/wp-content\/uploads\/2025\/11\/WhatsApp-Image-2025-11-11-at-12.32.20.jpeg\" data-rel=\"penci-gallery-image-content\" ><img loading=\"lazy\" decoding=\"async\" width=\"792\" height=\"400\" src=\"https:\/\/enolife.com.ar\/es\/wp-content\/uploads\/2025\/11\/WhatsApp-Image-2025-11-11-at-12.32.20.jpeg\" alt=\"\" class=\"wp-image-169671\" style=\"width:722px;height:auto\" srcset=\"https:\/\/enolife.com.ar\/es\/wp-content\/uploads\/2025\/11\/WhatsApp-Image-2025-11-11-at-12.32.20.jpeg 792w, https:\/\/enolife.com.ar\/es\/wp-content\/uploads\/2025\/11\/WhatsApp-Image-2025-11-11-at-12.32.20-300x152.jpeg 300w, https:\/\/enolife.com.ar\/es\/wp-content\/uploads\/2025\/11\/WhatsApp-Image-2025-11-11-at-12.32.20-768x388.jpeg 768w, https:\/\/enolife.com.ar\/es\/wp-content\/uploads\/2025\/11\/WhatsApp-Image-2025-11-11-at-12.32.20-585x295.jpeg 585w\" sizes=\"auto, (max-width: 792px) 100vw, 792px\" \/><\/a><\/figure><\/div>\n\n\n<div style=\"height:35px\" aria-hidden=\"true\" class=\"wp-block-spacer\"><\/div>\n\n\n\n<p><em>\u201cDebemos articular los eslabones de la cadena para generar equidad entre elaboradores y comercializadores. Se necesita una regulaci\u00f3n que permita mecanismos de redistribuci\u00f3n de ingresos y una rentabilidad b\u00e1sica para sostener la producci\u00f3n\u201d<\/em>, afirm\u00f3 el titular de AVM.<\/p>\n\n\n\n<p>Durante su intervenci\u00f3n, C\u00f3rdoba llam\u00f3 a que las ONG de la producci\u00f3n busquen unirse para defenderse y al gobierno de Mendoza para que en conjunto redoblen esfuerzos y mejoren los ingresos reales del sector. Pidi\u00f3 adem\u00e1s que a nivel nacional se adopten medidas que contemplen un tipo de cambio m\u00e1s favorable y un Estado facilitador de la actividad en los vi\u00f1edos y en los trabajadores de las vi\u00f1as.<\/p>\n\n\n\n<p>Asimismo, alert\u00f3 sobre la competencia desigual con vinos provenientes de <strong>Chile<\/strong> y <strong>Europa<\/strong>, que cuentan con una carga fiscal menor o subsidios a la producci\u00f3n. En ese sentido, reclam\u00f3 acceso a financiamiento mediante cr\u00e9ditos selectivos y pol\u00edticas de promoci\u00f3n regional compatibles con el equilibrio fiscal.<\/p>\n\n\n\n<div style=\"height:35px\" aria-hidden=\"true\" class=\"wp-block-spacer\"><\/div>\n\n\n\n<p class=\"has-medium-font-size\"><strong>\u201cNos deben dejar llegar a la cosecha\u201d<\/strong><\/p>\n\n\n\n<p>El dirigente tambi\u00e9n se refiri\u00f3 a las dificultades energ\u00e9ticas e impositivas que atraviesan los vi\u00f1ateros y asegur\u00f3 que <em>\u201cnos deben sacar el pie de la cabeza hasta que podamos cosechar en los pr\u00f3ximos tres o cuatro meses\u201d<\/em>. Solicit\u00f3 un cese urgente a corto plazo de los cortes de energ\u00eda en la provincia, con un margen de espera mayor antes de suspender el riego por parte del <strong>Departamento General de Irrigaci\u00f3n<\/strong> y que la <strong>Asociaci\u00f3n Tributaria Mendoza (ATM) <\/strong>detenga la presi\u00f3n fiscal sobre los productores hasta la cosecha.<\/p>\n\n\n\n<p>El encuentro, organizado por la comuna de Rivadavia, en la zona Este de Mendoza, dio inicio a una nueva edici\u00f3n de la <strong>Feria Agro Industrial 2025,<\/strong> evento que durante los d\u00edas 7 y 8 de noviembe pasado se desarroll\u00f3 con charlas de capacitaci\u00f3n, exposiciones de productos y espacios de intercambio sobre innovaci\u00f3n, producci\u00f3n y desarrollo. En la primera jornada, en la que expuso C\u00f3rdoba, los ejes centrales fueron la situaci\u00f3n vitivin\u00edcola, el consumo de vino y las econom\u00edas verdes, marcando el pulso de una feria que se consolida como referencia provincial en materia agroindustrial.<\/p>\n\n\n\n<div style=\"height:26px\" aria-hidden=\"true\" class=\"wp-block-spacer\"><\/div>\n\n\n\n<p class=\"has-small-font-size\"><em><strong>Fuente: Asociaci\u00f3n de Vi\u00f1ateros de Mendoza (AVM)<\/strong><\/em><\/p>\n\n\n\n<div style=\"height:30px\" aria-hidden=\"true\" class=\"wp-block-spacer\"><\/div>\n\n\n\n<div style=\"height:35px\" aria-hidden=\"true\" class=\"wp-block-spacer\"><\/div>\n","protected":false},"excerpt":{"rendered":"<p>En el panel vitivin\u00edcola de la Feria Agro Industrial 2025, realizada recientemente en el departamento&hellip;<\/p>\n","protected":false},"author":2,"featured_media":169673,"comment_status":"closed","ping_status":"open","sticky":false,"template":"","format":"standard","meta":{"footnotes":""},"categories":[14],"tags":[],"class_list":["post-169668","post","type-post","status-publish","format-standard","has-post-thumbnail","hentry","category-news"],"_links":{"self":[{"href":"https:\/\/enolife.com.ar\/es\/wp-json\/wp\/v2\/posts\/169668","targetHints":{"allow":["GET"]}}],"collection":[{"href":"https:\/\/enolife.com.ar\/es\/wp-json\/wp\/v2\/posts"}],"about":[{"href":"https:\/\/enolife.com.ar\/es\/wp-json\/wp\/v2\/types\/post"}],"author":[{"embeddable":true,"href":"https:\/\/enolife.com.ar\/es\/wp-json\/wp\/v2\/users\/2"}],"replies":[{"embeddable":true,"href":"https:\/\/enolife.com.ar\/es\/wp-json\/wp\/v2\/comments?post=169668"}],"version-history":[{"count":0,"href":"https:\/\/enolife.com.ar\/es\/wp-json\/wp\/v2\/posts\/169668\/revisions"}],"wp:featuredmedia":[{"embeddable":true,"href":"https:\/\/enolife.com.ar\/es\/wp-json\/wp\/v2\/media\/169673"}],"wp:attachment":[{"href":"https:\/\/enolife.com.ar\/es\/wp-json\/wp\/v2\/media?parent=169668"}],"wp:term":[{"taxonomy":"category","embeddable":true,"href":"https:\/\/enolife.com.ar\/es\/wp-json\/wp\/v2\/categories?post=169668"},{"taxonomy":"post_tag","embeddable":true,"href":"https:\/\/enolife.com.ar\/es\/wp-json\/wp\/v2\/tags?post=169668"}],"curies":[{"name":"wp","href":"https:\/\/api.w.org\/{rel}","templated":true}]}}