{"id":169623,"date":"2025-11-14T20:58:28","date_gmt":"2025-11-14T20:58:28","guid":{"rendered":"https:\/\/enolife.com.ar\/es\/?p=169623"},"modified":"2025-11-15T15:49:21","modified_gmt":"2025-11-15T15:49:21","slug":"personal-de-8-bodegas-saltenas-se-capacito-para-optimizar-su-desempeno-en-procesos-productivos","status":"publish","type":"post","link":"https:\/\/enolife.com.ar\/es\/personal-de-8-bodegas-saltenas-se-capacito-para-optimizar-su-desempeno-en-procesos-productivos\/","title":{"rendered":"Personal de 8 bodegas salte\u00f1as se capacit\u00f3 para optimizar su desempe\u00f1o en procesos productivos"},"content":{"rendered":"\n<h4 class=\"wp-block-heading\"><em><strong>La fundaci\u00f3n Formarg llev\u00f3 a cabo su tercera edici\u00f3n del ciclo de capacitaciones para la formaci\u00f3n de personal de vi\u00f1as y bodegas, esta vez en Cafayate, Salta. El objetivo fue que los participantes desarrollasen criterios que les permitan tomar decisiones y obtener mayor autonom\u00eda y confianza. Participaron empleados de Recursos Humanos de las bodegas Domingo Hermanos, AMSA, Tukma, Amalaya, Yacochuya, Vi\u00f1as en Flor, Nueve Cumbres, Paco Puga y Familia.<\/strong><\/em><\/h4>\n\n\n\n<div style=\"height:35px\" aria-hidden=\"true\" class=\"wp-block-spacer\"><\/div>\n\n\n\n\n\n<div style=\"height:45px\" aria-hidden=\"true\" class=\"wp-block-spacer\"><\/div>\n\n\n\n<p>La<strong> tercera edici\u00f3n del ciclo \u00abFormaci\u00f3n para personal de bodegas\u00bb<\/strong>, de la <strong>Fundaci\u00f3n Formarg<\/strong>, se llev\u00f3 a cabo del <strong>3 al 7 de noviembre en la Bodega Domingo Hermanos<\/strong>, de <strong>Cafayate<\/strong>, <strong>Salta<\/strong>. Durante 5 jornadas te\u00f3rico-pr\u00e1cticas, se abordaron temas clave del proceso productivo:<\/p>\n\n\n\n<ul class=\"wp-block-list\">\n<li>Equipos de alto desempe\u00f1o<\/li>\n\n\n\n<li>Crianza y gesti\u00f3n de gases del vino<\/li>\n\n\n\n<li>Limpieza y desinfecci\u00f3n<\/li>\n\n\n\n<li>Operaciones de estabilizaci\u00f3n<\/li>\n\n\n\n<li>Afluentes y efluentes<\/li>\n\n\n\n<li>Gesti\u00f3n de residuos<\/li>\n\n\n\n<li>Normas de calidad<\/li>\n\n\n\n<li>Seguridad e higiene<\/li>\n\n\n\n<li>Rol del encargado versus la necesidad de la bodega <\/li>\n\n\n\n<li>Autonom\u00eda en los puestos de trabajo <\/li>\n<\/ul>\n\n\n\n<p>Seg\u00fan los organizadores, el espacio <em>\u00abest\u00e1 pensado para quienes d\u00eda a d\u00eda forman parte del coraz\u00f3n de la industria vitivin\u00edcola, con la finalidad de<\/em> <em>generar un cambio cultural y sacar a los trabajadores de sus realidades cotidianas, que conozcan otros colegas, intercambien experiencias y fortalezcan su motivaci\u00f3n y v\u00ednculo con el rol que desempe\u00f1an<\/em>\u00ab.<\/p>\n\n\n\n<div style=\"height:35px\" aria-hidden=\"true\" class=\"wp-block-spacer\"><\/div>\n\n\n<div class=\"wp-block-image\">\n<figure class=\"aligncenter size-full is-resized\"><a href=\"https:\/\/enolife.com.ar\/es\/wp-content\/uploads\/2025\/11\/WhatsApp-Image-2025-11-04-at-18.16.46.jpeg\" data-rel=\"penci-gallery-image-content\" ><img loading=\"lazy\" decoding=\"async\" width=\"681\" height=\"400\" src=\"https:\/\/enolife.com.ar\/es\/wp-content\/uploads\/2025\/11\/WhatsApp-Image-2025-11-04-at-18.16.46.jpeg\" alt=\"\" class=\"wp-image-169796\" style=\"width:665px;height:auto\" srcset=\"https:\/\/enolife.com.ar\/es\/wp-content\/uploads\/2025\/11\/WhatsApp-Image-2025-11-04-at-18.16.46.jpeg 681w, https:\/\/enolife.com.ar\/es\/wp-content\/uploads\/2025\/11\/WhatsApp-Image-2025-11-04-at-18.16.46-300x176.jpeg 300w, https:\/\/enolife.com.ar\/es\/wp-content\/uploads\/2025\/11\/WhatsApp-Image-2025-11-04-at-18.16.46-585x344.jpeg 585w\" sizes=\"auto, (max-width: 681px) 100vw, 681px\" \/><\/a><figcaption class=\"wp-element-caption\"><em><strong>Gabriel Bloise, Pamela Federici y Ricardo Godoy, creadores de Formarg.<\/strong><\/em><\/figcaption><\/figure><\/div>\n\n\n<div style=\"height:35px\" aria-hidden=\"true\" class=\"wp-block-spacer\"><\/div>\n\n\n\n<p>De este modo, cada participante puede adquirir herramientas para lograr procesos productivos m\u00e1s eficientes y eficaces. El objetivo es empoderarlos en el rol que ocupan desde una mirada distinta y aprenden el \u00abpor qu\u00e9 y para qu\u00e9\u00bb de las tareas que llevan a cabo.<\/p>\n\n\n\n<div style=\"height:35px\" aria-hidden=\"true\" class=\"wp-block-spacer\"><\/div>\n\n\n<div class=\"wp-block-image\">\n<figure class=\"aligncenter size-large is-resized\"><a href=\"https:\/\/enolife.com.ar\/es\/wp-content\/uploads\/2025\/11\/WhatsApp-Image-2025-11-12-at-11.28.44-1.jpeg\" data-rel=\"penci-gallery-image-content\" ><img loading=\"lazy\" decoding=\"async\" width=\"908\" height=\"1024\" src=\"https:\/\/enolife.com.ar\/es\/wp-content\/uploads\/2025\/11\/WhatsApp-Image-2025-11-12-at-11.28.44-1-908x1024.jpeg\" alt=\"\" class=\"wp-image-169792\" style=\"width:485px;height:auto\" srcset=\"https:\/\/enolife.com.ar\/es\/wp-content\/uploads\/2025\/11\/WhatsApp-Image-2025-11-12-at-11.28.44-1-908x1024.jpeg 908w, https:\/\/enolife.com.ar\/es\/wp-content\/uploads\/2025\/11\/WhatsApp-Image-2025-11-12-at-11.28.44-1-266x300.jpeg 266w, https:\/\/enolife.com.ar\/es\/wp-content\/uploads\/2025\/11\/WhatsApp-Image-2025-11-12-at-11.28.44-1-768x867.jpeg 768w, https:\/\/enolife.com.ar\/es\/wp-content\/uploads\/2025\/11\/WhatsApp-Image-2025-11-12-at-11.28.44-1-585x660.jpeg 585w, https:\/\/enolife.com.ar\/es\/wp-content\/uploads\/2025\/11\/WhatsApp-Image-2025-11-12-at-11.28.44-1.jpeg 1060w\" sizes=\"auto, (max-width: 908px) 100vw, 908px\" \/><\/a><figcaption class=\"wp-element-caption\"><strong><em>Participantes de la edici\u00f3n Cafayate<\/em><\/strong><\/figcaption><\/figure><\/div>\n\n\n<div style=\"height:35px\" aria-hidden=\"true\" class=\"wp-block-spacer\"><\/div>\n\n\n\n<p>Los encuentros contaron con 11 participantes -trabajadores de 8 bodegas- y una estudiante del \u00faltimo a\u00f1o de la Tecnicatura en Enolog\u00eda en Cafayate, que fue becada por la Fundaci\u00f3n Formarg:<\/p>\n\n\n\n<ul class=\"wp-block-list\">\n<li><strong>Domingo Hermanos: <\/strong>\u00c1ngel Vilte y Milton Taritolay<\/li>\n\n\n\n<li><strong>AMSA<\/strong>: Eliana Chauqui y Lucas Vargas<\/li>\n\n\n\n<li><strong>Vi\u00f1as en Flor<\/strong>: Ramiro Mart\u00ednez<\/li>\n\n\n\n<li><strong>Tukma<\/strong>: Walter R\u00edos<\/li>\n\n\n\n<li><strong>Yacochuya<\/strong>: Ramiro Pepa<\/li>\n\n\n\n<li><strong>Paco Puga y Familia: <\/strong>Maxi R\u00edos<\/li>\n\n\n\n<li><strong>Nueve Cumbres: <\/strong>Yair Copa<\/li>\n\n\n\n<li><strong>Amalaya<\/strong>: Jonatan Palacio y Pablo Maman\u00ed<\/li>\n\n\n\n<li><strong>Beca estudiante: <\/strong>\u00c1ngela Rebechi<\/li>\n<\/ul>\n\n\n\n<div style=\"height:35px\" aria-hidden=\"true\" class=\"wp-block-spacer\"><\/div>\n\n\n\n<p><\/p>\n\n\n\n<p><br><\/p>\n","protected":false},"excerpt":{"rendered":"<p>La fundaci\u00f3n Formarg llev\u00f3 a cabo su tercera edici\u00f3n del ciclo de capacitaciones para la&hellip;<\/p>\n","protected":false},"author":2,"featured_media":169798,"comment_status":"closed","ping_status":"open","sticky":false,"template":"","format":"standard","meta":{"footnotes":""},"categories":[14],"tags":[],"class_list":["post-169623","post","type-post","status-publish","format-standard","has-post-thumbnail","hentry","category-news"],"_links":{"self":[{"href":"https:\/\/enolife.com.ar\/es\/wp-json\/wp\/v2\/posts\/169623","targetHints":{"allow":["GET"]}}],"collection":[{"href":"https:\/\/enolife.com.ar\/es\/wp-json\/wp\/v2\/posts"}],"about":[{"href":"https:\/\/enolife.com.ar\/es\/wp-json\/wp\/v2\/types\/post"}],"author":[{"embeddable":true,"href":"https:\/\/enolife.com.ar\/es\/wp-json\/wp\/v2\/users\/2"}],"replies":[{"embeddable":true,"href":"https:\/\/enolife.com.ar\/es\/wp-json\/wp\/v2\/comments?post=169623"}],"version-history":[{"count":0,"href":"https:\/\/enolife.com.ar\/es\/wp-json\/wp\/v2\/posts\/169623\/revisions"}],"wp:featuredmedia":[{"embeddable":true,"href":"https:\/\/enolife.com.ar\/es\/wp-json\/wp\/v2\/media\/169798"}],"wp:attachment":[{"href":"https:\/\/enolife.com.ar\/es\/wp-json\/wp\/v2\/media?parent=169623"}],"wp:term":[{"taxonomy":"category","embeddable":true,"href":"https:\/\/enolife.com.ar\/es\/wp-json\/wp\/v2\/categories?post=169623"},{"taxonomy":"post_tag","embeddable":true,"href":"https:\/\/enolife.com.ar\/es\/wp-json\/wp\/v2\/tags?post=169623"}],"curies":[{"name":"wp","href":"https:\/\/api.w.org\/{rel}","templated":true}]}}