{"id":169607,"date":"2025-11-11T22:34:23","date_gmt":"2025-11-11T22:34:23","guid":{"rendered":"https:\/\/enolife.com.ar\/es\/?p=169607"},"modified":"2025-11-12T12:17:55","modified_gmt":"2025-11-12T12:17:55","slug":"el-12-11-coviar-y-conicet-lanzan-una-plataforma-para-preservar-la-biodiversidad-y-potenciar-el-terroir","status":"publish","type":"post","link":"https:\/\/enolife.com.ar\/es\/el-12-11-coviar-y-conicet-lanzan-una-plataforma-para-preservar-la-biodiversidad-y-potenciar-el-terroir\/","title":{"rendered":"El 12\/11 Coviar y Conicet lanzan una plataforma para preservar la biodiversidad y potenciar el terroir"},"content":{"rendered":"\n<h4 class=\"wp-block-heading\"><em><strong>La Corporaci\u00f3n Vitivin\u00edcola Argentina (Coviar) y el Consejo Nacional de Investigaciones Cient\u00edficas y Tecnol\u00f3gicas (Conicet) invitan a la presentaci\u00f3n de una nueva herramienta digital que tiene como objetivo permitir la toma de decisiones de manejo, conservaci\u00f3n y buenas pr\u00e1cticas en vi\u00f1edos. La cita es el mi\u00e9rcoles 12 de noviembre de 2025 desde las 10 hs en Bodega Masi de Tupungato.<\/strong><\/em><\/h4>\n\n\n\n<div style=\"height:35px\" aria-hidden=\"true\" class=\"wp-block-spacer\"><\/div>\n\n\n<a href=\"http:\/\/www.quiminsa.com.ar\/\" aria-label=\"banner quiminsa b 1700&#215;500\"><img loading=\"lazy\" decoding=\"async\" src=\"https:\/\/enolife.com.ar\/es\/wp-content\/uploads\/2022\/04\/banner-quiminsa-b-1700x500-1.jpg\" alt=\"\"  srcset=\"https:\/\/enolife.com.ar\/es\/wp-content\/uploads\/2022\/04\/banner-quiminsa-b-1700x500-1.jpg 1700w, https:\/\/enolife.com.ar\/es\/wp-content\/uploads\/2022\/04\/banner-quiminsa-b-1700x500-1-300x88.jpg 300w, https:\/\/enolife.com.ar\/es\/wp-content\/uploads\/2022\/04\/banner-quiminsa-b-1700x500-1-1024x301.jpg 1024w, https:\/\/enolife.com.ar\/es\/wp-content\/uploads\/2022\/04\/banner-quiminsa-b-1700x500-1-768x226.jpg 768w, https:\/\/enolife.com.ar\/es\/wp-content\/uploads\/2022\/04\/banner-quiminsa-b-1700x500-1-1536x452.jpg 1536w, https:\/\/enolife.com.ar\/es\/wp-content\/uploads\/2022\/04\/banner-quiminsa-b-1700x500-1-1170x344.jpg 1170w, https:\/\/enolife.com.ar\/es\/wp-content\/uploads\/2022\/04\/banner-quiminsa-b-1700x500-1-585x172.jpg 585w\" sizes=\"auto, (max-width: 1700px) 100vw, 1700px\" width=\"1700\" height=\"500\"   \/><\/a>\n\n\n<div style=\"height:45px\" aria-hidden=\"true\" class=\"wp-block-spacer\"><\/div>\n\n\n<div class=\"wp-block-image\">\n<figure class=\"alignleft size-full is-resized\"><a href=\"https:\/\/enolife.com.ar\/es\/wp-content\/uploads\/2025\/11\/WA-PLATAFORMA-576x1024-1.jpg\" data-rel=\"penci-gallery-image-content\" ><img loading=\"lazy\" decoding=\"async\" width=\"498\" height=\"491\" src=\"https:\/\/enolife.com.ar\/es\/wp-content\/uploads\/2025\/11\/WA-PLATAFORMA-576x1024-1.jpg\" alt=\"\" class=\"wp-image-169620\" style=\"width:362px;height:auto\" srcset=\"https:\/\/enolife.com.ar\/es\/wp-content\/uploads\/2025\/11\/WA-PLATAFORMA-576x1024-1.jpg 498w, https:\/\/enolife.com.ar\/es\/wp-content\/uploads\/2025\/11\/WA-PLATAFORMA-576x1024-1-300x296.jpg 300w\" sizes=\"auto, (max-width: 498px) 100vw, 498px\" \/><\/a><\/figure><\/div>\n\n\n<p>Este mi\u00e9rcoles 12 de noviembre de 2025, desde las 10 hs, se realizar\u00e1 en Bodega Masi, de Tupungato, Mendoza, el encuentro&nbsp;<strong>\u201cBiodiversidad y Terroir: Herramientas para la Vitivinicultura Sostenible\u201d<\/strong>, una jornada <strong>con entrada libre&nbsp;<\/strong>que reunir\u00e1 a referentes de la vitivinicultura y la ciencia en el territorio para presentar iniciativas y herramientas clave para el desarrollo sostenible del sector.<\/p>\n\n\n\n<p>All\u00ed se presentar\u00e1 la <strong>Plataforma de Biodiversidad para la Vitivinicultura<\/strong>, un desarrollo piloto colaborativo para el Valle de Uco impulsado por la&nbsp;<strong>Corporaci\u00f3n Vitivin\u00edcola Argentina (Coviar)<\/strong>, a trav\u00e9s de su unidad ejecutora de&nbsp;<strong>Investigaci\u00f3n, Desarrollo e Innovaci\u00f3n,<\/strong>&nbsp;y el<strong>&nbsp;Conicet<\/strong>,&nbsp;que re\u00fane datos geoespaciales, mapas, indicadores e insumos t\u00e9cnicos vinculados a la biodiversidad del lugar, el medio ambiente y su relaci\u00f3n con la producci\u00f3n vit\u00edcola.<\/p>\n\n\n\n<p>Este desarrollo sobre biodiversidad se agrega como una capa m\u00e1s de informaci\u00f3n a la ya existente plataforma p\u00fablica, abierta y estrat\u00e9gica para el vino argentino sobre&nbsp;<strong>Caracterizaci\u00f3n de Regiones Vitivin\u00edcolas de Argentina.<\/strong><\/p>\n\n\n\n<p>Argentina es el&nbsp;primer pa\u00eds del mundo&nbsp;en tener toda su superficie cultivada con vid relevada y caracterizada bajo una misma metodolog\u00eda cient\u00edfica. Y toda esa informaci\u00f3n est\u00e1 disponible de forma libre desde un sitio web al que se accede ingresando a<a href=\"https:\/\/observatoriova.com\/\"><strong>&nbsp;https:\/\/observatoriova.com\/<\/strong><\/a><\/p>\n\n\n\n<p>Los estudios de Caracterizaci\u00f3n de Regiones Vitivin\u00edcolas de Argentina involucran a&nbsp;<strong>59 \u00e1reas productivas de 14 provincias<\/strong>, gracias a un trabajo iniciado desde Coviar con financiamiento del <strong>Banco Interamericano de Desarrollo (BID) <\/strong>y los gobiernos provinciales a trav\u00e9s del <strong>Consejo Federal de Inversiones (CFI),<\/strong> que demand\u00f3 el trabajo de 50 profesionales que relevaron m\u00e1s de&nbsp;<strong>15.000 hect\u00e1reas de vid<\/strong>&nbsp;distribuidas en 59 valles de 14 provincias argentinas.<\/p>\n\n\n\n<p>La plataforma llega como prueba piloto para la zona de<strong> Valle de Uco<\/strong> en Mendoza como una herramienta digital que garantiza la accesibilidad p\u00fablica y libre para productores, t\u00e9cnicos, instituciones y p\u00fablico general a la&nbsp;<strong>integraci\u00f3n de mapas con capas ambientales, clim\u00e1ticas y, ahora tambi\u00e9n, biodiversidad<\/strong>&nbsp;gracias a la incorporaci\u00f3n continua de informaci\u00f3n cient\u00edfica y t\u00e9cnica validada por especialistas.<\/p>\n\n\n\n<p>Durante el encuentro se realizar\u00e1 la presentaci\u00f3n de la <strong>Plataforma de Biodiversidad <\/strong>a cargo de los profesionales del Conicet y Coviar, quienes expondr\u00e1n sobre la estructura, funcionalidades cartogr\u00e1ficas, indicadores, capas de biodiversidad y herramientas para la toma de decisiones. Luego, se presentar\u00e1n casos de uso y buenas pr\u00e1cticas orientados a brindar herramientas concretas para la toma de decisiones<s>,<\/s>&nbsp;conservaci\u00f3n y manejo sustentable en vi\u00f1edos.<\/p>\n\n\n\n<p>Tambi\u00e9n habr\u00e1 charlas t\u00e9cnicas sobre biodiversidad y terroir a cargo de investigadores del INTA y el Conicet, quienes compartir\u00e1n resultados sobre el rol del microbioma del suelo, manejo ecol\u00f3gico y su impacto en la biodiversidad vegetal, microbiana y de artr\u00f3podos, as\u00ed como experiencias de integraci\u00f3n en vi\u00f1edos de Bodega Argento.<\/p>\n\n\n\n<p class=\"has-background\" style=\"background-color:#abb7c259\"><strong>Para participar, todos los interesados deben<a href=\"https:\/\/docs.google.com\/forms\/d\/e\/1FAIpQLSd5ThF_WQnncDMHPbP7-exB_mvJiSAallwV10Bjw-K-O910dw\/viewform\">&nbsp;ingresar aqu\u00ed<\/a>.<\/strong><\/p>\n\n\n\n<div style=\"height:35px\" aria-hidden=\"true\" class=\"wp-block-spacer\"><\/div>\n\n\n\n<p class=\"has-medium-font-size\"><strong>Programa<\/strong><\/p>\n\n\n\n<p><strong>10 hs &#8211; Recepci\u00f3n y apertura institucional<\/strong>: Palabras de bienvenida de autoridades de Coviar, Conicet y anfitriones de Bodega Masi &#8211; \u00abRelevancia de la biodiversidad en la vitivinicultura argentina\u00bb.<\/p>\n\n\n\n<p><strong>10.30 hs &#8211; Presentaci\u00f3n de la plataforma de biodiversidad (40\u2019)<\/strong><\/p>\n\n\n\n<ul class=\"wp-block-list\">\n<li><strong>Estructura <\/strong>de la plataforma: Capas geogr\u00e1ficas, base de datos, visualizaciones. Por la t\u00e9cnica&nbsp;cart\u00f3grafa,&nbsp;Florencia&nbsp;Illanes,&nbsp;de Coviar<\/li>\n\n\n\n<li><strong>Funcionalidades <\/strong>de la plataforma: Mapas, capas de biodiversidad, indicadores, herramientas de consulta. Por Pablo Cuello de Biocitech y Conicet<\/li>\n\n\n\n<li><strong>Casos de uso<\/strong> para el sector vitivin\u00edcola: Decisiones de manejo, conservaci\u00f3n, buenas pr\u00e1cticas. Por Agustina Ojeda, de Biocitech y Conicet<\/li>\n<\/ul>\n\n\n\n<p><strong>11.10 hs<\/strong> -Preguntas<\/p>\n\n\n\n<p><strong>11.20 hs <\/strong>&#8211; <strong>Charlas sobre amplitud de biodiversidad y terroir (40\u2018)<\/strong><\/p>\n\n\n\n<ul class=\"wp-block-list\">\n<li><strong>Biodiversidad y terroir: <\/strong>Del microbioma del suelo al vino del Valle de Uco &#8211; Por Marcos Paolonelli y Laura Mercado, del INTA.<\/li>\n\n\n\n<li><strong>Manejo ecol\u00f3gico de vi\u00f1edos: <\/strong>Impacto en la biodiversidad vegetal, microbiana y de artr\u00f3podos &#8211; Por Martin Uliarte y Carla Dagatti del INTA. <\/li>\n\n\n\n<li><strong>Integraci\u00f3n de la biodiversidad del vi\u00f1edo:<\/strong> La experiencia de Bodega Argento &#8211; Por Andr\u00e9s Valero de Bodega Argento.<\/li>\n<\/ul>\n\n\n\n<p><strong>12 hs<\/strong> &#8211; Otras voces<\/p>\n\n\n\n<p><strong>12.30 hs &#8211; Experiencia sensorial guiada:<\/strong> Degustaci\u00f3n de vinos de distintos vi\u00f1edos con puesta en valor del terroir y la biodiversidad.<\/p>\n\n\n\n<div style=\"height:35px\" aria-hidden=\"true\" class=\"wp-block-spacer\"><\/div>\n","protected":false},"excerpt":{"rendered":"<p>La Corporaci\u00f3n Vitivin\u00edcola Argentina (Coviar) y el Consejo Nacional de Investigaciones Cient\u00edficas y Tecnol\u00f3gicas (Conicet)&hellip;<\/p>\n","protected":false},"author":2,"featured_media":169617,"comment_status":"closed","ping_status":"open","sticky":false,"template":"","format":"standard","meta":{"footnotes":""},"categories":[47],"tags":[],"class_list":["post-169607","post","type-post","status-publish","format-standard","has-post-thumbnail","hentry","category-agenda"],"_links":{"self":[{"href":"https:\/\/enolife.com.ar\/es\/wp-json\/wp\/v2\/posts\/169607","targetHints":{"allow":["GET"]}}],"collection":[{"href":"https:\/\/enolife.com.ar\/es\/wp-json\/wp\/v2\/posts"}],"about":[{"href":"https:\/\/enolife.com.ar\/es\/wp-json\/wp\/v2\/types\/post"}],"author":[{"embeddable":true,"href":"https:\/\/enolife.com.ar\/es\/wp-json\/wp\/v2\/users\/2"}],"replies":[{"embeddable":true,"href":"https:\/\/enolife.com.ar\/es\/wp-json\/wp\/v2\/comments?post=169607"}],"version-history":[{"count":0,"href":"https:\/\/enolife.com.ar\/es\/wp-json\/wp\/v2\/posts\/169607\/revisions"}],"wp:featuredmedia":[{"embeddable":true,"href":"https:\/\/enolife.com.ar\/es\/wp-json\/wp\/v2\/media\/169617"}],"wp:attachment":[{"href":"https:\/\/enolife.com.ar\/es\/wp-json\/wp\/v2\/media?parent=169607"}],"wp:term":[{"taxonomy":"category","embeddable":true,"href":"https:\/\/enolife.com.ar\/es\/wp-json\/wp\/v2\/categories?post=169607"},{"taxonomy":"post_tag","embeddable":true,"href":"https:\/\/enolife.com.ar\/es\/wp-json\/wp\/v2\/tags?post=169607"}],"curies":[{"name":"wp","href":"https:\/\/api.w.org\/{rel}","templated":true}]}}