{"id":169590,"date":"2025-11-12T12:18:17","date_gmt":"2025-11-12T12:18:17","guid":{"rendered":"https:\/\/enolife.com.ar\/es\/?p=169590"},"modified":"2025-11-13T16:49:05","modified_gmt":"2025-11-13T16:49:05","slug":"como-prevenir-las-enfermedades-fungicas-de-la-madera-una-amenaza-para-la-salud-del-vinedo","status":"publish","type":"post","link":"https:\/\/enolife.com.ar\/es\/como-prevenir-las-enfermedades-fungicas-de-la-madera-una-amenaza-para-la-salud-del-vinedo\/","title":{"rendered":"C\u00f3mo prevenir las enfermedades f\u00fangicas de la madera, una amenaza para la salud del vi\u00f1edo"},"content":{"rendered":"\n<h4 class=\"wp-block-heading\"><em><strong>En las \u00faltimas d\u00e9cadas, la presencia de las enfermedades f\u00fangicas ha aumentado de forma preocupante en pr\u00e1cticamente todas las regiones productoras del mundo, afectando tanto a vi\u00f1edos j\u00f3venes como a plantas adultas. Para conocer cu\u00e1les son esas enfermedades, qu\u00e9 factores favorecieron su expansi\u00f3n y c\u00f3mo prevenirlas, la revista italiana Infowine invita a un webinar gratuito -previa inscripci\u00f3n- el jueves 20 de noviembre de 2025.<\/strong><\/em><\/h4>\n\n\n\n<div style=\"height:35px\" aria-hidden=\"true\" class=\"wp-block-spacer\"><\/div>\n\n\n\n\n\n<div style=\"height:45px\" aria-hidden=\"true\" class=\"wp-block-spacer\"><\/div>\n\n\n<div class=\"wp-block-image\">\n<figure class=\"alignleft size-full is-resized\"><a href=\"https:\/\/enolife.com.ar\/es\/wp-content\/uploads\/2025\/11\/Enfermedades-de-la-madera-David-Gramaje.jpg\" data-rel=\"penci-gallery-image-content\" ><img loading=\"lazy\" decoding=\"async\" width=\"613\" height=\"596\" src=\"https:\/\/enolife.com.ar\/es\/wp-content\/uploads\/2025\/11\/Enfermedades-de-la-madera-David-Gramaje.jpg\" alt=\"\" class=\"wp-image-169601\" style=\"width:311px;height:auto\" srcset=\"https:\/\/enolife.com.ar\/es\/wp-content\/uploads\/2025\/11\/Enfermedades-de-la-madera-David-Gramaje.jpg 613w, https:\/\/enolife.com.ar\/es\/wp-content\/uploads\/2025\/11\/Enfermedades-de-la-madera-David-Gramaje-300x292.jpg 300w, https:\/\/enolife.com.ar\/es\/wp-content\/uploads\/2025\/11\/Enfermedades-de-la-madera-David-Gramaje-585x569.jpg 585w\" sizes=\"auto, (max-width: 613px) 100vw, 613px\" \/><\/a><\/figure><\/div>\n\n\n<p>Las <strong>enfermedades f\u00fangicas de la madera de la vid<\/strong> est\u00e1n&nbsp;causadas por varios hongos pat\u00f3genos que viven y colonizan la madera&nbsp;de los \u00f3rganos perennes, causando necrosis y decoloraci\u00f3n de la madera, infecciones vasculares, y descomposici\u00f3n esponjosa seca.&nbsp;<\/p>\n\n\n\n<p>Las vi\u00f1as afectadas muestran, externamente,&nbsp;un decaimiento general y progresivo (retraso de la brotaci\u00f3n, yemas muertas, decaimiento de la planta, parada del desarrollo, clorosis, apoplej\u00eda, etc.), generalmente asociado a unos s\u00edntomas foliares acordes a las diferentes enfermedades, que inicialmente pueden causar p\u00e9rdida de productividad y eventualmente la muerte de las plantas.<\/p>\n\n\n\n<p>Para conocer m\u00e1s sobre este tema, el<strong> jueves 20 de noviembre 14 a 15.30 hs<\/strong> (Argentina), la revista italiana <strong>Infowine <\/strong>invita al <strong>webinar gratuito \u00abEnfermedades de la madera de la vid: avances, factores de expansi\u00f3n y estrategias de control\u00bb<\/strong>.<\/p>\n\n\n\n<p>Durante la charla, <strong>David Gramaje<\/strong> -investigador en el <strong>Instituto de Ciencias de la Vid y del Vino (Espa\u00f1a),<\/strong> y experto en este tema- ofrecer\u00e1 una visi\u00f3n general sobre el origen y evoluci\u00f3n de estas enfermedades, explicando cu\u00e1les son las prevalentes y qu\u00e9 factores han favorecido su expansi\u00f3n, como la producci\u00f3n intensiva de plantas en viveros o determinadas pr\u00e1cticas de poda. Adem\u00e1s presentar\u00e1 algunos de los \u00faltimos estudios que analizan c\u00f3mo el d\u00e9ficit h\u00eddrico -cada vez m\u00e1s frecuente en muchos vi\u00f1edos- puede influir en el establecimiento y desarrollo de los hongos asociados a estas enfermedades.<\/p>\n\n\n\n<p>Por \u00faltimo, se revisar\u00e1n las estrategias m\u00e1s eficaces para su prevenci\u00f3n y control: desde la selecci\u00f3n de material vegetal sano y las buenas pr\u00e1cticas de poda, hasta las nuevas herramientas biol\u00f3gicas que ayudan a proteger las heridas frente a la infecci\u00f3n. El objetivo es ofrecer una visi\u00f3n actualizada, pr\u00e1ctica y \u00fatil para comprender mejor la complejidad de estas enfermedades y aplicar medidas que contribuyan a mantener la productividad y la sostenibilidad del vi\u00f1edo. <\/p>\n\n\n\n<p class=\"has-background\" style=\"background-color:#abb7c259\"><strong>La participaci\u00f3n es gratuita con cupos limitados. Inscripci\u00f3n: <a href=\"https:\/\/register.gotowebinar.com\/register\/2805735322410819936?source=carousel\">AQU\u00cd<\/a><\/strong><\/p>\n\n\n\n<div style=\"height:45px\" aria-hidden=\"true\" class=\"wp-block-spacer\"><\/div>\n\n\n<div class=\"wp-block-image\">\n<figure class=\"alignleft size-full is-resized\"><a href=\"https:\/\/enolife.com.ar\/es\/wp-content\/uploads\/2025\/11\/image-4.png\" data-rel=\"penci-gallery-image-content\" ><img loading=\"lazy\" decoding=\"async\" width=\"500\" height=\"500\" src=\"https:\/\/enolife.com.ar\/es\/wp-content\/uploads\/2025\/11\/image-4.png\" alt=\"\" class=\"wp-image-169603\" style=\"width:265px;height:auto\" srcset=\"https:\/\/enolife.com.ar\/es\/wp-content\/uploads\/2025\/11\/image-4.png 500w, https:\/\/enolife.com.ar\/es\/wp-content\/uploads\/2025\/11\/image-4-300x300.png 300w, https:\/\/enolife.com.ar\/es\/wp-content\/uploads\/2025\/11\/image-4-150x150.png 150w\" sizes=\"auto, (max-width: 500px) 100vw, 500px\" \/><\/a><\/figure><\/div>\n\n\n<p class=\"has-medium-font-size\"><strong>Sobre el disertante <\/strong><\/p>\n\n\n\n<p><strong>David Gramaje<\/strong> es Investigador en el Instituto de Ciencias de la Vid y del Vino (Espa\u00f1a). Su actividad se centra en la biolog\u00eda de hongos fitopat\u00f3genos, epidemiolog\u00eda y control de hongos pat\u00f3genos de cultivos mediterr\u00e1neos con \u00e9nfasis en enfermedades del tronco de la vid, y la taxonom\u00eda del g\u00e9nero&nbsp;<em>Phaeoacremonium&nbsp;<\/em>especialmente en lo que se refiere a caracterizaci\u00f3n morfol\u00f3gica y molecular.&nbsp;Adem\u00e1s, participa activamente en el desarrollo de principios y m\u00e9todos para mejorar la calidad fitosanitaria del material de plantaci\u00f3n de vid durante el proceso de propagaci\u00f3n en viveros.<\/p>\n\n\n\n<div style=\"height:35px\" aria-hidden=\"true\" class=\"wp-block-spacer\"><\/div>\n","protected":false},"excerpt":{"rendered":"<p>En las \u00faltimas d\u00e9cadas, la presencia de las enfermedades f\u00fangicas ha aumentado de forma preocupante&hellip;<\/p>\n","protected":false},"author":2,"featured_media":169606,"comment_status":"closed","ping_status":"open","sticky":false,"template":"","format":"standard","meta":{"footnotes":""},"categories":[47],"tags":[],"class_list":["post-169590","post","type-post","status-publish","format-standard","has-post-thumbnail","hentry","category-agenda"],"_links":{"self":[{"href":"https:\/\/enolife.com.ar\/es\/wp-json\/wp\/v2\/posts\/169590","targetHints":{"allow":["GET"]}}],"collection":[{"href":"https:\/\/enolife.com.ar\/es\/wp-json\/wp\/v2\/posts"}],"about":[{"href":"https:\/\/enolife.com.ar\/es\/wp-json\/wp\/v2\/types\/post"}],"author":[{"embeddable":true,"href":"https:\/\/enolife.com.ar\/es\/wp-json\/wp\/v2\/users\/2"}],"replies":[{"embeddable":true,"href":"https:\/\/enolife.com.ar\/es\/wp-json\/wp\/v2\/comments?post=169590"}],"version-history":[{"count":0,"href":"https:\/\/enolife.com.ar\/es\/wp-json\/wp\/v2\/posts\/169590\/revisions"}],"wp:featuredmedia":[{"embeddable":true,"href":"https:\/\/enolife.com.ar\/es\/wp-json\/wp\/v2\/media\/169606"}],"wp:attachment":[{"href":"https:\/\/enolife.com.ar\/es\/wp-json\/wp\/v2\/media?parent=169590"}],"wp:term":[{"taxonomy":"category","embeddable":true,"href":"https:\/\/enolife.com.ar\/es\/wp-json\/wp\/v2\/categories?post=169590"},{"taxonomy":"post_tag","embeddable":true,"href":"https:\/\/enolife.com.ar\/es\/wp-json\/wp\/v2\/tags?post=169590"}],"curies":[{"name":"wp","href":"https:\/\/api.w.org\/{rel}","templated":true}]}}