{"id":169497,"date":"2025-11-10T23:51:43","date_gmt":"2025-11-10T23:51:43","guid":{"rendered":"https:\/\/enolife.com.ar\/es\/?p=169497"},"modified":"2025-11-12T00:31:51","modified_gmt":"2025-11-12T00:31:51","slug":"mendoza-busca-regular-la-coexistencia-entre-la-vid-y-otros-cultivos-y-producir-semillas-de-calidad","status":"publish","type":"post","link":"https:\/\/enolife.com.ar\/es\/mendoza-busca-regular-la-coexistencia-entre-la-vid-y-otros-cultivos-y-producir-semillas-de-calidad\/","title":{"rendered":"Mendoza busca regular la coexistencia entre la vid y otros cultivos y producir semillas de calidad"},"content":{"rendered":"\n<h4 class=\"wp-block-heading\"><em><strong>La iniciativa del Ministerio de Producci\u00f3n tiene como objetivo establecer un marco normativo provincial para complementar rubros tradicionales como la vitivinicultura, la fruticultura o la horticultura, preservar la integridad gen\u00e9tica de las semillas, promover condiciones previsibles para los productores y fortalecer la competitividad del sector semillero mendocino.<\/strong><\/em><\/h4>\n\n\n\n<div style=\"height:35px\" aria-hidden=\"true\" class=\"wp-block-spacer\"><\/div>\n\n\n\n\n\n<div style=\"height:37px\" aria-hidden=\"true\" class=\"wp-block-spacer\"><\/div>\n\n\n\n<p>El ministro de Producci\u00f3n de Mendoza, <strong>Rodolfo Vargas Arizu <\/strong>present\u00f3 recientemente ante la Legislatura provincial un proyecto de ley que el gobierno local considera fundamental para el futuro de la producci\u00f3n agr\u00edcola mendocina.<\/p>\n\n\n\n<p>\u201c<em>El contexto de la semilla h\u00edbrida de exportaci\u00f3n requiere condiciones muy espec\u00edficas y Mendoza las tiene: una gran cultura hort\u00edcola y un excelente estatus sanitario. Esto nos coloca en un lugar privilegiado a nivel mundial, comparable con regiones como Sud\u00e1frica, Nueva Zelanda o Australia. Aqu\u00ed, grandes compa\u00f1\u00edas trabajan en conjunto con peque\u00f1os productores, en esquemas totalmente formales, en blanco y con contratos en d\u00f3lares, lo que fortalece la matriz productiva diversificada de peque\u00f1as parcelas\u201d<\/em>, sostuvo Vargas Arizu.<\/p>\n\n\n\n<p><em>\u201cEsta ley viene a brindar el marco jur\u00eddico necesario para garantizar seguridad a ambas partes: a las empresas y a los productores. Con el Registro \u00danico de la Tierra y el control del Iscamen podremos asegurar la coexistencia ordenada de cultivos y evitar contaminaciones entre especies, especialmente en producciones de alto valor como la semilla h\u00edbrida. Mendoza ya exporta semillas, pero con este marco normativo y la seguridad jur\u00eddica que otorga, vamos a poder crecer mucho m\u00e1s. Las multinacionales van a mirar nuevamente a nuestra provincia como un polo confiable y competitivo en la producci\u00f3n de semillas de exportaci\u00f3n\u201d<\/em>, agreg\u00f3 el funcionario.<\/p>\n\n\n\n<div style=\"height:35px\" aria-hidden=\"true\" class=\"wp-block-spacer\"><\/div>\n\n\n<div class=\"wp-block-image\">\n<figure class=\"aligncenter is-resized\"><img decoding=\"async\" src=\"https:\/\/mza-dicaws-portal-uploads-media-prod.s3.amazonaws.com\/prensa\/uploads\/2025\/10\/Proyecto_12-1280x640.jpg\" alt=\"Mendoza impulsa una ley para regular la coexistencia entre cultivos y fortalecer la producci\u00f3n de semillas de alta calidad\" style=\"width:703px;height:auto\"\/><figcaption class=\"wp-element-caption\"><em><strong>El ministro Rodolfo Vargas Arizu (2do. de der. a izq) acompa\u00f1ado por la vicegobernadora de Mendoza, Hebe Casado (3ra. de der. a izq) y otros funcionarios provinciales.<\/strong><\/em><\/figcaption><\/figure><\/div>\n\n\n<div style=\"height:37px\" aria-hidden=\"true\" class=\"wp-block-spacer\"><\/div>\n\n\n\n<p>La propuesta, elaborada por el Ministerio de Producci\u00f3n y su Subsecretar\u00eda de Agricultura y Ganader\u00eda, tiene como finalidad regular la coexistencia entre distintos cultivos agr\u00edcolas, evitando la contaminaci\u00f3n gen\u00e9tica y preservando la calidad de las semillas que se producen en la provincia. Adem\u00e1s, promueve la trazabilidad, la transparencia y la previsibilidad en la relaci\u00f3n entre productores y empresas semilleras, consolidando un entorno de seguridad jur\u00eddica que favorece la inversi\u00f3n y el desarrollo sostenible del sector.<\/p>\n\n\n\n<p>El proyecto, impulsado en el marco de las pol\u00edticas de diversificaci\u00f3n y tecnificaci\u00f3n del agro provincial, propone la creaci\u00f3n de un marco legal espec\u00edfico que armonice con la <strong>Ley Nacional de Semillas y Creaciones Fitogen\u00e9ticas 20.247<\/strong>, y que otorgue herramientas concretas para ordenar el uso del suelo, resguardar la identidad varietal de los cultivos y fomentar la inversi\u00f3n en la actividad semillera.<\/p>\n\n\n\n<p>La regulaci\u00f3n provincial permitir\u00e1 consolidar una actividad estrat\u00e9gica para el futuro agr\u00edcola de Mendoza, ya que la producci\u00f3n de semillas representa un sector de alto valor agregado, con capacidad para complementar rubros tradicionales como la vitivinicultura, la fruticultura o la horticultura.<\/p>\n\n\n\n<p>Actualmente, Mendoza concentra cerca de <strong>350 hect\u00e1reas destinadas a la producci\u00f3n de semillas h\u00edbridas de cebolla y zanahoria, sobre un total nacional de 800 hect\u00e1reas,<\/strong> seg\u00fan datos del <strong>Instituto Nacional de Semillas (Inase). <\/strong>Estas cifras posicionan a la provincia como una de las principales zonas productoras del pa\u00eds, con un potencial de crecimiento basado en la calidad, la trazabilidad y la certificaci\u00f3n gen\u00e9tica.<\/p>\n\n\n\n<p>El proyecto de ley tambi\u00e9n establece la obligatoriedad de inscripci\u00f3n en el <strong>Registro de Uso de la Tierra (RUT) <\/strong>para todos los productores que deseen realizar actividades de producci\u00f3n, multiplicaci\u00f3n o comercializaci\u00f3n de semillas.<\/p>\n\n\n\n<p>A trav\u00e9s de este registro, instrumento gestionado por la Direcci\u00f3n de Agricultura, se dispondr\u00e1 de informaci\u00f3n georreferenciada sobre ubicaci\u00f3n, especie, variedad y fechas de siembra, lo que permitir\u00e1 identificar zonas de riesgo, planificar cultivos y evitar interferencias entre parcelas. La autoridad de aplicaci\u00f3n propuesta ser\u00e1 el Instituto de Sanidad y Calidad Agropecuaria Mendoza (Iscamen).<\/p>\n\n\n\n<p>Adem\u00e1s, la normativa propone la implementaci\u00f3n de protocolos de aislamiento y medidas complementarias, como barreras f\u00edsicas, cortinas vegetales o desfases temporales de siembra, para minimizar la posibilidad de polinizaci\u00f3n cruzada.<\/p>\n\n\n\n<p>La iniciativa provincial contempla un r\u00e9gimen de sanciones econ\u00f3micas e inhabilitaciones temporales para quienes incumplan las disposiciones establecidas. Paralelamente, se promueve la coordinaci\u00f3n interjurisdiccional con otras provincias para unificar criterios t\u00e9cnicos y distancias de aislamiento, especialmente en \u00e1reas lim\u00edtrofes, fortaleciendo la cooperaci\u00f3n regional en materia de bioseguridad agr\u00edcola.<\/p>\n\n\n\n<div style=\"height:32px\" aria-hidden=\"true\" class=\"wp-block-spacer\"><\/div>\n\n\n\n<p class=\"has-medium-font-size\"><strong>Mendoza en el mapa de la gen\u00e9tica vegetal<\/strong><\/p>\n\n\n\n<p>Funcionarios del Ministerio de Producci\u00f3n destacaron que el crecimiento del negocio semillero mendocino contribuye a la diversificaci\u00f3n de la matriz productiva provincial, potenciando la generaci\u00f3n de empleo calificado y la incorporaci\u00f3n de tecnolog\u00eda.<\/p>\n\n\n\n<p>Asimismo, impulsa la formalizaci\u00f3n del sector, garantizando el cumplimiento de requisitos fiscales y sanitarios, y favorece la inserci\u00f3n de Mendoza en las cadenas globales de valor en gen\u00e9tica vegetal.<\/p>\n\n\n\n<p>En cuanto al contexto internacional, el proyecto toma como referencia modelos de convivencia entre cultivos aplicados en pa\u00edses como <strong>Brasil, Estados Unidos y Chile<\/strong>, donde se han desarrollado distintos instrumentos normativos para prevenir conflictos por contaminaci\u00f3n gen\u00e9tica y asegurar la trazabilidad de las producciones. Estos antecedentes confirman la necesidad de que Mendoza cuente con una legislaci\u00f3n propia y moderna, adaptada a las particularidades de su territorio y su sistema productivo.<\/p>\n\n\n\n<p>El objetivo final es consolidar a Mendoza como un referente nacional en producci\u00f3n semillera, con un marco jur\u00eddico que promueva la calidad, la innovaci\u00f3n y la sostenibilidad del agro provincial.<\/p>\n\n\n\n<div style=\"height:35px\" aria-hidden=\"true\" class=\"wp-block-spacer\"><\/div>\n\n\n\n<p class=\"has-small-font-size\"><em><strong>Fuente: Gobierno de Mendoza<\/strong><\/em><\/p>\n","protected":false},"excerpt":{"rendered":"<p>La iniciativa del Ministerio de Producci\u00f3n tiene como objetivo establecer un marco normativo provincial para&hellip;<\/p>\n","protected":false},"author":2,"featured_media":169513,"comment_status":"closed","ping_status":"open","sticky":false,"template":"","format":"standard","meta":{"footnotes":""},"categories":[14],"tags":[],"class_list":["post-169497","post","type-post","status-publish","format-standard","has-post-thumbnail","hentry","category-news"],"_links":{"self":[{"href":"https:\/\/enolife.com.ar\/es\/wp-json\/wp\/v2\/posts\/169497","targetHints":{"allow":["GET"]}}],"collection":[{"href":"https:\/\/enolife.com.ar\/es\/wp-json\/wp\/v2\/posts"}],"about":[{"href":"https:\/\/enolife.com.ar\/es\/wp-json\/wp\/v2\/types\/post"}],"author":[{"embeddable":true,"href":"https:\/\/enolife.com.ar\/es\/wp-json\/wp\/v2\/users\/2"}],"replies":[{"embeddable":true,"href":"https:\/\/enolife.com.ar\/es\/wp-json\/wp\/v2\/comments?post=169497"}],"version-history":[{"count":0,"href":"https:\/\/enolife.com.ar\/es\/wp-json\/wp\/v2\/posts\/169497\/revisions"}],"wp:featuredmedia":[{"embeddable":true,"href":"https:\/\/enolife.com.ar\/es\/wp-json\/wp\/v2\/media\/169513"}],"wp:attachment":[{"href":"https:\/\/enolife.com.ar\/es\/wp-json\/wp\/v2\/media?parent=169497"}],"wp:term":[{"taxonomy":"category","embeddable":true,"href":"https:\/\/enolife.com.ar\/es\/wp-json\/wp\/v2\/categories?post=169497"},{"taxonomy":"post_tag","embeddable":true,"href":"https:\/\/enolife.com.ar\/es\/wp-json\/wp\/v2\/tags?post=169497"}],"curies":[{"name":"wp","href":"https:\/\/api.w.org\/{rel}","templated":true}]}}