{"id":16948,"date":"2020-07-24T15:13:36","date_gmt":"2020-07-24T15:13:36","guid":{"rendered":"http:\/\/enolife.com.ar\/es\/?p=16948"},"modified":"2020-07-25T14:22:29","modified_gmt":"2020-07-25T14:22:29","slug":"los-legisladores-nacionales-fernandez-sagasti-y-ramon-reciben-preocupaciones-del-sector-turistico","status":"publish","type":"post","link":"https:\/\/enolife.com.ar\/es\/los-legisladores-nacionales-fernandez-sagasti-y-ramon-reciben-preocupaciones-del-sector-turistico\/","title":{"rendered":"Los legisladores nacionales Fern\u00e1ndez Sagasti y Ram\u00f3n  reciben preocupaciones del sector tur\u00edstico"},"content":{"rendered":"\n<h4 class=\"wp-block-heading\"><em><strong>Hoy 24\/7, a las 19, se analizar\u00e1n las conclusiones de los 4 encuentros virtuales organizados por los representantes mendocinos en el Congreso nacional. En este foro, empresarios y emprendedores del turismo de Mendoza han planteado sus dificultades y necesidades. Se abordaron las tem\u00e1ticas sobre viajes, transporte tur\u00edstico, alojamiento rural, gastronom\u00eda, enoturismo, alquiler temporario y turismo aventura en el contexto de crisis por la pandemia. <\/strong><\/em><\/h4>\n\n\n\n<div style=\"height:20px\" aria-hidden=\"true\" class=\"wp-block-spacer\"><\/div>\n\n\n\n<p>Los foros virtuales que se llevaron a cabo trataron sobre <strong>\u00abEmpresas de viajes y turismo y transporte tur\u00edstico\u00bb<\/strong> y <strong>\u00abAlojamiento y turismo rural\u00bb<\/strong>, <strong>\u00abGastronom\u00eda tur\u00edstica y enoturismo\u00bb <\/strong>y <strong>\u00abPropiedades en alquiler temporario, gu\u00eda de turismo, gu\u00eda de monta\u00f1a y turismo aventura\u00bb<\/strong>. Hoy, a las 19 hs, en el mismo espacio virtual, se har\u00e1 la presentaci\u00f3n de conclusiones. <\/p>\n\n\n\n<p>En los foros surgi\u00f3 como una de las principales inquietudes en com\u00fan el pedido de que que se distingan las medidas de ayuda gubernamental para los grandes operadores y los peque\u00f1os emprendedores, asign\u00e1ndoles a estos \u00faltimos planes espec\u00edficos. A continuaci\u00f3n, se  mencionan algunas de las necesidades y preocupaciones planteadas:<\/p>\n\n\n\n<div style=\"height:20px\" aria-hidden=\"true\" class=\"wp-block-spacer\"><\/div>\n\n\n\n<div class=\"wp-block-image\"><figure class=\"alignleft is-resized\"><img loading=\"lazy\" decoding=\"async\" src=\"https:\/\/pbs.twimg.com\/media\/Edh49AHXgAEJhdP?format=jpg&amp;name=small\" alt=\"Imagen\" width=\"323\" height=\"323\"\/><\/figure><\/div>\n\n\n\n<ul class=\"wp-block-list\"><li>Preocupaci\u00f3n por la infraestructura adecuada a las exigencias de higiene en alta monta\u00f1a.<\/li><li>La salida de la aerol\u00ednea Latam, que ten\u00eda entre 5 y 7 vuelos diarios desde Chile que ya no van a estar.<\/li><li>Pr\u00f3rroga hasta diciembre de la ayuda estatal para pagar sueldos (ATP), cr\u00e9ditos a tasa cero o descuentos en servicios p\u00fablicos y m\u00e1s subsidios, ante la dificultad de los peque\u00f1os operadores para afrontar sus deudas.<\/li><li>La complicaci\u00f3n por la obligaci\u00f3n de devolver el dinero a los clientes que no pudieron viajar, ya que no siempre los prestadores hacen las devoluciones a las agencias, generando muchas demandas.<\/li><li>En lo que respecta al transporte, la ley de movilidad impone el cambio del veh\u00edculo cuando ya tiene cierta cantidad de a\u00f1os, pero hoy se hace muy dificil comprar nuevas unidades, por la escasa rentabilidad del negocio y la imposibilidad de amortizar las unidades nuevas. Piden ser eximidos del pago de patentes y recibir los ATP.<\/li><li>En cuanto a los hostels, el 90% de sus due\u00f1os no son propietarios y es imposible afrontar el costo del alquiler. <\/li><li>Cambiar la legislaci\u00f3n para el turismo rural, porque hay demasiadas exigencias que no condicen con las posibilidades de inversi\u00f3n. Solicitan herramientas y capacitaciones para que la gente del campo no migre. <\/li><li>Extender el horario de atenci\u00f3n en bodegas y restaurantes y seguir con los ATP y ayudas porque si bien han podido abrir se est\u00e1 trabajando al 15 % de la capacidad.<\/li><li>Con las restricciones en el protocolo se puede reincorporar a menos personal del que tiene la bodega.<\/li><li>Campa\u00f1a para generar confianza en los turistas. <\/li><\/ul>\n\n\n\n<div style=\"height:20px\" aria-hidden=\"true\" class=\"wp-block-spacer\"><\/div>\n\n\n\n<p><strong>Jos\u00e9 Luis Ram\u00f3n<\/strong> <strong>(56)<\/strong>, diputado nacional mendocino por la alianza Protectora-Partido Intransigente, expres\u00f3: \u00abHay que buscar el apoyo para los m\u00e1s chicos, que a veces quedan escondidos detr\u00e1s de grandes marcas, y para aquellos que est\u00e1n en la informalidad. Casi la mitad de los prestadores de servicio de turismo est\u00e1n en la informalidad. Hay que aflojar la presi\u00f3n tributaria para los m\u00e1s chicos, porque esa presi\u00f3n impide que se formalicen. Queremos acompa\u00f1ar y ser parte de la soluci\u00f3n\u00bb.<\/p>\n\n\n\n<p><strong>Anabel Fern\u00e1ndez Sagasti (36), <\/strong>senadora nacional mendocina por el Frente para la Victoria (peronista)<strong> <\/strong>dijo por su parte: \u00abHay una oportunidad para el turismo rural, de aprovechar el bienestar posible en este contexto, que creo que es algo que se viene en el mundo. Y hay que aprovechar esa instancia para construir eso de una forma transversal, para que todo el sector privado de cualquier rinc\u00f3n de la provincia pueda aportar su contribuci\u00f3n a una nueva identidad, y que eso se pueda mostrar al mundo\u00bb.<\/p>\n\n\n\n<p>\u00abEl Poder Ejecutivo nacional -continu\u00f3 la joven senadora- ha enviado a Diputados un proyecto de moratoria. S\u00e9 que muchos dir\u00e1n que es dif\u00edcil pagar los impuestos, pero quiero que sepan que en los \u00faltimos seis meses el Estado acumul\u00f3 un bill\u00f3n de pesos de d\u00e9ficit, por la emisi\u00f3n monetaria. Sabemos que otros Estados del mundo est\u00e1n pasando por algo parecido. Y eso tiene que ver con todo lo que se ha planteado como asistencia en este contexto. En el Senado estamos estudiando algunas posibilidades con las pymes. Esto que parece una moratoria m\u00e1s es importante porque de ello dependen otros proyectos aplicables para poner en marcha la econom\u00eda\u00bb.<\/p>\n\n\n\n<div style=\"height:20px\" aria-hidden=\"true\" class=\"wp-block-spacer\"><\/div>\n\n\n\n<p class=\"has-background has-text-align-center has-medium-font-size has-very-light-gray-background-color\"><strong>Informes de los foros <\/strong><\/p>\n\n\n\n<ul class=\"wp-block-list\"><li>Foro 1: <strong><a href=\"https:\/\/enolife.com.ar\/es\/wp-content\/uploads\/2020\/07\/INFORME-FORO-1-1.pdf\">Empresas de viajes y turismo y transporte tur\u00edstico<\/a><\/strong><\/li><li>Foro 2: <strong><a href=\"https:\/\/enolife.com.ar\/es\/wp-content\/uploads\/2020\/07\/INFORME-FORO-2-1.pdf\">Alojamiento y turismo rural<\/a><\/strong><\/li><li>Foro 3 <strong><a href=\"https:\/\/enolife.com.ar\/es\/wp-content\/uploads\/2020\/07\/INFORME-FORO3.pdf\">Gastronom\u00eda tur\u00edstica y enoturismo <\/a><\/strong><\/li><\/ul>\n\n\n\n<div style=\"height:34px\" aria-hidden=\"true\" class=\"wp-block-spacer\"><\/div>\n\n\n\n<p class=\"has-background has-text-align-center has-medium-font-size has-very-light-gray-background-color\"><strong>Conclusiones<\/strong><\/p>\n\n\n\n<p>Las conclusiones del Foro se realizar\u00e1n <strong>hoy 24\/7 <\/strong>a las <strong>19 hs, en el mismo espacio virtual de acceso libre y gratuito<\/strong>: Inscripci\u00f3n: <strong><a href=\"https:\/\/bit.ly\/2ZQ8G2i\">https:\/\/bit.ly\/2ZQ8G2i<\/a><\/strong><\/p>\n\n\n\n<div style=\"height:20px\" aria-hidden=\"true\" class=\"wp-block-spacer\"><\/div>\n\n\n\n<p><\/p>\n","protected":false},"excerpt":{"rendered":"<p>Hoy 24\/7, a las 19, se analizar\u00e1n las conclusiones de los 4 encuentros virtuales organizados&hellip;<\/p>\n","protected":false},"author":3,"featured_media":16975,"comment_status":"open","ping_status":"open","sticky":false,"template":"","format":"standard","meta":{"footnotes":""},"categories":[47],"tags":[],"class_list":["post-16948","post","type-post","status-publish","format-standard","has-post-thumbnail","hentry","category-agenda"],"_links":{"self":[{"href":"https:\/\/enolife.com.ar\/es\/wp-json\/wp\/v2\/posts\/16948","targetHints":{"allow":["GET"]}}],"collection":[{"href":"https:\/\/enolife.com.ar\/es\/wp-json\/wp\/v2\/posts"}],"about":[{"href":"https:\/\/enolife.com.ar\/es\/wp-json\/wp\/v2\/types\/post"}],"author":[{"embeddable":true,"href":"https:\/\/enolife.com.ar\/es\/wp-json\/wp\/v2\/users\/3"}],"replies":[{"embeddable":true,"href":"https:\/\/enolife.com.ar\/es\/wp-json\/wp\/v2\/comments?post=16948"}],"version-history":[{"count":0,"href":"https:\/\/enolife.com.ar\/es\/wp-json\/wp\/v2\/posts\/16948\/revisions"}],"wp:featuredmedia":[{"embeddable":true,"href":"https:\/\/enolife.com.ar\/es\/wp-json\/wp\/v2\/media\/16975"}],"wp:attachment":[{"href":"https:\/\/enolife.com.ar\/es\/wp-json\/wp\/v2\/media?parent=16948"}],"wp:term":[{"taxonomy":"category","embeddable":true,"href":"https:\/\/enolife.com.ar\/es\/wp-json\/wp\/v2\/categories?post=16948"},{"taxonomy":"post_tag","embeddable":true,"href":"https:\/\/enolife.com.ar\/es\/wp-json\/wp\/v2\/tags?post=16948"}],"curies":[{"name":"wp","href":"https:\/\/api.w.org\/{rel}","templated":true}]}}