{"id":169474,"date":"2025-11-10T13:37:49","date_gmt":"2025-11-10T13:37:49","guid":{"rendered":"https:\/\/enolife.com.ar\/es\/?p=169474"},"modified":"2025-11-11T22:34:01","modified_gmt":"2025-11-11T22:34:01","slug":"una-cepa-que-da-uva-hace-90-anos-sera-la-protagonista-de-la-fiesta-de-la-vendimia-2026","status":"publish","type":"post","link":"https:\/\/enolife.com.ar\/es\/una-cepa-que-da-uva-hace-90-anos-sera-la-protagonista-de-la-fiesta-de-la-vendimia-2026\/","title":{"rendered":"Una cepa que da uva hace 90 a\u00f1os ser\u00e1 la protagonista de la Fiesta de la Vendimia 2026"},"content":{"rendered":"\n<h4 class=\"wp-block-heading\"><em><strong>En la ma\u00f1ana de hoy 10\/11\/25, el gobierno de Mendoza comunic\u00f3 el ganador del concurso de gui\u00f3n y puesta en escena para el Acto Central de la Fiesta de la Vendimia 2026, que se realizar\u00e1 los d\u00edas 7 y 8 de marzo pr\u00f3ximos en el Anfiteatro Frank Romero Day de la ciudad Capital de la provincia. La propuesta ganadora, que se hizo acreedora a un premio de $48.000.000, pertenece al equipo encabezado por la guionista Silvia Graciela Moyano y el director general Pablo Perri, quienes ya fueron los responsables de la Fiesta en 2024. Seg\u00fan la s\u00edntesis del argumento, el hilo conductor de la historia que se representar\u00e1 es una cepa que ya brind\u00f3 90 cosechas, \u00abla cepa del pueblo\u00bb.<\/strong><\/em><\/h4>\n\n\n\n<div style=\"height:36px\" aria-hidden=\"true\" class=\"wp-block-spacer\"><\/div>\n\n\n\n\n\n<div style=\"height:33px\" aria-hidden=\"true\" class=\"wp-block-spacer\"><\/div>\n\n\n\n<p>Tras los coloquios que se llevaron a cabo el domingo 9\/11\/2025 en el Espacio Cultural Julio Le Parc, un jurado de expertos decidi\u00f3 que el equipo que tiene a<strong> Pablo Perri como director y a Silvia Graciela Moyano como guionista <\/strong>ser\u00e1 el encargado de llevar adelante la <strong>Fiesta Nacional de la Vendimia 2026 en el a\u00f1o de su 90 aniversario.<\/strong><\/p>\n\n\n\n<p>La propuesta, titulada <strong>\u201c90 cosechas de una misma cepa\u201d<\/strong>, fue elegida mediante concurso p\u00fablico realizado por la Subsecretar\u00eda de Cultura dependiente del Ministerio de Educaci\u00f3n, Cultura, Ni\u00f1os y DGE del Gobierno de Mendoza.<\/p>\n\n\n\n<div style=\"height:32px\" aria-hidden=\"true\" class=\"wp-block-spacer\"><\/div>\n\n\n<div class=\"wp-block-image\">\n<figure class=\"aligncenter is-resized\"><img decoding=\"async\" src=\"https:\/\/mza-dicaws-portal-uploads-media-prod.s3.amazonaws.com\/prensa\/uploads\/2025\/11\/3-scaled-e1762745770619-1280x640.jpg\" alt=\"La Fiesta Nacional de la Vendimia 2026 se llamar\u00e1 \u201c90 cosechas de una misma cepa\u201d\" style=\"width:714px;height:auto\"\/><figcaption class=\"wp-element-caption\"><em><strong>El equipo ganador del concurso junto al subsecretario de Cultura de Mendoza (al centro), junto a los jurados que eligieron la propuesta.<\/strong><\/em><\/figcaption><\/figure><\/div>\n\n\n<div style=\"height:29px\" aria-hidden=\"true\" class=\"wp-block-spacer\"><\/div>\n\n\n\n<p>El Acto Central se desarrollar\u00e1 al Teatro Griego Frank Romero el d\u00eda 7 y 8 de marzo del a\u00f1o pr\u00f3ximo.<\/p>\n\n\n\n<h2 class=\"wp-block-heading\" id=\"h-el-equipo-ganador\">El equipo ganador<\/h2>\n\n\n\n<ul class=\"wp-block-list\">\n<li>Autor del gui\u00f3n: Silvia Graciela Moyano<\/li>\n\n\n\n<li>Director General: Pablo Mariano Perri<\/li>\n\n\n\n<li>Direcci\u00f3n audiovisual: Gustavo Fabi\u00e1n Lenarduzzi<\/li>\n\n\n\n<li>Direcci\u00f3n coreogr\u00e1fica general: Graciela Adriana Ruiz<\/li>\n\n\n\n<li>Director en funciones: Javier Omar Falc\u00f3n<\/li>\n\n\n\n<li>Director musical: Julio Edgardo Figueroa<\/li>\n\n\n\n<li>Responsable de la idea escenogr\u00e1fica: Mar\u00eda Claudina Gomensoro<\/li>\n\n\n\n<li>Responsable de las cajas de iluminaci\u00f3n: Felipe Santiago Gerardi<\/li>\n\n\n\n<li>Director t\u00e9cnico: V\u00edctor Javier Carri\u00f3n<\/li>\n\n\n\n<li>Productor ejecutivo: Cristian Alejandro Arce<\/li>\n\n\n\n<li>Jefe de traspuntes: Sergio David \u00c1vila<\/li>\n\n\n\n<li>Responsable y dise\u00f1ador de iluminaci\u00f3n: Sergio Alfredo Ahumada<\/li>\n\n\n\n<li>Responsable y dise\u00f1ador de sonido: Pablo Andr\u00e9s Riquero<\/li>\n\n\n\n<li>Responsable en efectos especiales: Miguel \u00c1ngel Cassella<\/li>\n\n\n\n<li>Jefa de vestuario: Mar\u00eda Isabel Jaime<\/li>\n\n\n\n<li>Jefa en maquillaje: Sol Ayel\u00e9n Castillo Guti\u00e9rrez<\/li>\n\n\n\n<li>Responsable en utiler\u00eda menor y\/o mayor: Lucas Gustavo Grasso<\/li>\n\n\n\n<li>Subdirector audiovisual y productor: Walter Omar Sastre<\/li>\n\n\n\n<li>Director Coreogr\u00e1fico de Folklore (1): Leandro Agust\u00edn Morales<\/li>\n\n\n\n<li>Director Coreogr\u00e1fico de Folklore (2): Pablo Germ\u00e1n Fern\u00e1ndez<\/li>\n\n\n\n<li>Director coreogr\u00e1fico contempor\u00e1neo: Cristian Mart\u00edn Lara<\/li>\n\n\n\n<li>Asistencia de direcci\u00f3n: Silvina Vanesa Murcia<\/li>\n\n\n\n<li>Direcci\u00f3n orquestal: Alicia Mar\u00eda Pouzo<\/li>\n\n\n\n<li>Asistente de vestuario: Leila Romina \u00c1lvarez<\/li>\n\n\n\n<li>Responsable del vestuario especial: Lucas Ariel Alfonso<\/li>\n\n\n\n<li>Administrativa de vestuario: Stella Maris Vera<\/li>\n\n\n\n<li>Responsable del dise\u00f1o, realizaci\u00f3n y manipulaci\u00f3n de titiriteros: Lorena Mar\u00eda Pereyra.<\/li>\n<\/ul>\n\n\n\n<div style=\"height:31px\" aria-hidden=\"true\" class=\"wp-block-spacer\"><\/div>\n\n\n\n<p class=\"has-medium-font-size\"><strong>Sinopsis del argumento de la Fiesta 2026<\/strong><\/p>\n\n\n\n<p>Seg\u00fan comunicaron los jurados y el equipo ganador, el siguiente es el resumen del gui\u00f3n que se pondr\u00e1 en escena:<\/p>\n\n\n\n<p><em>\u00abEl ciclo productivo de una cepa de vid puede extenderse por cuarenta a\u00f1os o m\u00e1s. Su longevidad y rendimiento dependen del cuidado, las condiciones del suelo y otros factores. La pureza y la viabilidad de las cepas pueden deteriorarse con el tiempo. Sin embargo, hay una cepa que, con el paso del tiempo, se fortalece a\u00fan m\u00e1s. Es capaz de renovar y multiplicar sus frutos haciendo abundantes y generosos. Es la cepa del pueblo.<\/em><\/p>\n\n\n\n<div style=\"height:26px\" aria-hidden=\"true\" class=\"wp-block-spacer\"><\/div>\n\n\n<div class=\"wp-block-image\">\n<figure class=\"aligncenter size-large is-resized\"><a href=\"https:\/\/enolife.com.ar\/es\/wp-content\/uploads\/2025\/11\/Silvia-Moyano.jpeg\" data-rel=\"penci-gallery-image-content\" ><img loading=\"lazy\" decoding=\"async\" width=\"1024\" height=\"631\" src=\"https:\/\/enolife.com.ar\/es\/wp-content\/uploads\/2025\/11\/Silvia-Moyano-1024x631.jpeg\" alt=\"\" class=\"wp-image-169488\" style=\"width:724px;height:auto\" srcset=\"https:\/\/enolife.com.ar\/es\/wp-content\/uploads\/2025\/11\/Silvia-Moyano-1024x631.jpeg 1024w, https:\/\/enolife.com.ar\/es\/wp-content\/uploads\/2025\/11\/Silvia-Moyano-300x185.jpeg 300w, https:\/\/enolife.com.ar\/es\/wp-content\/uploads\/2025\/11\/Silvia-Moyano-768x473.jpeg 768w, https:\/\/enolife.com.ar\/es\/wp-content\/uploads\/2025\/11\/Silvia-Moyano-1170x721.jpeg 1170w, https:\/\/enolife.com.ar\/es\/wp-content\/uploads\/2025\/11\/Silvia-Moyano-585x360.jpeg 585w, https:\/\/enolife.com.ar\/es\/wp-content\/uploads\/2025\/11\/Silvia-Moyano.jpeg 1239w\" sizes=\"auto, (max-width: 1024px) 100vw, 1024px\" \/><\/a><figcaption class=\"wp-element-caption\"><em><strong>Silvia Graciela Moyano, la autora del gui\u00f3n, quien ya gan\u00f3 el concurso y tuvo esa responsabilidad en la Fiesta de 2024.<\/strong><\/em><\/figcaption><\/figure><\/div>\n\n\n<div style=\"height:24px\" aria-hidden=\"true\" class=\"wp-block-spacer\"><\/div>\n\n\n\n<p><em>\u00abEsta es la historia de dos creadores de esp\u00edritus e inspiradores que regresan para ver c\u00f3mo los sue\u00f1os se hacen realidad. De la mano de la memoria del viento recurrir\u00e1n \u00ab90 cosechas de una misma cepa\u00bb y comprender\u00e1n que el trabajo y la unidad son el riego indispensable.<\/em><\/p>\n\n\n\n<p><em>\u00abEl momento del quiebre sucede cuando aparece el olvido e intenta vaciar las copas de la fe y la alegr\u00eda. Cuando los esp\u00edritus hayan luchado contra el peor enemigo que un puede tener, regresar\u00e1n con el sentimiento de que su sue\u00f1o amado est\u00e1 en las manos correctas. Un sue\u00f1o que seguir\u00e1 dando frutos para nosotros y para el mundo.\u00bb<\/em><\/p>\n\n\n\n<div style=\"height:23px\" aria-hidden=\"true\" class=\"wp-block-spacer\"><\/div>\n\n\n\n<p class=\"has-medium-font-size\"><strong>Acerca del jurado<\/strong><\/p>\n\n\n\n<p>De acuerdo con lo establecido en el art\u00edculo 50 de las bases del Concurso P\u00fablico, el jurado estuvo compuesto por miembros con derecho a voto, que representaron a las distintas art\u00edsticas y t\u00e9cnicas involucradas en la realizaci\u00f3n del espect\u00e1culo.<\/p>\n\n\n\n<div style=\"height:30px\" aria-hidden=\"true\" class=\"wp-block-spacer\"><\/div>\n\n\n\n<p><\/p>\n\n\n\n<ul class=\"wp-block-list\">\n<li><strong>Por la<em> <\/em>Subsecretar\u00eda de Cultura<\/strong><\/li>\n\n\n\n<li>\u00c1rea de Historia y Antropolog\u00eda: Gustavo Enrique Capone.<\/li>\n\n\n\n<li>\u00c1rea Art\u00edstica: Alicia Viviana Beinat.<\/li>\n\n\n\n<li>Escritor \u00e1rbitro: Pablo Oscar De Bartolo.<\/li>\n\n\n\n<li>\u00c1rea T\u00e9cnica: Fernando Jos\u00e9 G\u00e1mez Gattari.<br><\/li>\n\n\n\n<li><strong>Por Argentores<\/strong><\/li>\n\n\n\n<li>Laura Ang\u00e9lica Rodr\u00edguez.<br><\/li>\n\n\n\n<li><strong>Audiovisual<\/strong><\/li>\n\n\n\n<li>Representante del sector audiovisual: Patricio Jos\u00e9 Pina.<br><\/li>\n\n\n\n<li><strong>Representaci\u00f3n departamental<\/strong><\/li>\n\n\n\n<li>Directores de Cultura: Carolina Vico.<br><\/li>\n\n\n\n<li><strong>Comisiones<\/strong><\/li>\n\n\n\n<li>Corenave y Covinave: Roc\u00edo Silene Fuster.<br><\/li>\n\n\n\n<li><strong>Campo acad\u00e9mico<\/strong><\/li>\n\n\n\n<li>Facultad de Arte y Dise\u00f1o UNCuyo: Federico Gast\u00f3n P\u00e9rez.<br><\/li>\n\n\n\n<li><strong>Exdirectores de Vendimia<\/strong><\/li>\n\n\n\n<li>Alejandro Alberto Conte.<br><\/li>\n\n\n\n<li><strong>Por Ente Mendoza Turismo<\/strong><\/li>\n\n\n\n<li>Marcelo Eloy Montenegro.<\/li>\n\n\n\n<li>Turismo y Territorio: Jorge Eduardo Corrales.<br><\/li>\n\n\n\n<li><strong>Por el gobierno de la provincia<\/strong><\/li>\n\n\n\n<li>Higiene y Seguridad: Cyntia Gisel Morales Romero.<br><\/li>\n\n\n\n<li><strong>Actores<\/strong><\/li>\n\n\n\n<li>Asociaciones y\/o Sindicatos de Actores (AAAyA): Pablo Dar\u00edo Longo.<br><\/li>\n\n\n\n<li><strong>Por la danza<\/strong><\/li>\n\n\n\n<li>AMPD: Paula Carolina Rafaela Barbuzza.<\/li>\n\n\n\n<li>ACMD: Enzo Fabian De Lucca.<\/li>\n\n\n\n<li>So\u00f1arte: Clara Alejandra Serber.<\/li>\n\n\n\n<li>Uco Hue: Luc\u00eda Alejandra Gu\u00ed\u00f1ez.<br><\/li>\n\n\n\n<li><strong>Por la m\u00fasica<\/strong><\/li>\n\n\n\n<li>MIMM: Juan Ignacio Rojas Vergara.<\/li>\n\n\n\n<li>AMC: Zaharay Graciela Ortega.<br><\/li>\n\n\n\n<li><strong>Antiguos productores de Vendimia<\/strong><\/li>\n\n\n\n<li>Facundo Omar Gallardo<\/li>\n<\/ul>\n\n\n\n<div style=\"height:19px\" aria-hidden=\"true\" class=\"wp-block-spacer\"><\/div>\n\n\n\n<p>Cabe aclarar que, en los rubros de Danza y M\u00fasica, los jurados act\u00faan de manera colegiada: cada rubro cuenta con varios representantes con voz, pero con derecho a un \u00fanico voto.<\/p>\n\n\n\n<div style=\"height:40px\" aria-hidden=\"true\" class=\"wp-block-spacer\"><\/div>\n","protected":false},"excerpt":{"rendered":"<p>En la ma\u00f1ana de hoy 10\/11\/25, el gobierno de Mendoza comunic\u00f3 el ganador del concurso&hellip;<\/p>\n","protected":false},"author":2,"featured_media":137733,"comment_status":"closed","ping_status":"open","sticky":false,"template":"","format":"standard","meta":{"footnotes":""},"categories":[14],"tags":[],"class_list":["post-169474","post","type-post","status-publish","format-standard","has-post-thumbnail","hentry","category-news"],"_links":{"self":[{"href":"https:\/\/enolife.com.ar\/es\/wp-json\/wp\/v2\/posts\/169474","targetHints":{"allow":["GET"]}}],"collection":[{"href":"https:\/\/enolife.com.ar\/es\/wp-json\/wp\/v2\/posts"}],"about":[{"href":"https:\/\/enolife.com.ar\/es\/wp-json\/wp\/v2\/types\/post"}],"author":[{"embeddable":true,"href":"https:\/\/enolife.com.ar\/es\/wp-json\/wp\/v2\/users\/2"}],"replies":[{"embeddable":true,"href":"https:\/\/enolife.com.ar\/es\/wp-json\/wp\/v2\/comments?post=169474"}],"version-history":[{"count":0,"href":"https:\/\/enolife.com.ar\/es\/wp-json\/wp\/v2\/posts\/169474\/revisions"}],"wp:featuredmedia":[{"embeddable":true,"href":"https:\/\/enolife.com.ar\/es\/wp-json\/wp\/v2\/media\/137733"}],"wp:attachment":[{"href":"https:\/\/enolife.com.ar\/es\/wp-json\/wp\/v2\/media?parent=169474"}],"wp:term":[{"taxonomy":"category","embeddable":true,"href":"https:\/\/enolife.com.ar\/es\/wp-json\/wp\/v2\/categories?post=169474"},{"taxonomy":"post_tag","embeddable":true,"href":"https:\/\/enolife.com.ar\/es\/wp-json\/wp\/v2\/tags?post=169474"}],"curies":[{"name":"wp","href":"https:\/\/api.w.org\/{rel}","templated":true}]}}