{"id":169429,"date":"2025-11-09T16:10:22","date_gmt":"2025-11-09T16:10:22","guid":{"rendered":"https:\/\/enolife.com.ar\/es\/?p=169429"},"modified":"2025-11-10T13:37:27","modified_gmt":"2025-11-10T13:37:27","slug":"un-grupo-de-artistas-notables-planificara-la-historica-edicion-90-de-la-fiesta-nacional-de-la-vendimia","status":"publish","type":"post","link":"https:\/\/enolife.com.ar\/es\/un-grupo-de-artistas-notables-planificara-la-historica-edicion-90-de-la-fiesta-nacional-de-la-vendimia\/","title":{"rendered":"Un grupo de artistas notables planificar\u00e1 la hist\u00f3rica edici\u00f3n 90 de la Fiesta Nacional de la Vendimia"},"content":{"rendered":"\n<h4 class=\"wp-block-heading\"><em><strong>La Comisi\u00f3n Vendimia 2026 est\u00e1 integrada por personalidades de la cultura, el arte y el periodismo de Mendoza de larga trayectoria en temas vinculados con la Vendimia. Tendr\u00e1 a su cargo planificar y coordinar todas las actividades para un calendario de especial significaci\u00f3n, pues en 2026 se cumplir\u00e1n 90 a\u00f1os desde que se realiz\u00f3 la primera Fiesta en Mendoza. Por otra parte, se anunci\u00f3 que este domingo 9 de noviembre se conocer\u00e1 el equipo ganador del concurso de gui\u00f3n y puesta en escena de la Fiesta, el pr\u00f3ximo 3 de marzo de 2026.<\/strong><\/em><\/h4>\n\n\n\n<div style=\"height:37px\" aria-hidden=\"true\" class=\"wp-block-spacer\"><\/div>\n\n\n<a href=\"https:\/\/www.instagram.com\/chirca.arg\/\" aria-label=\"Banner Chirca Enolife 1700 x 500\"><img loading=\"lazy\" decoding=\"async\" src=\"https:\/\/enolife.com.ar\/es\/wp-content\/uploads\/2025\/03\/Banner-Chirca-Enolife-1700-x-500-1.gif\" alt=\"\"  width=\"568\" height=\"168\"   \/><\/a>\n\n\n<div style=\"height:32px\" aria-hidden=\"true\" class=\"wp-block-spacer\"><\/div>\n\n\n\n<p>Se reuni\u00f3 el pasado viernes 7 de noviembre la designada Comisi\u00f3n que tendr\u00e1 como objetivo la planificaci\u00f3n de acciones que se desarrollar\u00e1n durante el calendario vendimial 2026 y que tendr\u00e1n lugar en todo el territorio provincial.<\/p>\n\n\n\n<p>Conforman el grupo Pedro Marabini, Sara Rosales, Pedro Salazar, Vilma Vega, Dar\u00edo An\u00eds, Gustavo Capone, Cristina Castro, Mirta Barroso, Nury Aro, Stella Maris Tello, Eliana Bertani, Mariana Bosco y Stella Maris Laborde. Todos ellos ostentan una vasta trayectoria vinculada a la fiesta m\u00e1xima de Mendoza, en roles de ex directores, guionistas, historiadores, integrantes de Corenave, Covinave y hacedores culturales.<\/p>\n\n\n\n<p>En la presentaci\u00f3n de la Comisi\u00f3n tambi\u00e9n estuvieron presentes funcionarios de gobierno: el subsecretario de Cultura, Diego Gareca; la directora de Gesti\u00f3n Cultural de la Subsecretar\u00eda de Cultura, Laura Uano; la directora de Vendimia y Producci\u00f3n Cultural, Noelia Torres; y el director de Prensa y Comunicaci\u00f3n, Walter Gazzo.<\/p>\n\n\n\n<p>Gareca destac\u00f3: <em>\u201cNuestra Fiesta Nacional de la Vendimia se convirti\u00f3 en una visi\u00f3n para un pueblo y hoy nos identifica y nos distingue no solamente en la regi\u00f3n y el pa\u00eds, sino trasciende en el mundo. Es una fiesta popular \u00fanica en su especie y que se vive en cada familia de Mendoza. Para nosotros es un gusto poder compartir con ustedes esta tarea y transitar este camino juntos, compartir ideas y poder llevarlas a la acci\u00f3n, manteniendo siempre una mirada federal\u201d.<\/em><\/p>\n\n\n\n<div style=\"height:28px\" aria-hidden=\"true\" class=\"wp-block-spacer\"><\/div>\n\n\n\n<p class=\"has-medium-font-size\"><strong>El recuerdo de la primera reina<\/strong><\/p>\n\n\n\n<p>Durante la jornada se otorg\u00f3 a los miembros de la comisi\u00f3n una distinci\u00f3n inspirada en<strong> Delia Larrive Escudero, primera reina de la Vendimia, en 1936.<\/strong><\/p>\n\n\n\n<p>La Fiesta Nacional de la Vendimia de Mendoza<strong> celebrar\u00e1 en 2026 sus 90 a\u00f1os<\/strong>, representando la identidad, cultura y pasi\u00f3n por nuestra tierra. Para honrar a los hacedores culturales, directores y protagonistas que, con su compromiso, mantienen viva esta emblem\u00e1tica celebraci\u00f3n, se cre\u00f3 una <strong>Menci\u00f3n Especial <\/strong>que trasciende lo simb\u00f3lico y se convierte en un acto de responsabilidad y esperanza.<\/p>\n\n\n\n<div style=\"height:36px\" aria-hidden=\"true\" class=\"wp-block-spacer\"><\/div>\n\n\n<div class=\"wp-block-image\">\n<figure class=\"aligncenter size-large is-resized\"><a href=\"https:\/\/enolife.com.ar\/es\/wp-content\/uploads\/2025\/11\/Premio-Comision-Vendimia.jpg\" data-rel=\"penci-gallery-image-content\" ><img loading=\"lazy\" decoding=\"async\" width=\"1024\" height=\"713\" src=\"https:\/\/enolife.com.ar\/es\/wp-content\/uploads\/2025\/11\/Premio-Comision-Vendimia-1024x713.jpg\" alt=\"\" class=\"wp-image-169438\" style=\"width:740px;height:auto\" srcset=\"https:\/\/enolife.com.ar\/es\/wp-content\/uploads\/2025\/11\/Premio-Comision-Vendimia-1024x713.jpg 1024w, https:\/\/enolife.com.ar\/es\/wp-content\/uploads\/2025\/11\/Premio-Comision-Vendimia-300x209.jpg 300w, https:\/\/enolife.com.ar\/es\/wp-content\/uploads\/2025\/11\/Premio-Comision-Vendimia-768x535.jpg 768w, https:\/\/enolife.com.ar\/es\/wp-content\/uploads\/2025\/11\/Premio-Comision-Vendimia-1170x814.jpg 1170w, https:\/\/enolife.com.ar\/es\/wp-content\/uploads\/2025\/11\/Premio-Comision-Vendimia-585x407.jpg 585w, https:\/\/enolife.com.ar\/es\/wp-content\/uploads\/2025\/11\/Premio-Comision-Vendimia.jpg 1536w\" sizes=\"auto, (max-width: 1024px) 100vw, 1024px\" \/><\/a><figcaption class=\"wp-element-caption\"><em><strong>La estatuilla hecha en materiales reciclados que se entreg\u00f3 como reconocimiento a su labor cultural a los miembros de la Comisi\u00f3n Vendimia. Recuerda a la primera reina de la Vendimia, Delia Larrive Escudero.<\/strong><\/em><\/figcaption><\/figure><\/div>\n\n\n<div style=\"height:39px\" aria-hidden=\"true\" class=\"wp-block-spacer\"><\/div>\n\n\n\n<p>Este reconocimiento busca unir el arte con la sostenibilidad y las industrias creativas. Construido con materiales reciclados tecnol\u00f3gicos y biomateriales regenerados a partir de los desechos de la industria vitivin\u00edcola y de vasijas en desuso, este galard\u00f3n representa la transformaci\u00f3n y el renacer constante, tal como lo hace la vid a\u00f1o tras a\u00f1o.<\/p>\n\n\n\n<p>La imagen que ilustra es la de <strong>Delia Larrive Escudero<\/strong>, la primera reina de la Vendimia, quien encarna el esp\u00edritu pionero y la ra\u00edz profunda de la tradici\u00f3n mendocina. Ella simboliza el inicio de un legado cultural que tras nueve d\u00e9cadas sigue inspirando para cuidar la herencia con creatividad y compromiso hacia el futuro.<\/p>\n\n\n\n<p>Los hacedores de la estatuilla entrecada como reconocimiento fue confeccionaa por las empresas mendocinas<strong> Bioeleven<\/strong> (biomateriales con residuos industriales), <strong>Verna<\/strong> (dise\u00f1o sustentable) y <strong>M\u00e1s que maderas<\/strong> (dise\u00f1o en maderas recicladas).<\/p>\n\n\n\n<div style=\"height:48px\" aria-hidden=\"true\" class=\"wp-block-spacer\"><\/div>\n\n\n\n<p><\/p>\n","protected":false},"excerpt":{"rendered":"<p>La Comisi\u00f3n Vendimia 2026 est\u00e1 integrada por personalidades de la cultura, el arte y el&hellip;<\/p>\n","protected":false},"author":2,"featured_media":169431,"comment_status":"closed","ping_status":"open","sticky":false,"template":"","format":"standard","meta":{"footnotes":""},"categories":[14],"tags":[],"class_list":["post-169429","post","type-post","status-publish","format-standard","has-post-thumbnail","hentry","category-news"],"_links":{"self":[{"href":"https:\/\/enolife.com.ar\/es\/wp-json\/wp\/v2\/posts\/169429","targetHints":{"allow":["GET"]}}],"collection":[{"href":"https:\/\/enolife.com.ar\/es\/wp-json\/wp\/v2\/posts"}],"about":[{"href":"https:\/\/enolife.com.ar\/es\/wp-json\/wp\/v2\/types\/post"}],"author":[{"embeddable":true,"href":"https:\/\/enolife.com.ar\/es\/wp-json\/wp\/v2\/users\/2"}],"replies":[{"embeddable":true,"href":"https:\/\/enolife.com.ar\/es\/wp-json\/wp\/v2\/comments?post=169429"}],"version-history":[{"count":0,"href":"https:\/\/enolife.com.ar\/es\/wp-json\/wp\/v2\/posts\/169429\/revisions"}],"wp:featuredmedia":[{"embeddable":true,"href":"https:\/\/enolife.com.ar\/es\/wp-json\/wp\/v2\/media\/169431"}],"wp:attachment":[{"href":"https:\/\/enolife.com.ar\/es\/wp-json\/wp\/v2\/media?parent=169429"}],"wp:term":[{"taxonomy":"category","embeddable":true,"href":"https:\/\/enolife.com.ar\/es\/wp-json\/wp\/v2\/categories?post=169429"},{"taxonomy":"post_tag","embeddable":true,"href":"https:\/\/enolife.com.ar\/es\/wp-json\/wp\/v2\/tags?post=169429"}],"curies":[{"name":"wp","href":"https:\/\/api.w.org\/{rel}","templated":true}]}}