{"id":169417,"date":"2025-11-08T23:13:10","date_gmt":"2025-11-08T23:13:10","guid":{"rendered":"https:\/\/enolife.com.ar\/es\/?p=169417"},"modified":"2025-11-10T20:31:58","modified_gmt":"2025-11-10T20:31:58","slug":"queres-ser-la-reina-de-la-vendimia-de-la-ciudad-de-mendoza","status":"publish","type":"post","link":"https:\/\/enolife.com.ar\/es\/queres-ser-la-reina-de-la-vendimia-de-la-ciudad-de-mendoza\/","title":{"rendered":"\u00bfQuer\u00e9s ser la Reina de la Vendimia de la Ciudad de Mendoza?"},"content":{"rendered":"\n<h4 class=\"wp-block-heading\"><em><strong>Del lunes 10 al viernes 21 de noviembre de 2025, las vecinas de la Ciudad de Mendoza mayores de 18 a\u00f1os podr\u00e1n anotarse, representando a un barrio, un club o alguna instituci\u00f3n capitalina con personer\u00eda jur\u00eddica. Qu\u00e9 requisitos deb\u00e9s reunir para ser la Reina de la Capital y competir por el cetro m\u00e1ximo en la Fiesta Nacional del 3 de marzo de 2026<\/strong><\/em><strong><em>.<\/em><\/strong><\/h4>\n\n\n\n<div style=\"height:37px\" aria-hidden=\"true\" class=\"wp-block-spacer\"><\/div>\n\n\n<a href=\"https:\/\/enolife.com.ar\/es\/category\/vino\/\" aria-label=\"banner-el-vino-las-une\"><img loading=\"lazy\" decoding=\"async\" src=\"https:\/\/enolife.com.ar\/es\/wp-content\/uploads\/2021\/12\/banner-el-vino-las-une.gif\" alt=\"\"  width=\"1700\" height=\"500\"   \/><\/a>\n\n\n<div style=\"height:47px\" aria-hidden=\"true\" class=\"wp-block-spacer\"><\/div>\n\n\n\n<p>La Municipalidad de la Ciudad de Mendoza abri\u00f3 la <strong>convocatoria a reinas de la Vendimia de la Ciudad Capital para su edici\u00f3n 2026<\/strong>. <strong>Del lunes 10 al viernes 21 de noviembre<\/strong>, las vecinas interesadas en participar podr\u00e1n hacerlo completando este&nbsp;<strong>formulario<\/strong>&nbsp;<strong>web<\/strong>:&nbsp;<a href=\"https:\/\/vendimia.ciudaddemendoza.gov.ar\/formPreInscripcion\" target=\"_blank\" rel=\"noreferrer noopener\">El link a la inscripci\u00f3n se habilitar\u00e1 el lunes 10 de noviembre a las 0 horas.<\/a><\/p>\n\n\n\n<p>Entre las condiciones a tener en cuenta por las postulantes est\u00e1n la de ser argentina,&nbsp;<strong>mayor de 18 a\u00f1os<\/strong>&nbsp;y tener domicilio en la Ciudad de Mendoza. Adem\u00e1s, las candidatas a reina departamental deber\u00e1n&nbsp;<strong>representar a un barrio, un club o una instituci\u00f3n<\/strong>&nbsp;con personer\u00eda jur\u00eddica ubicados en la capital mendocina. Por instituci\u00f3n se refiere a asociaciones civiles u organizaciones deportivas, sociales y culturales en general&nbsp;<strong>que desarrollen su actividad en la Ciudad<\/strong>.<\/p>\n\n\n\n<div style=\"height:32px\" aria-hidden=\"true\" class=\"wp-block-spacer\"><\/div>\n\n\n\n<p class=\"has-medium-font-size\"><strong>Mujeres de acuerdo a la ley de Identidad de G\u00e9nero<\/strong><\/p>\n\n\n\n<p>En el <strong>Art\u00edculo 6 del Reglamento<\/strong> para postularse como Reina de la Vendimia 2026 por la Capital de Mendoza se especifica textualmente: <em>\u00abPodr\u00e1n inscribirse para participar, postulantes de nacionalidad argentina, mujeres de origen o bien mujeres en un todo de acuerdo a la identidad de g\u00e9nero Ley N* 26.743, entendi\u00e9ndose por identidad de g\u00e9nero a la vivencia intema e individual del g\u00e9nero tal como cada persona la siente, la cual puede  orresponder o no con el sexo asignado al momento del nacimiento, incluyendo la vivencia personal del cuerpo. Esto puede involucrar la modificaci\u00f3n de la apariencia o la funci\u00f3n corporal a trav\u00e9s de medios farmacol\u00f3gicos, quir\u00fargicos o de otra \u00edndole, siempre que ello sea libremente escogido. Tambi\u00e9n incluye otras expresiones de g\u00e9nero, como la vestimenta, el modo de hablar y los modales&#8230; Deber\u00e1n tener como m\u00ednimo dieciocho (18) a\u00f1os de edad cumplidos al momento de la inscripci\u00f3n; acreditar estudios secundarios completos y aprobados, dos (2) a\u00f1os como tiempo m\u00ednimo de residencia en la Ciudad de Mendoza, que representen a barrios, clubes, asociaciones civiles, u organizaciones deportivas, sociales y culturales en general con personer\u00eda jur\u00eddica con asiento en el territorio de la Ciudad de Mendoza.\u00bb<\/em><\/p>\n\n\n\n<div style=\"height:27px\" aria-hidden=\"true\" class=\"wp-block-spacer\"><\/div>\n\n\n<div class=\"wp-block-image\">\n<figure class=\"aligncenter size-full is-resized\"><a href=\"https:\/\/enolife.com.ar\/es\/wp-content\/uploads\/2025\/11\/candidatas.jpg\" data-rel=\"penci-gallery-image-content\" ><img loading=\"lazy\" decoding=\"async\" width=\"2048\" height=\"1365\" src=\"https:\/\/enolife.com.ar\/es\/wp-content\/uploads\/2025\/11\/candidatas.jpg\" alt=\"\" class=\"wp-image-169423\" style=\"width:808px;height:auto\" srcset=\"https:\/\/enolife.com.ar\/es\/wp-content\/uploads\/2025\/11\/candidatas.jpg 2048w, https:\/\/enolife.com.ar\/es\/wp-content\/uploads\/2025\/11\/candidatas-300x200.jpg 300w, https:\/\/enolife.com.ar\/es\/wp-content\/uploads\/2025\/11\/candidatas-1024x683.jpg 1024w, https:\/\/enolife.com.ar\/es\/wp-content\/uploads\/2025\/11\/candidatas-768x512.jpg 768w, https:\/\/enolife.com.ar\/es\/wp-content\/uploads\/2025\/11\/candidatas-1536x1024.jpg 1536w, https:\/\/enolife.com.ar\/es\/wp-content\/uploads\/2025\/11\/candidatas-1170x780.jpg 1170w, https:\/\/enolife.com.ar\/es\/wp-content\/uploads\/2025\/11\/candidatas-585x390.jpg 585w\" sizes=\"auto, (max-width: 2048px) 100vw, 2048px\" \/><\/a><figcaption class=\"wp-element-caption\"><em><strong>Las candidatas a Reina de la Vendimia de la Ciudad de Mendoza en 2025. La cuarta chica desde la izquierda, Juliana Graciela Zalazar, fue elegida finalmente como la soberana, y en la presente edici\u00f3n transferir\u00e1 el cetro a su sucesora.<\/strong><\/em><\/figcaption><\/figure><\/div>\n\n\n<div style=\"height:41px\" aria-hidden=\"true\" class=\"wp-block-spacer\"><\/div>\n\n\n\n<p>A su vez, las chicas que deseen cumplir su sue\u00f1o de representar a su Ciudad y su gente en la Vendimia 2026 deben haber\u00a0<strong>egresado de la escuela secundaria<\/strong>. Tambi\u00e9n se requiere un m\u00ednimo de dos a\u00f1os de residencia en la Ciudad de Mendoza. En el\u00a0<strong>formulario de inscripci\u00f3n online<\/strong>, adem\u00e1s de los datos personales de la interesada en ser reina de la Vendimia de Capital 2026, se deber\u00e1n detallar los datos de la entidad a quien representar\u00e1 cada una.<\/p>\n\n\n\n<div style=\"height:20px\" aria-hidden=\"true\" class=\"wp-block-spacer\"><\/div>\n\n\n\n<p class=\"has-background\" style=\"background-color:#e9cfd7\"><strong><a href=\"https:\/\/prensa.ciudaddemendoza.gob.ar\/wp-content\/uploads\/2025\/11\/Reglamento-Reinas.pdf\">Decreto y reglamento<\/a> &#8211; <a href=\"https:\/\/vendimia.ciudaddemendoza.gov.ar\/formPreInscripcion\">Formulario de inscripci\u00f3n<\/a><\/strong><\/p>\n\n\n\n<div style=\"height:21px\" aria-hidden=\"true\" class=\"wp-block-spacer\"><\/div>\n\n\n\n<p><strong>Juliana Graciela Zalazar<\/strong> es la actual reina de la Vendimia de la Ciudad de Mendoza 2025 y en la fiesta represent\u00f3 al <strong>Club Mendoza de Regatas<\/strong>. Mientras que\u00a0<strong>Agustina Bel\u00e9n Cap\u00f3\u00a0<\/strong>es la virreina y se postul\u00f3 en nombre de la <strong>C\u00e1mara Empresaria de Comercio, Industria, Turismo y Servicios de la Ciudad de Mendoza (Cecitys).<\/strong><\/p>\n\n\n\n<p>Esta convocatoria es realizada por el municipio a trav\u00e9s de su Subsecretar\u00eda de Cultura, Eventos Especiales y Protocolo.<\/p>\n\n\n\n<div style=\"height:33px\" aria-hidden=\"true\" class=\"wp-block-spacer\"><\/div>\n\n\n\n<p><\/p>\n","protected":false},"excerpt":{"rendered":"<p>Del lunes 10 al viernes 21 de noviembre de 2025, las vecinas de la Ciudad&hellip;<\/p>\n","protected":false},"author":2,"featured_media":169418,"comment_status":"closed","ping_status":"open","sticky":false,"template":"","format":"standard","meta":{"footnotes":""},"categories":[47],"tags":[],"class_list":["post-169417","post","type-post","status-publish","format-standard","has-post-thumbnail","hentry","category-agenda"],"_links":{"self":[{"href":"https:\/\/enolife.com.ar\/es\/wp-json\/wp\/v2\/posts\/169417","targetHints":{"allow":["GET"]}}],"collection":[{"href":"https:\/\/enolife.com.ar\/es\/wp-json\/wp\/v2\/posts"}],"about":[{"href":"https:\/\/enolife.com.ar\/es\/wp-json\/wp\/v2\/types\/post"}],"author":[{"embeddable":true,"href":"https:\/\/enolife.com.ar\/es\/wp-json\/wp\/v2\/users\/2"}],"replies":[{"embeddable":true,"href":"https:\/\/enolife.com.ar\/es\/wp-json\/wp\/v2\/comments?post=169417"}],"version-history":[{"count":0,"href":"https:\/\/enolife.com.ar\/es\/wp-json\/wp\/v2\/posts\/169417\/revisions"}],"wp:featuredmedia":[{"embeddable":true,"href":"https:\/\/enolife.com.ar\/es\/wp-json\/wp\/v2\/media\/169418"}],"wp:attachment":[{"href":"https:\/\/enolife.com.ar\/es\/wp-json\/wp\/v2\/media?parent=169417"}],"wp:term":[{"taxonomy":"category","embeddable":true,"href":"https:\/\/enolife.com.ar\/es\/wp-json\/wp\/v2\/categories?post=169417"},{"taxonomy":"post_tag","embeddable":true,"href":"https:\/\/enolife.com.ar\/es\/wp-json\/wp\/v2\/tags?post=169417"}],"curies":[{"name":"wp","href":"https:\/\/api.w.org\/{rel}","templated":true}]}}