{"id":169400,"date":"2025-11-08T17:55:35","date_gmt":"2025-11-08T17:55:35","guid":{"rendered":"https:\/\/enolife.com.ar\/es\/?p=169400"},"modified":"2025-11-10T12:18:15","modified_gmt":"2025-11-10T12:18:15","slug":"en-mendoza-y-san-juan-piden-que-el-inv-siga-fiscalizando-el-vino-en-origen-y-vigile-su-trazabilidad","status":"publish","type":"post","link":"https:\/\/enolife.com.ar\/es\/en-mendoza-y-san-juan-piden-que-el-inv-siga-fiscalizando-el-vino-en-origen-y-vigile-su-trazabilidad\/","title":{"rendered":"En Mendoza y San Juan piden que el INV siga fiscalizando el vino en origen y vigile su trazabilidad"},"content":{"rendered":"\n<h4 class=\"wp-block-heading\"><em><strong>Luego de que el Instituto Nacional de Vitivinicultura (INV) derogara entre octubre y noviembre de 2025 973 normas que regulaban la elaboraci\u00f3n del vino en Argentina, con el argumento de que as\u00ed se desburocratiza la industria y se ahorran costos de producci\u00f3n, desde los gobiernos de las dos principales provincias productoras advierten que la no fiscalizaci\u00f3n del origen puede ser riesgosa porque podr\u00edan mezclarse las uvas y los vinos de distintos terroirs, con la consiguiente p\u00e9rdida de la garant\u00eda de calidad.<\/strong><\/em><strong><em>  <\/em><\/strong><\/h4>\n\n\n\n<div style=\"height:38px\" aria-hidden=\"true\" class=\"wp-block-spacer\"><\/div>\n\n\n<a href=\"https:\/\/www.linkedin.com\/company\/agrinet-sa\/?originalSubdomain=ar\" aria-label=\"1700X500\"><img loading=\"lazy\" decoding=\"async\" src=\"https:\/\/enolife.com.ar\/es\/wp-content\/uploads\/2021\/11\/1700X500.gif\" alt=\"\"  width=\"1700\" height=\"500\"   \/><\/a>\n\n\n<div style=\"height:48px\" aria-hidden=\"true\" class=\"wp-block-spacer\"><\/div>\n\n\n\n<p>La <strong>Resoluci\u00f3n 37\/2025 <\/strong>del 7\/11\/2025 del <strong>Instituto Nacional de Vitivinicultura (INV)<\/strong> derog\u00f3 <strong>217 regulaciones <\/strong>hist\u00f3ricas, medida que se suma a la reciente<strong> baja de otras 756 dictadas<\/strong> en el \u00faltimo mes. Adem\u00e1s de las cancelaciones de trabas burocr\u00e1ticas antiguas, a partir de ahora el INV dejar\u00e1 de fiscalizar las etapas productivas y se enfocar\u00e1 s\u00f3lo en garantizar la calidad del vino embotellado.<\/p>\n\n\n\n<p>Sin bien en general la desregulaci\u00f3n ha sido aceptada e incluso elogiada desde las bodegas, funcionarios de los gobiernos de <strong>Mendoza<\/strong> y <strong>San Juan<\/strong> advirtieron que la falta de control en el origen de las uvas y el vino podr\u00eda acarrear el riesgo de p\u00e9rdida de legitimidad final del producto. Al respecto, el ministro de Producci\u00f3n de la provincia de Mendoza, <strong>Rodolfo Vargas Arizu<\/strong>, consultado por el diario Clar\u00edn, coment\u00f3: <em>\u00abHay casi 200.000 hect\u00e1reas de vi\u00f1edos en Argentina. El riesgo es que pase una uva de un lugar a otro. No es lo mismo un Malbec de Gualtallary, que de alguna zona de uvas menos cotizada\u00bb.<\/em><\/p>\n\n\n\n<div style=\"height:29px\" aria-hidden=\"true\" class=\"wp-block-spacer\"><\/div>\n\n\n<div class=\"wp-block-image\">\n<figure class=\"aligncenter size-full is-resized\"><a href=\"https:\/\/enolife.com.ar\/es\/wp-content\/uploads\/2025\/11\/Rodolfo-Vargas-Arizu.webp\"><img loading=\"lazy\" decoding=\"async\" width=\"790\" height=\"527\" src=\"https:\/\/enolife.com.ar\/es\/wp-content\/uploads\/2025\/11\/Rodolfo-Vargas-Arizu.webp\" alt=\"\" class=\"wp-image-169411\" style=\"width:644px;height:auto\" srcset=\"https:\/\/enolife.com.ar\/es\/wp-content\/uploads\/2025\/11\/Rodolfo-Vargas-Arizu.webp 790w, https:\/\/enolife.com.ar\/es\/wp-content\/uploads\/2025\/11\/Rodolfo-Vargas-Arizu-300x200.webp 300w, https:\/\/enolife.com.ar\/es\/wp-content\/uploads\/2025\/11\/Rodolfo-Vargas-Arizu-768x512.webp 768w, https:\/\/enolife.com.ar\/es\/wp-content\/uploads\/2025\/11\/Rodolfo-Vargas-Arizu-585x390.webp 585w\" sizes=\"auto, (max-width: 790px) 100vw, 790px\" \/><\/a><figcaption class=\"wp-element-caption\"><em><strong>Rodolfo Vargas Arizu, ministro de Producci\u00f3n de Mendoza<\/strong><\/em><strong><em>.<\/em><\/strong><\/figcaption><\/figure><\/div>\n\n\n<div style=\"height:26px\" aria-hidden=\"true\" class=\"wp-block-spacer\"><\/div>\n\n\n\n<p>El funcionario mendocino aclar\u00f3 a ese medio nacional que aprueba un 90% de las medidas porque, mencion\u00f3, <em>\u00abhab\u00eda mucha burocracia y costos innecesarios\u00bb<\/em>.<strong> <\/strong>Pero tambi\u00e9n dej\u00f3 en claro que disiente con dejar de fiscalizar el origen de las uvas.<\/p>\n\n\n\n<p>Cabe destacar que, en los fundamentos de las \u00faltimas resoluciones del INV, se consigna que el<strong> <\/strong>organismo dejar\u00e1 de controlar en la finca y la bodega, enfoc\u00e1ndose en la fiscalizaci\u00f3n del producto final en g\u00f3ndola, para garantizar su aptitud para el consumo. Y que los controles de trazabilidad (certificaci\u00f3n de origen, a\u00f1ada y varietal) pasar\u00e1n a ser optativos, a elecci\u00f3n de los productores, seg\u00fan mencionan las \u00faltimas resoluciones. Ya no ser\u00e1 obligatorio llenar el formulario conocido como <strong>CIU<\/strong>, una declaraci\u00f3n del origen de la uva cuando hace su ingreso a las bodegas.<\/p>\n\n\n\n<p>En <strong>San Juan<\/strong>, celebraron que el INV <strong>no haya autorizado la fermentaci\u00f3n diferida<\/strong>, que permite guardar el mosto y elaborar con \u00e9l el vino a futuro, no necesariamente con la uva en fresco. El ministro de Producci\u00f3n de esta provincia, <strong>Gustavo Fern\u00e1ndez<\/strong>, se mostr\u00f3 satisfecho porque se haya frenado esa posibilidad,<strong> <\/strong>ya que, precis\u00f3, un 50% de la uva de San Juan se destina a mosto o jugo de uva, un mecanismo que permite a las provincias productoras<strong> <\/strong>regular el precio del litro de vino y el sobrestock del producto.<\/p>\n\n\n\n<p><em>\u00abEn general estamos de acuerdo con procesos de desregulaci\u00f3n y hemos rescatado la continuidad del INV, en una industria que no es cualquiera, porque el vino es una bebida que tiene sus propias reglas y particularidades. El vino tiene su sello de calidad, genuinidad y eso ha permitido el reconocimiento del producto en los mercados externos\u00bb,<\/em> dijo el ministro sanjuanino al diario Clar\u00edn.<\/p>\n\n\n\n<p>Al publicar las resoluciones en el Bolet\u00edn Oficial, el ministro nacional de Desregulaci\u00f3n y Transformaci\u00f3n del Estado, <strong>Federico Sturzenegger<\/strong>, explic\u00f3 que con esta reforma<strong> <\/strong><em>\u201cse deja atr\u00e1s un r\u00e9gimen en el que el Estado pretend\u00eda controlar cada paso del proceso productivo para pasar a un modelo enfocado exclusivamente en garantizar la aptitud para consumo del vino\u201d.<\/em><\/p>\n\n\n\n<p>Seg\u00fan Sturzenegger, la resoluci\u00f3n pone fin a d\u00e9cadas d<strong>e <\/strong><em>\u201cburocracia absurda\u201d<\/em>. S\u00f3lo en 2024 el INV hab\u00eda emitido 140.000 permisos de tr\u00e1nsito y realizado m\u00e1s de 5.000 inspecciones, en algunos casos con visitas a una misma bodega cada dos d\u00edas.<strong> <\/strong><em>\u201cLa mayor\u00eda de las bodegas no tiene problemas;<strong> <\/strong>ya bastantes dificultades tiene el negocio en s\u00ed mismo para que el Estado complique las cosas\u201d<\/em>, sostuvo el funcionario argentino.<\/p>\n\n\n\n<p>Para fundamentar su decisi\u00f3n, el ministro nacional remarc\u00f3 que <strong>Argentina produce 900 millones de litros de vino por a\u00f1o y exporta US$ 800 millones anuales<\/strong>, lo que la ubica como el quinto productor mundial. Pero, se\u00f1al\u00f3, en un contexto de ca\u00edda global del consumo y cambio en las preferencias -con el auge del vino sin alcohol- <em>\u00abes un imperativo darle a la industria la flexibilidad y libertad necesarias para adaptarse a este cambiante entorno\u201d<\/em>.<\/p>\n\n\n\n<div style=\"height:35px\" aria-hidden=\"true\" class=\"wp-block-spacer\"><\/div>\n\n\n\n<p class=\"has-medium-font-size\"><strong>Aprobaci\u00f3n de bodegueros<\/strong><\/p>\n\n\n\n<p>Seg\u00fan consigna el \u00faltimo decreto del INV, el nuevo esquema tiene vigencia para productores de uvas, bodegas, f\u00e1bricas de mosto y espumosos, plantas de fraccionamiento y de productos enol\u00f3gicos, comercializadores, distribuidores, exportadores e importadores, as\u00ed como a laboratorios enol\u00f3gicos y operadores registrados.<\/p>\n\n\n\n<p>En relaci\u00f3n a la desregulaci\u00f3n, el presidente de<strong> Bodegas de Argentina <\/strong>y bodeguero<strong> Walter Bressia<\/strong>, dijo a Clar\u00edn: <em>\u00abCada tr\u00e1mite tiene un valor, ten\u00edamos que tener una persona que se ocupaba de cumplir todos los tr\u00e1mites y hab\u00eda bodega con tres o cuatro inspecciones del INV al a\u00f1o\u00bb<\/em>.<\/p>\n\n\n\n<div style=\"height:29px\" aria-hidden=\"true\" class=\"wp-block-spacer\"><\/div>\n\n\n<div class=\"wp-block-image\">\n<figure class=\"aligncenter size-large is-resized\"><a href=\"https:\/\/enolife.com.ar\/es\/wp-content\/uploads\/2025\/11\/Walter-Bressia.png\" data-rel=\"penci-gallery-image-content\" ><img loading=\"lazy\" decoding=\"async\" width=\"1024\" height=\"624\" src=\"https:\/\/enolife.com.ar\/es\/wp-content\/uploads\/2025\/11\/Walter-Bressia-1024x624.png\" alt=\"\" class=\"wp-image-169414\" style=\"width:696px;height:auto\" srcset=\"https:\/\/enolife.com.ar\/es\/wp-content\/uploads\/2025\/11\/Walter-Bressia-1024x624.png 1024w, https:\/\/enolife.com.ar\/es\/wp-content\/uploads\/2025\/11\/Walter-Bressia-300x183.png 300w, https:\/\/enolife.com.ar\/es\/wp-content\/uploads\/2025\/11\/Walter-Bressia-768x468.png 768w, https:\/\/enolife.com.ar\/es\/wp-content\/uploads\/2025\/11\/Walter-Bressia-1170x713.png 1170w, https:\/\/enolife.com.ar\/es\/wp-content\/uploads\/2025\/11\/Walter-Bressia-585x356.png 585w, https:\/\/enolife.com.ar\/es\/wp-content\/uploads\/2025\/11\/Walter-Bressia.png 1248w\" sizes=\"auto, (max-width: 1024px) 100vw, 1024px\" \/><\/a><figcaption class=\"wp-element-caption\"><em><strong>Walter Bressia, productor y presidente de Bodegas de Argentina<\/strong><\/em><strong><em>.<\/em><\/strong><\/figcaption><\/figure><\/div>\n\n\n<div style=\"height:36px\" aria-hidden=\"true\" class=\"wp-block-spacer\"><\/div>\n\n\n\n<p>Bressia afirm\u00f3 que al menos el 70% de los establecimientos elaboradores no acusan problemas en el proceso de elaboraci\u00f3n ni han recibido sanciones del INV por inclumpimiento de normas. <em>\u00abAhora que<strong> el <\/strong>control del origen va a pasar a ser optativo,<strong> <\/strong>si el productor quiere tener el certificado que diga que es un Malbec que viene de tal zona o vi\u00f1edo, lo tendr\u00e1 que garantizar el sector privado&#8230; Y para el despacho de uva y vinos, seguir\u00e1 funcionando el control del Senasa.<\/em><\/p>\n\n\n\n<p>Por su parte, el bodeguero <strong>Alberto Arizu<\/strong>, de la bodega <strong>Luigi Bosca<\/strong>, manifest\u00f3: <em>\u00abEs un gran trabajo y un<strong> <\/strong>paso importante para la modernizaci\u00f3n de nuestra industria. Necesitamos mayor competitividad para los desaf\u00edos futuros, sin por eso dejar de lado la calidad de nuestros vinos, que son reconocidos en todos lados del mundo\u00bb.<\/em><\/p>\n\n\n\n<div style=\"height:35px\" aria-hidden=\"true\" class=\"wp-block-spacer\"><\/div>\n\n\n\n<p class=\"has-small-font-size\"><em><strong>Fuente: Diario Clar\u00edn<\/strong><\/em><\/p>\n\n\n\n<div style=\"height:35px\" aria-hidden=\"true\" class=\"wp-block-spacer\"><\/div>\n","protected":false},"excerpt":{"rendered":"<p>Luego de que el Instituto Nacional de Vitivinicultura (INV) derogara entre octubre y noviembre de&hellip;<\/p>\n","protected":false},"author":2,"featured_media":169410,"comment_status":"closed","ping_status":"open","sticky":false,"template":"","format":"standard","meta":{"footnotes":""},"categories":[6],"tags":[],"class_list":["post-169400","post","type-post","status-publish","format-standard","has-post-thumbnail","hentry","category-bodega"],"_links":{"self":[{"href":"https:\/\/enolife.com.ar\/es\/wp-json\/wp\/v2\/posts\/169400","targetHints":{"allow":["GET"]}}],"collection":[{"href":"https:\/\/enolife.com.ar\/es\/wp-json\/wp\/v2\/posts"}],"about":[{"href":"https:\/\/enolife.com.ar\/es\/wp-json\/wp\/v2\/types\/post"}],"author":[{"embeddable":true,"href":"https:\/\/enolife.com.ar\/es\/wp-json\/wp\/v2\/users\/2"}],"replies":[{"embeddable":true,"href":"https:\/\/enolife.com.ar\/es\/wp-json\/wp\/v2\/comments?post=169400"}],"version-history":[{"count":0,"href":"https:\/\/enolife.com.ar\/es\/wp-json\/wp\/v2\/posts\/169400\/revisions"}],"wp:featuredmedia":[{"embeddable":true,"href":"https:\/\/enolife.com.ar\/es\/wp-json\/wp\/v2\/media\/169410"}],"wp:attachment":[{"href":"https:\/\/enolife.com.ar\/es\/wp-json\/wp\/v2\/media?parent=169400"}],"wp:term":[{"taxonomy":"category","embeddable":true,"href":"https:\/\/enolife.com.ar\/es\/wp-json\/wp\/v2\/categories?post=169400"},{"taxonomy":"post_tag","embeddable":true,"href":"https:\/\/enolife.com.ar\/es\/wp-json\/wp\/v2\/tags?post=169400"}],"curies":[{"name":"wp","href":"https:\/\/api.w.org\/{rel}","templated":true}]}}