{"id":169115,"date":"2025-11-05T14:18:01","date_gmt":"2025-11-05T14:18:01","guid":{"rendered":"https:\/\/enolife.com.ar\/es\/?p=169115"},"modified":"2025-11-06T17:14:30","modified_gmt":"2025-11-06T17:14:30","slug":"el-oleoturismo-despega-desde-mendoza-con-sus-primeras-jornadas-nacionales-7-y-8-11-en-la-enoteca","status":"publish","type":"post","link":"https:\/\/enolife.com.ar\/es\/el-oleoturismo-despega-desde-mendoza-con-sus-primeras-jornadas-nacionales-7-y-8-11-en-la-enoteca\/","title":{"rendered":"El oleoturismo despega desde Mendoza con sus primeras jornadas nacionales, 7 y 8\/11 en la Enoteca"},"content":{"rendered":"\n<h4 class=\"wp-block-heading\"><em><strong>El viernes 7 y el s\u00e1bado 8 de noviembre, la ciudad capital de la provincia ser\u00e1 escenario de las Primeras Jornadas Nacionales de Oleoturismo, un espacio de encuentro, formaci\u00f3n y promoci\u00f3n dedicado al desarrollo del turismo vinculado al aceite de oliva virgen extra (AOVE) en Mendoza y Argentina.<\/strong><\/em><\/h4>\n\n\n\n<div style=\"height:35px\" aria-hidden=\"true\" class=\"wp-block-spacer\"><\/div>\n\n\n\n\n\n<div style=\"height:45px\" aria-hidden=\"true\" class=\"wp-block-spacer\"><\/div>\n\n\n<div class=\"wp-block-image\">\n<figure class=\"alignleft size-full is-resized\"><a href=\"https:\/\/enolife.com.ar\/es\/wp-content\/uploads\/2025\/11\/Imagen2-2.jpg\" data-rel=\"penci-gallery-image-content\" ><img loading=\"lazy\" decoding=\"async\" width=\"275\" height=\"335\" src=\"https:\/\/enolife.com.ar\/es\/wp-content\/uploads\/2025\/11\/Imagen2-2.jpg\" alt=\"\" class=\"wp-image-169152\" style=\"width:265px;height:auto\" srcset=\"https:\/\/enolife.com.ar\/es\/wp-content\/uploads\/2025\/11\/Imagen2-2.jpg 275w, https:\/\/enolife.com.ar\/es\/wp-content\/uploads\/2025\/11\/Imagen2-2-246x300.jpg 246w\" sizes=\"auto, (max-width: 275px) 100vw, 275px\" \/><\/a><\/figure><\/div>\n\n\n<p>Las Primeras Jornadas Nacionales de Oleoturismo de Argentina se realizar\u00e1n en <strong>La Enoteca<\/strong>, centro tem\u00e1tico del vino de Mendoza, ubicado en Peltier 611 de esta Capital, el <strong>viernes 7 y el s\u00e1bado 8 de noviembre<\/strong>. El encuentro est\u00e1 destinado a productores oliv\u00edcolas, gastron\u00f3micos, estudiantes y agencias de turismo. Se trata de una actividad p\u00fablica y gratuita, que requiere inscripci\u00f3n previa, a trav\u00e9s del enlace que se encuentra en el sitio<strong>\u00a0<a href=\"http:\/\/www.mendoza.gov.ar\/turismo\">www.mendoza.gov.ar\/turismo<\/a>.<\/strong><\/p>\n\n\n\n<p>La presentaci\u00f3n oficial de esta original iniciativa se realiz\u00f3 el martes 4\/11 y cont\u00f3 con la participaci\u00f3n de funcionarios del <strong>Ente Mendoza Turismo (Emetur)<\/strong>, del Ministerio de Producci\u00f3n de la provincia y de representantes de los sectores productivo y acad\u00e9mico.<\/p>\n\n\n\n<p>Las jornadas reunir\u00e1n a referentes de los \u00e1mbitos tur\u00edstico, acad\u00e9mico, empresarial y productivo, con el prop\u00f3sito de consolidar al oleoturismo como un producto estrat\u00e9gico, sostenible y con identidad territorial dentro de la oferta tur\u00edstica nacional.<\/p>\n\n\n\n<div style=\"height:24px\" aria-hidden=\"true\" class=\"wp-block-spacer\"><\/div>\n\n\n\n<p class=\"has-medium-font-size\"><strong>Los ejes tem\u00e1ticos que se abordar\u00e1n<\/strong><\/p>\n\n\n\n<ul class=\"wp-block-list\">\n<li><strong>Oleoturismo con identidad:<\/strong> Experiencias y programas locales como Mendoza Oliva Bien y Turismo Rural Productivo.<\/li>\n\n\n\n<li><strong>Modelos internacionales:<\/strong> El liderazgo mundial de Ja\u00e9n (Espa\u00f1a) en producci\u00f3n y turismo del aceite de oliva virgen extra (AOVE).<\/li>\n\n\n\n<li><strong>Innovaci\u00f3n y sostenibilidad: <\/strong>Experiencias inmersivas, conservaci\u00f3n del patrimonio y educaci\u00f3n oliv\u00edcola.<\/li>\n\n\n\n<li><strong>Territorio y marca:<\/strong> Indicaci\u00f3n geogr\u00e1fica y patrimonio oliv\u00edcola.<\/li>\n\n\n\n<li><strong>Desarrollo de destinos oleotur\u00edsticos argentinos:<\/strong> Rutas y paisajes del olivo.<\/li>\n\n\n\n<li><strong>Negocios, gastronom\u00eda y experiencias: <\/strong>Articulaci\u00f3n entre productores, restaurantes y turismo.<\/li>\n\n\n\n<li><strong>Integraci\u00f3n sectorial:<\/strong> Cooperaci\u00f3n entre provincias, universidades y organismos nacionales.<\/li>\n<\/ul>\n\n\n\n<p>Adem\u00e1s, se realizar\u00e1 una actividad complementaria con costo, que consistir\u00e1 en una cata guiada de aceite de oliva virgen extra con maridaje de productos identitarios de Mendoza, posibilitando una experiencia sensorial original que combina saber, sabor y territorio.<\/p>\n\n\n\n<div style=\"height:35px\" aria-hidden=\"true\" class=\"wp-block-spacer\"><\/div>\n\n\n\n<figure class=\"wp-block-gallery has-nested-images columns-default is-cropped wp-block-gallery-1 is-layout-flex wp-block-gallery-is-layout-flex\">\n<figure class=\"wp-block-image size-full\"><a href=\"https:\/\/enolife.com.ar\/es\/wp-content\/uploads\/2025\/11\/20240805-Ruta-del-Aceite-de-Extremadura-oleoturismo-1.jpg\" data-rel=\"penci-gallery-image-content\" ><img loading=\"lazy\" decoding=\"async\" width=\"673\" height=\"400\" data-id=\"169138\" src=\"https:\/\/enolife.com.ar\/es\/wp-content\/uploads\/2025\/11\/20240805-Ruta-del-Aceite-de-Extremadura-oleoturismo-1.jpg\" alt=\"\" class=\"wp-image-169138\" srcset=\"https:\/\/enolife.com.ar\/es\/wp-content\/uploads\/2025\/11\/20240805-Ruta-del-Aceite-de-Extremadura-oleoturismo-1.jpg 673w, https:\/\/enolife.com.ar\/es\/wp-content\/uploads\/2025\/11\/20240805-Ruta-del-Aceite-de-Extremadura-oleoturismo-1-300x178.jpg 300w, https:\/\/enolife.com.ar\/es\/wp-content\/uploads\/2025\/11\/20240805-Ruta-del-Aceite-de-Extremadura-oleoturismo-1-585x348.jpg 585w\" sizes=\"auto, (max-width: 673px) 100vw, 673px\" \/><\/a><\/figure>\n\n\n\n<figure class=\"wp-block-image size-full\"><a href=\"https:\/\/enolife.com.ar\/es\/wp-content\/uploads\/2025\/11\/20240805-Ruta-del-Aceite-de-Extremadura-oleoturismo-2.jpg\" data-rel=\"penci-gallery-image-content\" ><img loading=\"lazy\" decoding=\"async\" width=\"641\" height=\"400\" data-id=\"169139\" src=\"https:\/\/enolife.com.ar\/es\/wp-content\/uploads\/2025\/11\/20240805-Ruta-del-Aceite-de-Extremadura-oleoturismo-2.jpg\" alt=\"\" class=\"wp-image-169139\" srcset=\"https:\/\/enolife.com.ar\/es\/wp-content\/uploads\/2025\/11\/20240805-Ruta-del-Aceite-de-Extremadura-oleoturismo-2.jpg 641w, https:\/\/enolife.com.ar\/es\/wp-content\/uploads\/2025\/11\/20240805-Ruta-del-Aceite-de-Extremadura-oleoturismo-2-300x187.jpg 300w, https:\/\/enolife.com.ar\/es\/wp-content\/uploads\/2025\/11\/20240805-Ruta-del-Aceite-de-Extremadura-oleoturismo-2-585x365.jpg 585w\" sizes=\"auto, (max-width: 641px) 100vw, 641px\" \/><\/a><\/figure>\n<\/figure>\n\n\n\n<div style=\"height:35px\" aria-hidden=\"true\" class=\"wp-block-spacer\"><\/div>\n\n\n\n<p>Los expositores provendr\u00e1n de distintos puntos del pa\u00eds y del exterior, por ejemplo de las provincias de <strong>Mendoza, San Juan, La Rioja, C\u00f3rdoba y Catamarca<\/strong> -principales productoras de AOVE y aceitunas de mesa del pa\u00eds. Tambi\u00e9n vendr\u00e1n funcionarios nacionales de los ministerios de Turismo, Ambiente y Agricultura. Y estar\u00e1n presentes invitados de <strong>Espa\u00f1a <\/strong>(Universidad de Ja\u00e9n y Grupo Ole\u00edcola Ja\u00e9n) y <strong>T\u00fanez <\/strong>(Consejo Ole\u00edcola Internacional).<\/p>\n\n\n\n<p>La segunda jornada, el <strong>s\u00e1bado 8 de noviembre<\/strong>, estar\u00e1 dedicada a las<strong> experiencias oleotur\u00edsticas de Mendoza <\/strong>y ser\u00e1 una actividad exclusiva destinada a la prensa, a generadores de contenido y a operadores tur\u00edsticos. Durante esta instancia se desarrollar\u00e1n dos recorridos simult\u00e1neos por fincas, almazaras, olivares, miradores y espacios gastron\u00f3micos, mostrando la diversidad del territorio mendocino y las posibilidades del turismo vinculado al olivo.<\/p>\n\n\n\n<div style=\"height:35px\" aria-hidden=\"true\" class=\"wp-block-spacer\"><\/div>\n\n\n\n<figure class=\"wp-block-gallery has-nested-images columns-default is-cropped wp-block-gallery-2 is-layout-flex wp-block-gallery-is-layout-flex\">\n<figure class=\"wp-block-image size-full\"><a href=\"https:\/\/enolife.com.ar\/es\/wp-content\/uploads\/2025\/11\/17283727726395.jpg\" data-rel=\"penci-gallery-image-content\" ><img loading=\"lazy\" decoding=\"async\" width=\"455\" height=\"252\" data-id=\"169141\" src=\"https:\/\/enolife.com.ar\/es\/wp-content\/uploads\/2025\/11\/17283727726395.jpg\" alt=\"\" class=\"wp-image-169141\" srcset=\"https:\/\/enolife.com.ar\/es\/wp-content\/uploads\/2025\/11\/17283727726395.jpg 455w, https:\/\/enolife.com.ar\/es\/wp-content\/uploads\/2025\/11\/17283727726395-300x166.jpg 300w\" sizes=\"auto, (max-width: 455px) 100vw, 455px\" \/><\/a><\/figure>\n\n\n\n<figure class=\"wp-block-image size-full\"><a href=\"https:\/\/enolife.com.ar\/es\/wp-content\/uploads\/2025\/11\/17283727749750.jpg\" data-rel=\"penci-gallery-image-content\" ><img loading=\"lazy\" decoding=\"async\" width=\"596\" height=\"365\" data-id=\"169142\" src=\"https:\/\/enolife.com.ar\/es\/wp-content\/uploads\/2025\/11\/17283727749750.jpg\" alt=\"\" class=\"wp-image-169142\" srcset=\"https:\/\/enolife.com.ar\/es\/wp-content\/uploads\/2025\/11\/17283727749750.jpg 596w, https:\/\/enolife.com.ar\/es\/wp-content\/uploads\/2025\/11\/17283727749750-300x184.jpg 300w, https:\/\/enolife.com.ar\/es\/wp-content\/uploads\/2025\/11\/17283727749750-585x358.jpg 585w\" sizes=\"auto, (max-width: 596px) 100vw, 596px\" \/><\/a><\/figure>\n<\/figure>\n\n\n\n<div style=\"height:35px\" aria-hidden=\"true\" class=\"wp-block-spacer\"><\/div>\n\n\n\n<p>La presidenta del Emetur,<strong> Gabriela Testa,<\/strong> destac\u00f3 la importancia de este encuentro nacional: <em>\u201cEl oleoturismo representa una enorme oportunidad para Mendoza y para el pa\u00eds. Nos permite diversificar la oferta tur\u00edstica, fortalecer la identidad de nuestros territorios y poner en valor el trabajo de quienes transforman el olivo en un producto con historia, sabor y cultura. Estas jornadas son un paso clave para consolidar a la Argentina como un destino oleotur\u00edstico de referencia en la regi\u00f3n\u00bb.<\/em><\/p>\n\n\n\n<p><strong>Adriana Federigi, <\/strong>vicepresidenta de la<strong> Asociaci\u00f3n Oliv\u00edcola de Mendoza<\/strong> <strong>(Asolmen)<\/strong>, remarc\u00f3 que <em>\u201cMendoza tiene un desarrollo muy importante en todo lo que es el oliva y tiene muchos establecimientos con desarrollos important\u00edsimos, y esta es una gran oportunidad para mostrarlos\u201d.<\/em><\/p>\n\n\n\n<div style=\"height:35px\" aria-hidden=\"true\" class=\"wp-block-spacer\"><\/div>\n\n\n<div class=\"wp-block-image\">\n<figure class=\"aligncenter size-large\"><a href=\"https:\/\/enolife.com.ar\/es\/wp-content\/uploads\/2025\/11\/whatsapp_image_2025-11-03_at_10.53.24.jpeg\" data-rel=\"penci-gallery-image-content\" ><img loading=\"lazy\" decoding=\"async\" width=\"1024\" height=\"440\" src=\"https:\/\/enolife.com.ar\/es\/wp-content\/uploads\/2025\/11\/whatsapp_image_2025-11-03_at_10.53.24-1024x440.jpeg\" alt=\"\" class=\"wp-image-169145\" srcset=\"https:\/\/enolife.com.ar\/es\/wp-content\/uploads\/2025\/11\/whatsapp_image_2025-11-03_at_10.53.24-1024x440.jpeg 1024w, https:\/\/enolife.com.ar\/es\/wp-content\/uploads\/2025\/11\/whatsapp_image_2025-11-03_at_10.53.24-300x129.jpeg 300w, https:\/\/enolife.com.ar\/es\/wp-content\/uploads\/2025\/11\/whatsapp_image_2025-11-03_at_10.53.24-768x330.jpeg 768w, https:\/\/enolife.com.ar\/es\/wp-content\/uploads\/2025\/11\/whatsapp_image_2025-11-03_at_10.53.24-1170x503.jpeg 1170w, https:\/\/enolife.com.ar\/es\/wp-content\/uploads\/2025\/11\/whatsapp_image_2025-11-03_at_10.53.24-585x251.jpeg 585w, https:\/\/enolife.com.ar\/es\/wp-content\/uploads\/2025\/11\/whatsapp_image_2025-11-03_at_10.53.24.jpeg 1280w\" sizes=\"auto, (max-width: 1024px) 100vw, 1024px\" \/><\/a><\/figure><\/div>\n\n\n<div style=\"height:35px\" aria-hidden=\"true\" class=\"wp-block-spacer\"><\/div>\n\n\n\n<p class=\"has-medium-font-size\"><strong>La programaci\u00f3n<\/strong><\/p>\n\n\n\n<p class=\"has-background\" style=\"background-color:#abb7c254\"><strong>Jornada del 7 de noviembre \u2013 La Enoteca (Ciudad de Mendoza)<\/strong><\/p>\n\n\n\n<p><strong>08:30 hs.<\/strong> \u2013 Acreditaciones<\/p>\n\n\n\n<p><strong>09:30 hs.<\/strong> \u2013 Apertura de las Primeras Jornadas de Oleoturismo &#8211; Gabriela Testa, Ente Mendoza Turismo.<\/p>\n\n\n\n<p><strong>09:45 hs. <\/strong>\u2013 Oleoturismo con identidad: la experiencia Mendoza Oliva Bien &#8211; Marcelo Reynoso, Ente Mendoza Turismo, Direcci\u00f3n de Desarrollo Tur\u00edstico e Innovaci\u00f3n.<\/p>\n\n\n\n<p><strong>10:30 hs.<\/strong> \u2013 Presentaci\u00f3n del Programa Turismo Rural Productivo &#8211; Laura Scimone, Secretar\u00eda de Turismo, Ambiente y Deportes de la Naci\u00f3n. Mar\u00eda del Lucero Glorio, Secretar\u00eda de Agricultura, Ganader\u00eda y Pesca de la Naci\u00f3n.<\/p>\n\n\n\n<p><strong>10:45 hs.<\/strong> \u2013 Conferencia Magistral \u201cJa\u00e9n, capital mundial del AOVE: claves de un modelo de oleoturismo competitivo\u201d &#8211; Juan Ignacio Pulido Fern\u00e1ndez, Universidad de Ja\u00e9n (Espa\u00f1a), Director del LAInnTur, por&nbsp;<em>streaming<\/em>.<\/p>\n\n\n\n<p><strong>11:30 hs<\/strong>. \u2013 Conferencia \u201cAOVELand: innovaci\u00f3n, sostenibilidad y experiencia inmersiva en oleoturismo\u201d -Joaqu\u00edn Morillo Ruiz Baeza, Grupo Ole\u00edcola Ja\u00e9n (Espa\u00f1a), por&nbsp;<em>streaming<\/em>.<\/p>\n\n\n\n<p><strong>12:15 hs.<\/strong> \u2013 Almuerzo<\/p>\n\n\n\n<p><strong>13:30 hs.<\/strong> \u2013 Panel de expertos: Indicaciones geogr\u00e1ficas y patrimonio ole\u00edcola: claves para la identidad territorial.<\/p>\n\n\n\n<ul class=\"wp-block-list\">\n<li>Abderraouf Laajimi, Consejo Ole\u00edcola Internacional (T\u00fanez).<\/li>\n\n\n\n<li>Pablo Mor\u00f3n, Secretar\u00eda de Agricultura, Ganader\u00eda y Pesca de la Naci\u00f3n.<\/li>\n\n\n\n<li>Mario Bustos Carra, Asociaci\u00f3n Oliv\u00edcola de Mendoza.<\/li>\n\n\n\n<li>Susana Mattar, Universidad Cat\u00f3lica de Cuyo (San Juan).<\/li>\n\n\n\n<li>Moderador: Alfredo Draque, Ministerio de Producci\u00f3n de Mendoza.<\/li>\n<\/ul>\n\n\n\n<p><strong>14:20 hs<\/strong>. \u2013 Mesa redonda &#8211; Paisajes del olivo: destinos oleotur\u00edsticos en Argentina.<\/p>\n\n\n\n<ul class=\"wp-block-list\">\n<li>Guillermo Acevedo, Ruta del Olivo Catamarque\u00f1o (Catamarca).<\/li>\n\n\n\n<li>Julio Luj\u00e1n, Camino del Olivo de C\u00f3rdoba (C\u00f3rdoba).<\/li>\n\n\n\n<li>Jorge Corrales, Ruta del Olivo de General San Mart\u00edn (Mendoza).<\/li>\n\n\n\n<li>Maika Rech, Ruta del Olivo de San Juan (San Juan).<\/li>\n\n\n\n<li>Nicol\u00e1s Chumbita, Ruta del Olivo Riojano (La Rioja).<\/li>\n\n\n\n<li>Moderador: Gabriel Fidel, Universidad Nacional de Cuyo.<\/li>\n<\/ul>\n\n\n\n<p><strong>15:10 hs<\/strong>. \u2013 Conversatorio &#8211; Negocios y experiencias en oleoturismo.<\/p>\n\n\n\n<ul class=\"wp-block-list\">\n<li>Gisela Rosell, Olib\u00f3<\/li>\n\n\n\n<li>Carlos S\u00e1ez, Oliv\u00edcola Laur<\/li>\n\n\n\n<li>Cristian Garc\u00eda, Museo del Olivo y el Aceto (Municipalidad de Maip\u00fa)<\/li>\n\n\n\n<li>Bettina Moral Tor\u00e9s, La Pocitana (San Juan)<\/li>\n\n\n\n<li>Moderador: Carlos Hern\u00e1ndez, periodista<\/li>\n<\/ul>\n\n\n\n<p><strong>16:00 hs<\/strong>. \u2013 Conversatorio &#8211; Gastronom\u00eda y Oleoturismo<\/p>\n\n\n\n<ul class=\"wp-block-list\">\n<li>Patricia Courtois, Restaurante 5 Suelos &#8211; Durigutti Family Winemakers<\/li>\n\n\n\n<li>Miguel Zuccardi, Restaurante Pan y Oliva &#8211; Oliv\u00edcola Zuelo<\/li>\n\n\n\n<li>Beatriz Barbera, Francesco Restaurante<\/li>\n\n\n\n<li>Moderadora: Roxana Badaloni, periodista<\/li>\n<\/ul>\n\n\n\n<p><strong>16:40 hs.<\/strong> Caf\u00e9<\/p>\n\n\n\n<p><strong>17:00 hs.<\/strong> Panel de expertos. Olivicultura sostenible y oleoturismo: innovaci\u00f3n, educaci\u00f3n y conservaci\u00f3n del patrimonio.<\/p>\n\n\n\n<ul class=\"wp-block-list\">\n<li>Facundo Soria, Secretar\u00eda de Agricultura, Ganader\u00eda y Pesca de la Naci\u00f3n<\/li>\n\n\n\n<li>Alfredo Baroni, Obra Don Bosco, Rodeo del Medio<\/li>\n\n\n\n<li>Adriana Banco, INTA EEA Jun\u00edn, Banco de Germoplasma de Olivos<\/li>\n\n\n\n<li>Moderadora: M\u00f3nica Mir\u00e1bile, Universidad Nacional de Cuyo, Facultad de Ciencias Agrarias<\/li>\n<\/ul>\n\n\n\n<p><strong>17:40 hs.<\/strong> Palabras finales y conclusiones<\/p>\n\n\n\n<p><strong>19:30 hs<\/strong>. Actividad cultural y gastron\u00f3mica (arancelada) &#8211; Cata de AOVE y maridaje de cocina mendocina. Ana Clara Castillo, Sommelier con especializaci\u00f3n en aceite de oliva, Universidad de Ja\u00e9n. Lucian Ricco, Hype Pastas.<\/p>\n\n\n\n<div style=\"height:39px\" aria-hidden=\"true\" class=\"wp-block-spacer\"><\/div>\n\n\n\n<p class=\"has-background\" style=\"background-color:#abb7c254\"><strong>Jornada del 8 de noviembre \u2013 Experiencias Oleotur\u00edsticas<\/strong><\/p>\n\n\n\n<p><strong>09:00 a 14:30 hs<\/strong>. \u2013 Visita t\u00e9cnica \/\u00a0<em>fam tour<\/em> y <em>fam press<\/em> &#8211; Recorrido dirigido a agencias de viajes, operadores tur\u00edsticos, prensa especializada e influencers. La experiencia incluye visitas a olivares, almazaras y restaurantes tem\u00e1ticos del departamento de Maip\u00fa, donde se podr\u00e1 apreciar el proceso de elaboraci\u00f3n del aceite de oliva virgen extra y su estrecha relaci\u00f3n con la identidad local y la gastronom\u00eda mendocina.<\/p>\n\n\n\n<div style=\"height:24px\" aria-hidden=\"true\" class=\"wp-block-spacer\"><\/div>\n\n\n\n<p class=\"has-background\" style=\"background-color:#abb7c26b\"><strong>Descargar programa completo <a href=\"https:\/\/www.argentina.gob.ar\/sites\/default\/files\/2025\/11\/programa_jornadas_oleoturismo.pdf\">AQU\u00cd<\/a><\/strong><\/p>\n\n\n\n<div style=\"height:35px\" aria-hidden=\"true\" class=\"wp-block-spacer\"><\/div>\n","protected":false},"excerpt":{"rendered":"<p>El viernes 7 y el s\u00e1bado 8 de noviembre, la ciudad capital de la provincia&hellip;<\/p>\n","protected":false},"author":2,"featured_media":169144,"comment_status":"closed","ping_status":"open","sticky":false,"template":"","format":"standard","meta":{"footnotes":""},"categories":[47],"tags":[],"class_list":["post-169115","post","type-post","status-publish","format-standard","has-post-thumbnail","hentry","category-agenda"],"_links":{"self":[{"href":"https:\/\/enolife.com.ar\/es\/wp-json\/wp\/v2\/posts\/169115","targetHints":{"allow":["GET"]}}],"collection":[{"href":"https:\/\/enolife.com.ar\/es\/wp-json\/wp\/v2\/posts"}],"about":[{"href":"https:\/\/enolife.com.ar\/es\/wp-json\/wp\/v2\/types\/post"}],"author":[{"embeddable":true,"href":"https:\/\/enolife.com.ar\/es\/wp-json\/wp\/v2\/users\/2"}],"replies":[{"embeddable":true,"href":"https:\/\/enolife.com.ar\/es\/wp-json\/wp\/v2\/comments?post=169115"}],"version-history":[{"count":0,"href":"https:\/\/enolife.com.ar\/es\/wp-json\/wp\/v2\/posts\/169115\/revisions"}],"wp:featuredmedia":[{"embeddable":true,"href":"https:\/\/enolife.com.ar\/es\/wp-json\/wp\/v2\/media\/169144"}],"wp:attachment":[{"href":"https:\/\/enolife.com.ar\/es\/wp-json\/wp\/v2\/media?parent=169115"}],"wp:term":[{"taxonomy":"category","embeddable":true,"href":"https:\/\/enolife.com.ar\/es\/wp-json\/wp\/v2\/categories?post=169115"},{"taxonomy":"post_tag","embeddable":true,"href":"https:\/\/enolife.com.ar\/es\/wp-json\/wp\/v2\/tags?post=169115"}],"curies":[{"name":"wp","href":"https:\/\/api.w.org\/{rel}","templated":true}]}}