{"id":169020,"date":"2025-11-03T23:37:05","date_gmt":"2025-11-03T23:37:05","guid":{"rendered":"https:\/\/enolife.com.ar\/es\/?p=169020"},"modified":"2025-11-04T19:00:01","modified_gmt":"2025-11-04T19:00:01","slug":"cual-es-el-impacto-de-la-geopolitica-en-el-negocio-del-vino-en-un-congreso-el-8-11-en-la-uncuyo","status":"publish","type":"post","link":"https:\/\/enolife.com.ar\/es\/cual-es-el-impacto-de-la-geopolitica-en-el-negocio-del-vino-en-un-congreso-el-8-11-en-la-uncuyo\/","title":{"rendered":"Cu\u00e1l es el impacto de la geopol\u00edtica en el negocio del vino, en un congreso el 8\/11 en la UNCuyo"},"content":{"rendered":"\n<h4 class=\"wp-block-heading\"><em><strong>El 8 de noviembre pr\u00f3ximo, de <strong>8.30 a 13.30 hs, <\/strong>en el Sal\u00f3n de Grado de la Facultad de Ciencias Econ\u00f3micas de la Universidad Nacional de Cuyo (UNCuyo), se desarrollar\u00e1 una nueva edici\u00f3n -la 3ra.- del encuentro \u00abEl Futuro del Vino Argentino\u00bb, organizado por el Fondo Vitivin\u00edcola y la Corporaci\u00f3n Vitivin\u00edcola Argentina (Coviar), con aval y participaci\u00f3n directa de la Organizaci\u00f3n Internacional de la Vid y el Vino (OIV). El congreso -de amplia convocatoria en su 2da edici\u00f3n de 2024 (foto principal) apunta a compartir y debatir informaci\u00f3n estrat\u00e9gica para el sector del vino. Reunir\u00e1 a personalidades de relevancia internacional y se presentar\u00e1n estudios de mercado fundamentales para dise\u00f1ar estrategias de negocios y entender el mercado en el que compite el vino. Las \u00faltimas entradas para asistir a este foro ya est\u00e1n disponibles en Entrada Web y pueden adquirirse a un precio especial de preventa de $20.000.<\/strong><\/em><\/h4>\n\n\n\n<div style=\"height:30px\" aria-hidden=\"true\" class=\"wp-block-spacer\"><\/div>\n\n\n\n\n\n<div style=\"height:37px\" aria-hidden=\"true\" class=\"wp-block-spacer\"><\/div>\n\n\n\n<p>El 8 de noviembre se realizar\u00e1 en <strong>Mendoza<\/strong> la 3\u00b0 edici\u00f3n del encuentro <strong>\u00abEl Futuro del Vino Argentino\u00bb<\/strong>, organizado por el <strong>Fondo Vitivin\u00edcola<\/strong> con apoyo de la <strong>Corporaci\u00f3n Vitivin\u00edcola Argentina (Coviar)<\/strong> y la <strong>Organizaci\u00f3n Internacional de la Vid y el Vino (OIV)<\/strong>, con sede en Francia. La cita reunir\u00e1 a expertos que presentar\u00e1n estudios de mercado, tendencias y debates sobre el impacto de la geopol\u00edtica en el negocio mundial del vino. La cita ser\u00e1 en el Sal\u00f3n de Grado de la <strong>Facultad de Ciencias Econ\u00f3micas (UNCuyo).<\/strong><br>Las \u00faltimas entradas para el evento se encuentran disponibles en Entradaweb.<a href=\"https:\/\/www.facebook.com\/sharer\/sharer.php?u=https:\/\/enolife.com.ar\/es\/estabilizando-argentina-en-un-mundo-inestable-la-charla-de-malamud-en-el-foro-el-futuro-del-vino\/\" target=\"_blank\" rel=\"noreferrer noopener\"><\/a><a href=\"https:\/\/twitter.com\/intent\/tweet?text=\u00abEstabilizando%20Argentina%20en%20un%20mundo%20inestable\u00bb,%20charla%20de%20Malamud%20en%20el%20foro%20El%20Futuro%20del%20Vino%20-%20https:\/\/enolife.com.ar\/es\/estabilizando-argentina-en-un-mundo-inestable-la-charla-de-malamud-en-el-foro-el-futuro-del-vino\/\" target=\"_blank\" rel=\"noreferrer noopener\"><\/a><a href=\"https:\/\/linkedin.com\/shareArticle?url=https:\/\/enolife.com.ar\/es\/estabilizando-argentina-en-un-mundo-inestable-la-charla-de-malamud-en-el-foro-el-futuro-del-vino\/\" target=\"_blank\" rel=\"noreferrer noopener\"> <\/a><a href=\"https:\/\/api.whatsapp.com\/send?text=https:\/\/enolife.com.ar\/es\/estabilizando-argentina-en-un-mundo-inestable-la-charla-de-malamud-en-el-foro-el-futuro-del-vino\/\" target=\"_blank\" rel=\"noreferrer noopener\"><\/a><\/p>\n\n\n\n<div style=\"height:22px\" aria-hidden=\"true\" class=\"wp-block-spacer\"><\/div>\n\n\n\n<p><strong>Programa de la jornada<\/strong><\/p>\n\n\n\n<ul class=\"wp-block-list\">\n<li><strong>8.30: <\/strong>Recepci\u00f3n y acreditaciones<\/li>\n\n\n\n<li><strong>8.50:<\/strong>&nbsp;Palabras de bienvenida<\/li>\n\n\n\n<li><strong>9.00:<\/strong>&nbsp;Conferencia de&nbsp;<strong>Andr\u00e9s Malamud<\/strong>.&nbsp;<em>\u00abEstabilizando Argentina en un mundo inestable\u00bb<\/em>.<\/li>\n\n\n\n<li><strong>9.50:<\/strong>&nbsp;Conferencia de&nbsp;<strong>Yvette Van der Merwe<\/strong>, presidenta de la OIV(Organizaci\u00f3n Internacional de la Vid y el Vino):&nbsp;<em>\u00abEconom\u00eda del vino.Tendencias en la oferta y la demanda en el contexto de sustentabilidad e innovaci\u00f3n\u00bb<\/em>.<\/li>\n\n\n\n<li><strong>10.45:<\/strong>&nbsp;Break<\/li>\n\n\n\n<li><strong>11.15:<\/strong>&nbsp;<strong>Carolina Nu\u00f1ez<\/strong>, consultora World panel by Numerator presentar\u00e1 el&nbsp;<em>\u00abEstudio sobre las oportunidades de mercado para los vinos debaja graduaci\u00f3n alcoh\u00f3lica en Argentina\u00bb.<\/em><\/li>\n\n\n\n<li><strong>12.00:<\/strong>&nbsp;Conferencia de&nbsp;<strong>Guillermo Oliveto<\/strong>. \u00abEntre el alcohol y el no alcohol. Percepciones, oportunidades y barreras en el consumo del vinos\u00bb.<\/li>\n\n\n\n<li><strong>12.50:<\/strong>&nbsp;Preguntas del auditorio<\/li>\n\n\n\n<li><strong>13.30:<\/strong>&nbsp;C\u00f3ctel y networking<\/li>\n<\/ul>\n\n\n\n<div style=\"height:33px\" aria-hidden=\"true\" class=\"wp-block-spacer\"><\/div>\n\n\n\n<p class=\"has-medium-font-size\"><strong>Degustaci\u00f3n de aceites de oliva en La Enoteca<\/strong><\/p>\n\n\n\n<p>Otra de las actividades de inter\u00e9s para el p\u00fablico en general organizadas por el Fondo Vitivin\u00edcola, ser\u00e1 una <strong>degustaci\u00f3n de distintos aceites de oliva virgen extra y otros productos regionales mendocinos<\/strong>, este viernes <strong>7 de noviembre desde las 20 en La Enoteca<\/strong> -centro tem\u00e1tico del vino de la capital de la provincia. La invitaci\u00f3n es para vivir una experiencia sensorial que une sabores mendocinos y aceite de oliva, productos con profunda historia en nuestras tierras. <\/p>\n\n\n\n<div style=\"height:26px\" aria-hidden=\"true\" class=\"wp-block-spacer\"><\/div>\n\n\n<div class=\"wp-block-image\">\n<figure class=\"aligncenter size-large is-resized\"><a href=\"https:\/\/enolife.com.ar\/es\/wp-content\/uploads\/2021\/01\/asocsomelier-de-aceites-de-oliva.jpg\" data-rel=\"penci-gallery-image-content\" ><img loading=\"lazy\" decoding=\"async\" width=\"1024\" height=\"440\" src=\"https:\/\/enolife.com.ar\/es\/wp-content\/uploads\/2021\/01\/asocsomelier-de-aceites-de-oliva-1024x440.jpg\" alt=\"\" class=\"wp-image-27680\" style=\"width:734px;height:auto\" srcset=\"https:\/\/enolife.com.ar\/es\/wp-content\/uploads\/2021\/01\/asocsomelier-de-aceites-de-oliva-1024x440.jpg 1024w, https:\/\/enolife.com.ar\/es\/wp-content\/uploads\/2021\/01\/asocsomelier-de-aceites-de-oliva-300x129.jpg 300w, https:\/\/enolife.com.ar\/es\/wp-content\/uploads\/2021\/01\/asocsomelier-de-aceites-de-oliva-768x330.jpg 768w, https:\/\/enolife.com.ar\/es\/wp-content\/uploads\/2021\/01\/asocsomelier-de-aceites-de-oliva-1170x503.jpg 1170w, https:\/\/enolife.com.ar\/es\/wp-content\/uploads\/2021\/01\/asocsomelier-de-aceites-de-oliva-585x251.jpg 585w, https:\/\/enolife.com.ar\/es\/wp-content\/uploads\/2021\/01\/asocsomelier-de-aceites-de-oliva.jpg 1280w\" sizes=\"auto, (max-width: 1024px) 100vw, 1024px\" \/><\/a><\/figure><\/div>\n\n\n<div style=\"height:20px\" aria-hidden=\"true\" class=\"wp-block-spacer\"><\/div>\n\n\n\n<p>All\u00ed, de la mano de la sommelier <strong>Ana Castillo<\/strong>, y con la colaboraci\u00f3n del Ente Mendoza Turismo (Emetur) y el <strong>gobierno de Mendoza<\/strong>, se podr\u00e1n explorar las cualidades del aceite de oliva virgen extra y su maridaje con gastronom\u00eda local. Las entradas est\u00e1n disponibles en Eventbrite, a un costo de $20.000 para el p\u00fablico en general.<\/p>\n\n\n\n<div style=\"height:30px\" aria-hidden=\"true\" class=\"wp-block-spacer\"><\/div>\n\n\n\n<p class=\"has-medium-font-size\"><strong>La Plaza del Vino, reconocida en los premios Edificar<\/strong><\/p>\n\n\n\n<p>En la edici\u00f3n 2025 de los premios Edificar -otorgados por la Red Edificar y el Colegio de Arquitectos de Mendoza- la <strong>Plaza del Vino<\/strong> fue distinguida con una Menci\u00f3n Especial. Este amplio espacio tem\u00e1tico, de libre acceso, est\u00e1 ubicado entre la Enoteca, el Centro de Congresos y Exposiciones y el Auditorio \u00c1ngel Bustelo, sobre la calle <strong>Peltier al 611<\/strong> del Barrio C\u00edvico, en la capital mendocina.<\/p>\n\n\n\n<div style=\"height:30px\" aria-hidden=\"true\" class=\"wp-block-spacer\"><\/div>\n\n\n<div class=\"wp-block-image\">\n<figure class=\"aligncenter size-full is-resized\"><a href=\"https:\/\/enolife.com.ar\/es\/wp-content\/uploads\/2024\/12\/Plaza-del-Vino.jpg\" data-rel=\"penci-gallery-image-content\" ><img loading=\"lazy\" decoding=\"async\" width=\"768\" height=\"500\" src=\"https:\/\/enolife.com.ar\/es\/wp-content\/uploads\/2024\/12\/Plaza-del-Vino.jpg\" alt=\"\" class=\"wp-image-132519\" style=\"width:708px;height:auto\" srcset=\"https:\/\/enolife.com.ar\/es\/wp-content\/uploads\/2024\/12\/Plaza-del-Vino.jpg 768w, https:\/\/enolife.com.ar\/es\/wp-content\/uploads\/2024\/12\/Plaza-del-Vino-300x195.jpg 300w, https:\/\/enolife.com.ar\/es\/wp-content\/uploads\/2024\/12\/Plaza-del-Vino-585x381.jpg 585w\" sizes=\"auto, (max-width: 768px) 100vw, 768px\" \/><\/a><\/figure><\/div>\n\n\n<div style=\"height:34px\" aria-hidden=\"true\" class=\"wp-block-spacer\"><\/div>\n\n\n\n<p>Se trata de una obra realizada en 2022, gestionada por el Fondo Vitivin\u00edcola junto al entonces Ministerio de Turismo de Mendoza y financiada por el gobierno provincial y con aportes de la Naci\u00f3n. El proyecto de dise\u00f1o y construcci\u00f3n estuvo a cargo de los arquitectos <strong>Federico Cohen<\/strong> y <strong>Emanuel Fern\u00e1ndez<\/strong> del estudio <strong>Trama Arquitectura.<\/strong><\/p>\n\n\n\n<div style=\"height:43px\" aria-hidden=\"true\" class=\"wp-block-spacer\"><\/div>\n","protected":false},"excerpt":{"rendered":"<p>El 8 de noviembre pr\u00f3ximo, de 8.30 a 13.30 hs, en el Sal\u00f3n de Grado&hellip;<\/p>\n","protected":false},"author":2,"featured_media":169027,"comment_status":"closed","ping_status":"open","sticky":false,"template":"","format":"standard","meta":{"footnotes":""},"categories":[47],"tags":[],"class_list":["post-169020","post","type-post","status-publish","format-standard","has-post-thumbnail","hentry","category-agenda"],"_links":{"self":[{"href":"https:\/\/enolife.com.ar\/es\/wp-json\/wp\/v2\/posts\/169020","targetHints":{"allow":["GET"]}}],"collection":[{"href":"https:\/\/enolife.com.ar\/es\/wp-json\/wp\/v2\/posts"}],"about":[{"href":"https:\/\/enolife.com.ar\/es\/wp-json\/wp\/v2\/types\/post"}],"author":[{"embeddable":true,"href":"https:\/\/enolife.com.ar\/es\/wp-json\/wp\/v2\/users\/2"}],"replies":[{"embeddable":true,"href":"https:\/\/enolife.com.ar\/es\/wp-json\/wp\/v2\/comments?post=169020"}],"version-history":[{"count":0,"href":"https:\/\/enolife.com.ar\/es\/wp-json\/wp\/v2\/posts\/169020\/revisions"}],"wp:featuredmedia":[{"embeddable":true,"href":"https:\/\/enolife.com.ar\/es\/wp-json\/wp\/v2\/media\/169027"}],"wp:attachment":[{"href":"https:\/\/enolife.com.ar\/es\/wp-json\/wp\/v2\/media?parent=169020"}],"wp:term":[{"taxonomy":"category","embeddable":true,"href":"https:\/\/enolife.com.ar\/es\/wp-json\/wp\/v2\/categories?post=169020"},{"taxonomy":"post_tag","embeddable":true,"href":"https:\/\/enolife.com.ar\/es\/wp-json\/wp\/v2\/tags?post=169020"}],"curies":[{"name":"wp","href":"https:\/\/api.w.org\/{rel}","templated":true}]}}