{"id":169005,"date":"2025-11-03T22:59:45","date_gmt":"2025-11-03T22:59:45","guid":{"rendered":"https:\/\/enolife.com.ar\/es\/?p=169005"},"modified":"2025-11-05T14:17:52","modified_gmt":"2025-11-05T14:17:52","slug":"el-inta-capacita-gratis-sobre-aplicacion-de-fitosanitarios-con-drones-y-plagas-de-la-vid","status":"publish","type":"post","link":"https:\/\/enolife.com.ar\/es\/el-inta-capacita-gratis-sobre-aplicacion-de-fitosanitarios-con-drones-y-plagas-de-la-vid\/","title":{"rendered":"El INTA capacita gratis sobre aplicaci\u00f3n de fitosanitarios con drones y plagas de la vid"},"content":{"rendered":"\n<h4 class=\"wp-block-heading\"><em><strong>Los d\u00edas mi\u00e9rcoles 5 y jueves 6 de noviembre de 2025, t\u00e9cnicos del Instituto Nacional de Tecnolog\u00eda Agropecuaria (INTA) brindar\u00e1n dos jornadas de ense\u00f1anzas t\u00e9cnicas sobre dos temas de fuerte impacto en el cuidado de la vi\u00f1a. Son de libre asistencia y no requieren inscripci\u00f3n previa.<\/strong><\/em><\/h4>\n\n\n\n<div style=\"height:34px\" aria-hidden=\"true\" class=\"wp-block-spacer\"><\/div>\n\n\n<a href=\"https:\/\/www.centroenologico.com.ar\/\" aria-label=\"CERSA 1700X500 BORDO\"><img loading=\"lazy\" decoding=\"async\" src=\"https:\/\/enolife.com.ar\/es\/wp-content\/uploads\/2025\/02\/CERSA-1700X500-BORDO.gif\" alt=\"\"  width=\"1700\" height=\"500\"   \/><\/a>\n\n\n<div style=\"height:50px\" aria-hidden=\"true\" class=\"wp-block-spacer\"><\/div>\n\n\n\n<p>Como parte de su habitual ciclo de capacitaciones abiertas al p\u00fablico en general y a los productores agropecuarios en particular, el <strong>Instituto Nacional de Tecnolog\u00eda Agropecuaria (INTA)<\/strong>, en sus diversas sedes de Mendoza, organiza <strong>charlas educativas y clases pr\u00e1cticas<\/strong> sobre temas que aportan fuertemente al fortalecimiento de la actividad agropecuaria en el campo local. <\/p>\n\n\n\n<p>En este caso, la entidad que contribuye al desarrollo sostenible del sector agropecuario, agroalimentario y agroindustrial a trav\u00e9s de la investigaci\u00f3n y la extensi\u00f3n, y por otra parte impulsa la innovaci\u00f3n y la transferencia de conocimiento para el crecimiento del pa\u00eds, convoca a dos <strong>charlas abiertas, gratuitas y sin inscripci\u00f3n previa.<\/strong><\/p>\n\n\n\n<div style=\"height:35px\" aria-hidden=\"true\" class=\"wp-block-spacer\"><\/div>\n\n\n<div class=\"wp-block-image\">\n<figure class=\"aligncenter size-full is-resized\"><a href=\"https:\/\/enolife.com.ar\/es\/wp-content\/uploads\/2025\/11\/WhatsApp-Image-2025-11-03-at-09.11.56.jpeg\" data-rel=\"penci-gallery-image-content\" ><img loading=\"lazy\" decoding=\"async\" width=\"400\" height=\"499\" src=\"https:\/\/enolife.com.ar\/es\/wp-content\/uploads\/2025\/11\/WhatsApp-Image-2025-11-03-at-09.11.56.jpeg\" alt=\"\" class=\"wp-image-169006\" style=\"width:446px;height:auto\" srcset=\"https:\/\/enolife.com.ar\/es\/wp-content\/uploads\/2025\/11\/WhatsApp-Image-2025-11-03-at-09.11.56.jpeg 400w, https:\/\/enolife.com.ar\/es\/wp-content\/uploads\/2025\/11\/WhatsApp-Image-2025-11-03-at-09.11.56-240x300.jpeg 240w\" sizes=\"auto, (max-width: 400px) 100vw, 400px\" \/><\/a><\/figure><\/div>\n\n\n<div style=\"height:35px\" aria-hidden=\"true\" class=\"wp-block-spacer\"><\/div>\n\n\n\n<p>La primera de las capacitaciones, este mi\u00e9rcoles <strong>5 de noviembre desde las 9 hs en la bodega Lanzilotta <\/strong>del departamento de <strong>San Mart\u00edn<\/strong>, ser\u00e1 sobre plagas y enfermedades en vid. La charla educativa y pr\u00e1ctica son sin inscripci\u00f3n previa y estar\u00e1n a cargo de las agr\u00f3nomas <strong>Romina Molina<\/strong> y <strong>Griselda Portera<\/strong>, del CDV Zona Este. Se trata de un tema de fuerte impacto con el objetivo de fortalecer el conocimiento en el manejo sanitario de los vi\u00f1edos.<\/p>\n\n\n\n<div style=\"height:35px\" aria-hidden=\"true\" class=\"wp-block-spacer\"><\/div>\n\n\n<div class=\"wp-block-image\">\n<figure class=\"aligncenter size-full is-resized\"><a href=\"https:\/\/enolife.com.ar\/es\/wp-content\/uploads\/2025\/11\/WhatsApp-Image-2025-11-03-at-09.12.02.jpeg\" data-rel=\"penci-gallery-image-content\" ><img loading=\"lazy\" decoding=\"async\" width=\"400\" height=\"500\" src=\"https:\/\/enolife.com.ar\/es\/wp-content\/uploads\/2025\/11\/WhatsApp-Image-2025-11-03-at-09.12.02.jpeg\" alt=\"\" class=\"wp-image-169007\" style=\"width:488px;height:auto\" srcset=\"https:\/\/enolife.com.ar\/es\/wp-content\/uploads\/2025\/11\/WhatsApp-Image-2025-11-03-at-09.12.02.jpeg 400w, https:\/\/enolife.com.ar\/es\/wp-content\/uploads\/2025\/11\/WhatsApp-Image-2025-11-03-at-09.12.02-240x300.jpeg 240w\" sizes=\"auto, (max-width: 400px) 100vw, 400px\" \/><\/a><\/figure><\/div>\n\n\n<div style=\"height:32px\" aria-hidden=\"true\" class=\"wp-block-spacer\"><\/div>\n\n\n\n<p>La siguiente capacitaci\u00f3n, el jueves 6 de noviembre, ser\u00e1 en la sede del INTA Jun\u00edn, ubicada en calle Isidro Busquet s\/n de La Colonia, Jun\u00edn. All\u00ed los expertos de la entidad hablar\u00e1n sobre el tema<strong> \u00abDel tractor al dron, evoluci\u00f3n de las aplicaciones sanitarias\u00bb<\/strong>, a la vez que realizar\u00e1n demostraciones pr\u00e1cticas sobre la calibraci\u00f3n de las pulverizadoras y un an\u00e1lisis comparativo de ambas t\u00e9cnicas.<\/p>\n\n\n\n<div style=\"height:46px\" aria-hidden=\"true\" class=\"wp-block-spacer\"><\/div>\n","protected":false},"excerpt":{"rendered":"<p>Los d\u00edas mi\u00e9rcoles 5 y jueves 6 de noviembre de 2025, t\u00e9cnicos del Instituto Nacional&hellip;<\/p>\n","protected":false},"author":2,"featured_media":169013,"comment_status":"closed","ping_status":"open","sticky":false,"template":"","format":"standard","meta":{"footnotes":""},"categories":[47],"tags":[],"class_list":["post-169005","post","type-post","status-publish","format-standard","has-post-thumbnail","hentry","category-agenda"],"_links":{"self":[{"href":"https:\/\/enolife.com.ar\/es\/wp-json\/wp\/v2\/posts\/169005","targetHints":{"allow":["GET"]}}],"collection":[{"href":"https:\/\/enolife.com.ar\/es\/wp-json\/wp\/v2\/posts"}],"about":[{"href":"https:\/\/enolife.com.ar\/es\/wp-json\/wp\/v2\/types\/post"}],"author":[{"embeddable":true,"href":"https:\/\/enolife.com.ar\/es\/wp-json\/wp\/v2\/users\/2"}],"replies":[{"embeddable":true,"href":"https:\/\/enolife.com.ar\/es\/wp-json\/wp\/v2\/comments?post=169005"}],"version-history":[{"count":0,"href":"https:\/\/enolife.com.ar\/es\/wp-json\/wp\/v2\/posts\/169005\/revisions"}],"wp:featuredmedia":[{"embeddable":true,"href":"https:\/\/enolife.com.ar\/es\/wp-json\/wp\/v2\/media\/169013"}],"wp:attachment":[{"href":"https:\/\/enolife.com.ar\/es\/wp-json\/wp\/v2\/media?parent=169005"}],"wp:term":[{"taxonomy":"category","embeddable":true,"href":"https:\/\/enolife.com.ar\/es\/wp-json\/wp\/v2\/categories?post=169005"},{"taxonomy":"post_tag","embeddable":true,"href":"https:\/\/enolife.com.ar\/es\/wp-json\/wp\/v2\/tags?post=169005"}],"curies":[{"name":"wp","href":"https:\/\/api.w.org\/{rel}","templated":true}]}}