{"id":168935,"date":"2025-11-04T10:29:15","date_gmt":"2025-11-04T10:29:15","guid":{"rendered":"https:\/\/enolife.com.ar\/es\/?p=168935"},"modified":"2025-11-04T16:06:32","modified_gmt":"2025-11-04T16:06:32","slug":"el-sheraton-mendoza-celebra-el-terroir-de-lujan-de-cuyo-el-7-11-de-la-mano-de-sus-enologos","status":"publish","type":"post","link":"https:\/\/enolife.com.ar\/es\/el-sheraton-mendoza-celebra-el-terroir-de-lujan-de-cuyo-el-7-11-de-la-mano-de-sus-enologos\/","title":{"rendered":"El Sheraton Mendoza celebra el terroir de Luj\u00e1n de Cuyo el 7\/11, de la mano de sus en\u00f3logos"},"content":{"rendered":"\n<h4 class=\"wp-block-heading\"><em><strong>El viernes 7\/11 de 20 a 23 hs, el Mirador del piso 17 del Sheraton Mendoza Hotel ser\u00e1 el escenario de una nueva edici\u00f3n de \u00abEntre Copas: Edici\u00f3n Terroir\u00bb, el ciclo que celebra la diversidad vitivin\u00edcola de Mendoza reuniendo a los protagonistas detr\u00e1s de cada copa. En esta ocasi\u00f3n el terru\u00f1o homenajeado ser\u00e1 Luj\u00e1n de Cuyo, y contar\u00e1 con la presencia de los en\u00f3logos Miguel Almeida (Renacer), Pablo Laguens (Durigutti), Fernando Colucci (Vistalba) y Agust\u00edn Alcoleas (Casarena).<\/strong><\/em><\/h4>\n\n\n\n<div style=\"height:35px\" aria-hidden=\"true\" class=\"wp-block-spacer\"><\/div>\n\n\n\n\n\n<div style=\"height:45px\" aria-hidden=\"true\" class=\"wp-block-spacer\"><\/div>\n\n\n\n<p><strong>\u00abEntre Copas: Edici\u00f3n Terroir\u00bb<\/strong> vuelve el<strong> viernes 7\/11<\/strong>, de <strong>20 a 23 hs,<\/strong> con una experiencia sensorial \u00fanica en las alturas del <strong>Sheraton Mendoza Hotel <\/strong>(Primitivo de la Reta 989, Ciudad de Mendoza), donde los grandes vinos de Luj\u00e1n de Cuyo se encontrar\u00e1n con la cocina de autor y las historias inspiradoras de sus creadores.<\/p>\n\n\n\n<p>En esta segunda edici\u00f3n 2025, el homenaje ser\u00e1 para <strong>Luj\u00e1n de Cuyo<\/strong>, reconocida internacionalmente como la \u00abTierra del Malbec\u00bb, donde la amplitud t\u00e9rmica \u2014con d\u00edas c\u00e1lidos y noches frescas\u2014 y suelos aluviales y pedregosos aportan gran car\u00e1cter a sus vinos. Un encuentro que unir\u00e1 en una experiencia sensorial que invitar\u00e1 a descubrir los matices de cada regi\u00f3n que compone el terru\u00f1o. <\/p>\n\n\n\n<p>Las bodegas que participar\u00e1n son <strong>Renacer<\/strong>, desde Perdriel, representada por su en\u00f3logo <strong>Miguel Almeida<\/strong>; <strong>Casarena<\/strong>, de Perdriel y Agrelo, con <strong>Agust\u00edn Alcoleas <\/strong>como protagonista; <strong>Durigutti<\/strong>, de Las Compuertas, presentado por <strong>Pablo Laguens;<\/strong> y <strong>Vistalba<\/strong>, desde el terroir con el mismo nombre en palabras de <strong>Fernando Colucci<\/strong>. Todos ellos compartir\u00e1n su mirada sobre el terroir y las historias que hay detr\u00e1s de cada etiqueta. <\/p>\n\n\n<div class=\"wp-block-image\">\n<figure class=\"alignleft size-full is-resized\"><a href=\"https:\/\/enolife.com.ar\/es\/wp-content\/uploads\/2025\/11\/Martin-Chacon-Chef-Ejecutivo-Sheraton-en-Entre-Copas.jpg\" data-rel=\"penci-gallery-image-content\" ><img loading=\"lazy\" decoding=\"async\" width=\"311\" height=\"300\" src=\"https:\/\/enolife.com.ar\/es\/wp-content\/uploads\/2025\/11\/Martin-Chacon-Chef-Ejecutivo-Sheraton-en-Entre-Copas.jpg\" alt=\"\" class=\"wp-image-168947\" style=\"width:194px;height:auto\" srcset=\"https:\/\/enolife.com.ar\/es\/wp-content\/uploads\/2025\/11\/Martin-Chacon-Chef-Ejecutivo-Sheraton-en-Entre-Copas.jpg 311w, https:\/\/enolife.com.ar\/es\/wp-content\/uploads\/2025\/11\/Martin-Chacon-Chef-Ejecutivo-Sheraton-en-Entre-Copas-300x289.jpg 300w\" sizes=\"auto, (max-width: 311px) 100vw, 311px\" \/><\/a><\/figure><\/div>\n\n\n<p>En tanto, el <strong>chef ejecutivo de Sheraton Mendoza Hotel, Mart\u00edn Chac\u00f3n<\/strong>, crear\u00e1 el men\u00fa de cuatro pasos inspirado en dicha regi\u00f3n vitivin\u00edcola. <em>\u00abEste men\u00fa fue especialmente dise\u00f1ado para mostrar la versatilidad y la calidad de los vinos de Luj\u00e1n de Cuyo, una regi\u00f3n famosa por su Malbec y sus tintos de guarda. Utilizamos sabores potentes y texturas elegantes. Nuestro maridaje elegido es por similitud para resaltar al m\u00e1ximo la expresi\u00f3n de sus mejores terroirs\u00bb<\/em>, expres\u00f3 Chac\u00f3n.<\/p>\n\n\n\n<p class=\"has-background\" style=\"background-color:#abb7c25e\"><strong>Las entradas se pueden comprar a un valor de $90.000 por persona (cupos limitados) al WhatsApp +54 9 2614 16-5835 o por mail: <a href=\"mailto:concierge@grupohuentala.com.ar\">concierge@grupohuentala.com.ar<\/a><\/strong><\/p>\n\n\n\n<p>Desde su creaci\u00f3n en 2016, Entre Copas se consolid\u00f3 como un cl\u00e1sico de la escena enogastron\u00f3mica mendocina, con m\u00e1s de 60 ediciones realizadas y reconocimientos internacionales como los Best Of Wine Tourism, donde fue distinguido con medallas de Plata y Oro. En esta nueva etapa, el ciclo renueva su propuesta con un formato tem\u00e1tico que pone en valor los distintos terroirs de Mendoza.<\/p>\n\n\n\n<div style=\"height:35px\" aria-hidden=\"true\" class=\"wp-block-spacer\"><\/div>\n\n\n\n<figure class=\"wp-block-gallery has-nested-images columns-default is-cropped wp-block-gallery-1 is-layout-flex wp-block-gallery-is-layout-flex\">\n<figure class=\"wp-block-image size-full\"><a href=\"https:\/\/enolife.com.ar\/es\/wp-content\/uploads\/2025\/11\/Entre-Copas-en-el-Mirador-3.jpg\" data-rel=\"penci-gallery-image-content\" ><img loading=\"lazy\" decoding=\"async\" width=\"574\" height=\"400\" data-id=\"168945\" src=\"https:\/\/enolife.com.ar\/es\/wp-content\/uploads\/2025\/11\/Entre-Copas-en-el-Mirador-3.jpg\" alt=\"\" class=\"wp-image-168945\" srcset=\"https:\/\/enolife.com.ar\/es\/wp-content\/uploads\/2025\/11\/Entre-Copas-en-el-Mirador-3.jpg 574w, https:\/\/enolife.com.ar\/es\/wp-content\/uploads\/2025\/11\/Entre-Copas-en-el-Mirador-3-300x209.jpg 300w\" sizes=\"auto, (max-width: 574px) 100vw, 574px\" \/><\/a><\/figure>\n\n\n\n<figure class=\"wp-block-image size-full\"><a href=\"https:\/\/enolife.com.ar\/es\/wp-content\/uploads\/2025\/11\/Entre-Copas-Archivo.jpg\" data-rel=\"penci-gallery-image-content\" ><img loading=\"lazy\" decoding=\"async\" width=\"646\" height=\"400\" data-id=\"168946\" src=\"https:\/\/enolife.com.ar\/es\/wp-content\/uploads\/2025\/11\/Entre-Copas-Archivo.jpg\" alt=\"\" class=\"wp-image-168946\" srcset=\"https:\/\/enolife.com.ar\/es\/wp-content\/uploads\/2025\/11\/Entre-Copas-Archivo.jpg 646w, https:\/\/enolife.com.ar\/es\/wp-content\/uploads\/2025\/11\/Entre-Copas-Archivo-300x186.jpg 300w, https:\/\/enolife.com.ar\/es\/wp-content\/uploads\/2025\/11\/Entre-Copas-Archivo-585x362.jpg 585w\" sizes=\"auto, (max-width: 646px) 100vw, 646px\" \/><\/a><\/figure>\n<\/figure>\n\n\n\n<div style=\"height:35px\" aria-hidden=\"true\" class=\"wp-block-spacer\"><\/div>\n\n\n\n<p>La primera edici\u00f3n del a\u00f1o, dedicada a Gualtallary, agot\u00f3 localidades y reuni\u00f3 a en\u00f3logos ic\u00f3nicos como Daniel Pi (Bemberg), Mart\u00edn Kaiser (Do\u00f1a Paula), Mariano Di Paola (Rutini) y Jos\u00e9 \u00abPepe\u00bb Morales (Huentala Wines).<\/p>\n\n\n\n<p>Con vistas imponentes a la cordillera y el respaldo de su compromiso con la sustentabilidad -al ser el primer hotel de la provincia en obtener la ecoetiqueta Oro-, Sheraton Mendoza Hotel invita a vivir una noche donde la ciudad se viste con el sabor del valle y la esencia del vino mendocino.<\/p>\n\n\n\n<div style=\"height:45px\" aria-hidden=\"true\" class=\"wp-block-spacer\"><\/div>\n\n\n\n<p class=\"has-medium-font-size\"><strong>Sobre Grupo Huentala<\/strong><\/p>\n\n\n<div class=\"wp-block-image\">\n<figure class=\"alignleft size-large is-resized\"><a href=\"https:\/\/enolife.com.ar\/es\/wp-content\/uploads\/2025\/11\/image.png\" data-rel=\"penci-gallery-image-content\" ><img loading=\"lazy\" decoding=\"async\" width=\"768\" height=\"1024\" src=\"https:\/\/enolife.com.ar\/es\/wp-content\/uploads\/2025\/11\/image-768x1024.png\" alt=\"\" class=\"wp-image-168950\" style=\"width:270px;height:auto\" srcset=\"https:\/\/enolife.com.ar\/es\/wp-content\/uploads\/2025\/11\/image-768x1023.png 768w, https:\/\/enolife.com.ar\/es\/wp-content\/uploads\/2025\/11\/image-225x300.png 225w, https:\/\/enolife.com.ar\/es\/wp-content\/uploads\/2025\/11\/image-585x780.png 585w, https:\/\/enolife.com.ar\/es\/wp-content\/uploads\/2025\/11\/image.png 800w\" sizes=\"auto, (max-width: 768px) 100vw, 768px\" \/><\/a><\/figure><\/div>\n\n\n<p>Grupo Huentala es una empresa familiar, 100% mendocina, comprometida en crear experiencias \u00fanicas e inolvidables para sus clientes. Inspirada en la visi\u00f3n de su fundador, Julio Camsen, se posiciona en el sector financiero y fintech a trav\u00e9s de Chimpay y Ohana; vitivin\u00edcola y gastron\u00f3mico con Huentala Wines; Rastro By Huentala Wines; La Cabrera, casa de carnes; La Tavolata, Ristorante \u00cdtalo Argentino; Acequias Restaurant y Jacarand\u00e1 Garden Bar; y en la industria de la hospitalidad y del entretenimiento con los hoteles Sheraton Mendoza Hotel &amp; Cosmo Casino, Huentala Hotel y Hualta Winery Hotel, Curio Collection by Hilton.<\/p>\n\n\n\n<p>Los tres hoteles se ubican en el KM cero de la Ciudad de Mendoza y est\u00e1n conectados entre s\u00ed, convirti\u00e9ndose en un distrito de arte, vino y gastronom\u00eda, y en el polo hotelero m\u00e1s importante del interior del pa\u00eds con 350 habitaciones.<\/p>\n\n\n\n<p>Por otro lado, el grupo mantiene un firme compromiso con el cuidado del medioambiente, implementando pr\u00e1cticas sustentables en todas sus unidades de negocio. En este camino, trabaja para cumplir con certificaciones de referencia como \u00abHoteles M\u00e1s Verdes\u00bb-promovida por la Asociaci\u00f3n de Hoteles de Turismo de la Rep\u00fablica Argentina (AHT), validada por el Instituto Argentino de Normalizaci\u00f3n y Certificaci\u00f3n (IRAM) y reconocida por el Ministerio de Turismo de la Naci\u00f3n-; y el \u00abProtocolo de Sustentabilidad Vitivin\u00edcola\u00bb de Bodegas de Argentina, entre otras. Adem\u00e1s, invita a sus clientes a sumarse a estas acciones responsables en favor del planeta.<\/p>\n\n\n\n<div style=\"height:35px\" aria-hidden=\"true\" class=\"wp-block-spacer\"><\/div>\n","protected":false},"excerpt":{"rendered":"<p>El viernes 7\/11 de 20 a 23 hs, el Mirador del piso 17 del Sheraton&hellip;<\/p>\n","protected":false},"author":2,"featured_media":168944,"comment_status":"closed","ping_status":"open","sticky":false,"template":"","format":"standard","meta":{"footnotes":""},"categories":[47],"tags":[],"class_list":["post-168935","post","type-post","status-publish","format-standard","has-post-thumbnail","hentry","category-agenda"],"_links":{"self":[{"href":"https:\/\/enolife.com.ar\/es\/wp-json\/wp\/v2\/posts\/168935","targetHints":{"allow":["GET"]}}],"collection":[{"href":"https:\/\/enolife.com.ar\/es\/wp-json\/wp\/v2\/posts"}],"about":[{"href":"https:\/\/enolife.com.ar\/es\/wp-json\/wp\/v2\/types\/post"}],"author":[{"embeddable":true,"href":"https:\/\/enolife.com.ar\/es\/wp-json\/wp\/v2\/users\/2"}],"replies":[{"embeddable":true,"href":"https:\/\/enolife.com.ar\/es\/wp-json\/wp\/v2\/comments?post=168935"}],"version-history":[{"count":0,"href":"https:\/\/enolife.com.ar\/es\/wp-json\/wp\/v2\/posts\/168935\/revisions"}],"wp:featuredmedia":[{"embeddable":true,"href":"https:\/\/enolife.com.ar\/es\/wp-json\/wp\/v2\/media\/168944"}],"wp:attachment":[{"href":"https:\/\/enolife.com.ar\/es\/wp-json\/wp\/v2\/media?parent=168935"}],"wp:term":[{"taxonomy":"category","embeddable":true,"href":"https:\/\/enolife.com.ar\/es\/wp-json\/wp\/v2\/categories?post=168935"},{"taxonomy":"post_tag","embeddable":true,"href":"https:\/\/enolife.com.ar\/es\/wp-json\/wp\/v2\/tags?post=168935"}],"curies":[{"name":"wp","href":"https:\/\/api.w.org\/{rel}","templated":true}]}}