{"id":168911,"date":"2025-11-02T20:14:54","date_gmt":"2025-11-02T20:14:54","guid":{"rendered":"https:\/\/enolife.com.ar\/es\/?p=168911"},"modified":"2025-11-04T10:30:20","modified_gmt":"2025-11-04T10:30:20","slug":"alandes-invita-a-la-feria-de-terrunos-el-8-11-con-subasta-de-vinos-a-beneficio-de-chicos-con-cancer","status":"publish","type":"post","link":"https:\/\/enolife.com.ar\/es\/alandes-invita-a-la-feria-de-terrunos-el-8-11-con-subasta-de-vinos-a-beneficio-de-chicos-con-cancer\/","title":{"rendered":"Alandes invita a la Feria de Terru\u00f1os el 8\/11, con subasta de vinos a beneficio de chicos con c\u00e1ncer"},"content":{"rendered":"\n<h4 class=\"wp-block-heading\"><em><strong>Con una variada selecci\u00f3n de vinos, m\u00fasica en vivo, gastronom\u00eda del restaurante El Capricho, juegos y sorteos y la tradicional subasta ben\u00e9fica de vinos de colecci\u00f3n, el s\u00e1bado 8 de noviembre el en\u00f3logo Karim Mussi abrir\u00e1 las puertas de su Bodega Alandes, en Coquimbito, Maip\u00fa, Mendoza, para celebrar la VII edici\u00f3n de la Feria de Terru\u00f1os.<\/strong><\/em><\/h4>\n\n\n\n<div style=\"height:35px\" aria-hidden=\"true\" class=\"wp-block-spacer\"><\/div>\n\n\n<a href=\"https:\/\/www.centroenologico.com.ar\/\" aria-label=\"CERSA 1700X500 BORDO\"><img loading=\"lazy\" decoding=\"async\" src=\"https:\/\/enolife.com.ar\/es\/wp-content\/uploads\/2025\/02\/CERSA-1700X500-BORDO.gif\" alt=\"\"  width=\"1700\" height=\"500\"   \/><\/a>\n\n\n<div style=\"height:45px\" aria-hidden=\"true\" class=\"wp-block-spacer\"><\/div>\n\n\n<div class=\"wp-block-image\">\n<figure class=\"alignleft size-full is-resized\"><a href=\"https:\/\/enolife.com.ar\/es\/wp-content\/uploads\/2025\/11\/Imagen2.jpg\" data-rel=\"penci-gallery-image-content\" ><img loading=\"lazy\" decoding=\"async\" width=\"381\" height=\"414\" src=\"https:\/\/enolife.com.ar\/es\/wp-content\/uploads\/2025\/11\/Imagen2.jpg\" alt=\"\" class=\"wp-image-168929\" style=\"width:291px;height:auto\" srcset=\"https:\/\/enolife.com.ar\/es\/wp-content\/uploads\/2025\/11\/Imagen2.jpg 381w, https:\/\/enolife.com.ar\/es\/wp-content\/uploads\/2025\/11\/Imagen2-276x300.jpg 276w\" sizes=\"auto, (max-width: 381px) 100vw, 381px\" \/><\/a><\/figure><\/div>\n\n\n<p>El&nbsp;<strong>s\u00e1bado 8 de noviembre, de 12 a 18 horas<\/strong>, en la <strong>Cava de Turismo de la Bodega Alandes<\/strong> (Adriano G\u00f3mez 3602, Coquimbito, Maip\u00fa, Provincia de Mendoza) se llevar\u00e1 a cabo la <strong>VII edici\u00f3n de la Feria de Terru\u00f1os \u00abMini Feria de Grandes Vinos\u00bb<\/strong>, organizada por el en\u00f3logo <strong>Karim Mussi. <\/strong><\/p>\n\n\n\n<p>Las\u00a0entradas se pueden adquirir exclusivamente de forma online a un valor anticipado\u00a0de<strong>\u00a0$65.000<\/strong>, e incluyen degustaci\u00f3n de todos los vinos, una\u00a0copa grabada,\u00a0acceso a sorteos y beneficios especiales\u00a0para la compra de vinos.<\/p>\n\n\n\n<p class=\"has-background\" style=\"background-color:#abb7c24d\"><strong>Las entradas pueden adquirirse en <a href=\"https:\/\/shop.lacavadekarim.com\/feria-terrunios-vii\/feria-de-terrunos-vii-edicion\/\">AQU\u00cd&nbsp;<\/a><\/strong><\/p>\n\n\n\n<p><em>\u201cLa Feria de Terru\u00f1os es un homenaje a la diversidad de la cordillera y una invitaci\u00f3n a compartir lo que m\u00e1s nos apasiona: el vino y la amistad. Ser\u00e1 una jornada completa, desde el mediod\u00eda hasta el atardecer, donde el vino se encuentra con la m\u00fasica, los sabores y las emociones. Una experiencia \u00fanica para disfrutar Mendoza de la mejor manera\u00bb<\/em> explic\u00f3 Karim Mussi, propietario de Bodega Alandes.<\/p>\n\n\n\n<div style=\"height:35px\" aria-hidden=\"true\" class=\"wp-block-spacer\"><\/div>\n\n\n\n<figure class=\"wp-block-gallery has-nested-images columns-default is-cropped wp-block-gallery-1 is-layout-flex wp-block-gallery-is-layout-flex\">\n<figure class=\"wp-block-image size-full\"><a href=\"https:\/\/enolife.com.ar\/es\/wp-content\/uploads\/2025\/11\/DSC_7727-ed.jpg\" data-rel=\"penci-gallery-image-content\" ><img loading=\"lazy\" decoding=\"async\" width=\"648\" height=\"400\" data-id=\"168923\" src=\"https:\/\/enolife.com.ar\/es\/wp-content\/uploads\/2025\/11\/DSC_7727-ed.jpg\" alt=\"\" class=\"wp-image-168923\" srcset=\"https:\/\/enolife.com.ar\/es\/wp-content\/uploads\/2025\/11\/DSC_7727-ed.jpg 648w, https:\/\/enolife.com.ar\/es\/wp-content\/uploads\/2025\/11\/DSC_7727-ed-300x185.jpg 300w, https:\/\/enolife.com.ar\/es\/wp-content\/uploads\/2025\/11\/DSC_7727-ed-585x361.jpg 585w\" sizes=\"auto, (max-width: 648px) 100vw, 648px\" \/><\/a><\/figure>\n\n\n\n<figure class=\"wp-block-image size-full\"><a href=\"https:\/\/enolife.com.ar\/es\/wp-content\/uploads\/2025\/11\/514c3037-76e7-c3b4-3f7d-12d317c9f451.jpg\" data-rel=\"penci-gallery-image-content\" ><img loading=\"lazy\" decoding=\"async\" width=\"1280\" height=\"550\" data-id=\"168917\" src=\"https:\/\/enolife.com.ar\/es\/wp-content\/uploads\/2025\/11\/514c3037-76e7-c3b4-3f7d-12d317c9f451.jpg\" alt=\"\" class=\"wp-image-168917\" srcset=\"https:\/\/enolife.com.ar\/es\/wp-content\/uploads\/2025\/11\/514c3037-76e7-c3b4-3f7d-12d317c9f451.jpg 1280w, https:\/\/enolife.com.ar\/es\/wp-content\/uploads\/2025\/11\/514c3037-76e7-c3b4-3f7d-12d317c9f451-300x129.jpg 300w, https:\/\/enolife.com.ar\/es\/wp-content\/uploads\/2025\/11\/514c3037-76e7-c3b4-3f7d-12d317c9f451-1024x440.jpg 1024w, https:\/\/enolife.com.ar\/es\/wp-content\/uploads\/2025\/11\/514c3037-76e7-c3b4-3f7d-12d317c9f451-768x330.jpg 768w, https:\/\/enolife.com.ar\/es\/wp-content\/uploads\/2025\/11\/514c3037-76e7-c3b4-3f7d-12d317c9f451-1170x503.jpg 1170w, https:\/\/enolife.com.ar\/es\/wp-content\/uploads\/2025\/11\/514c3037-76e7-c3b4-3f7d-12d317c9f451-585x251.jpg 585w\" sizes=\"auto, (max-width: 1280px) 100vw, 1280px\" \/><\/a><figcaption class=\"wp-element-caption\">Karim Mussi<\/figcaption><\/figure>\n<\/figure>\n\n\n\n<div style=\"height:35px\" aria-hidden=\"true\" class=\"wp-block-spacer\"><\/div>\n\n\n\n<p>El encuentro ofrecer\u00e1 una experiencia en torno a los sabores, aromas y paisajes que hacen \u00fanica a la vitivinicultura local y busca reunir en Mendoza a\u00a0entusiastas del vino, expertos de la industria y amantes de la gastronom\u00eda\u00a0para disfrutar de un recorrido\u00a0copa en mano\u00a0por el\u00a0portfolio de Mussi, que incluye etiquetas ic\u00f3nicas de\u00a0Altocedro, Alandes, Abras, Finca Qaramy, y\u00a0El Jard\u00edn de los Caprichos, adem\u00e1s de otros proyectos como\u00a0Vi\u00f1avida\u00a0y\u00a0UCO (Uni\u00f3n de Cosechadores Org\u00e1nicos).<\/p>\n\n\n\n<div style=\"height:35px\" aria-hidden=\"true\" class=\"wp-block-spacer\"><\/div>\n\n\n\n<figure class=\"wp-block-gallery has-nested-images columns-default is-cropped wp-block-gallery-2 is-layout-flex wp-block-gallery-is-layout-flex\">\n<figure class=\"wp-block-image size-full\"><a href=\"https:\/\/enolife.com.ar\/es\/wp-content\/uploads\/2025\/11\/DSC_7687-ed.jpg\" data-rel=\"penci-gallery-image-content\" ><img loading=\"lazy\" decoding=\"async\" width=\"552\" height=\"400\" data-id=\"168919\" src=\"https:\/\/enolife.com.ar\/es\/wp-content\/uploads\/2025\/11\/DSC_7687-ed.jpg\" alt=\"\" class=\"wp-image-168919\" srcset=\"https:\/\/enolife.com.ar\/es\/wp-content\/uploads\/2025\/11\/DSC_7687-ed.jpg 552w, https:\/\/enolife.com.ar\/es\/wp-content\/uploads\/2025\/11\/DSC_7687-ed-300x217.jpg 300w\" sizes=\"auto, (max-width: 552px) 100vw, 552px\" \/><\/a><\/figure>\n\n\n\n<figure class=\"wp-block-image size-full\"><a href=\"https:\/\/enolife.com.ar\/es\/wp-content\/uploads\/2025\/11\/DSC_7724-ed.jpg\" data-rel=\"penci-gallery-image-content\" ><img loading=\"lazy\" decoding=\"async\" width=\"615\" height=\"400\" data-id=\"168920\" src=\"https:\/\/enolife.com.ar\/es\/wp-content\/uploads\/2025\/11\/DSC_7724-ed.jpg\" alt=\"\" class=\"wp-image-168920\" srcset=\"https:\/\/enolife.com.ar\/es\/wp-content\/uploads\/2025\/11\/DSC_7724-ed.jpg 615w, https:\/\/enolife.com.ar\/es\/wp-content\/uploads\/2025\/11\/DSC_7724-ed-300x195.jpg 300w, https:\/\/enolife.com.ar\/es\/wp-content\/uploads\/2025\/11\/DSC_7724-ed-585x380.jpg 585w\" sizes=\"auto, (max-width: 615px) 100vw, 615px\" \/><\/a><\/figure>\n<\/figure>\n\n\n\n<div style=\"height:35px\" aria-hidden=\"true\" class=\"wp-block-spacer\"><\/div>\n\n\n\n<p>La\u00a0propuesta gastron\u00f3mica estar\u00e1 a cargo del chef <strong>Edward Holloway, del restaurante El Capricho,<\/strong> habr\u00e1 m\u00fasica en vivo\u00a0con la banda<strong>\u00a02 OF US,<\/strong> un\u00a0stand de puros,\u00a0juegos y sorteos.<\/p>\n\n\n\n<div style=\"height:35px\" aria-hidden=\"true\" class=\"wp-block-spacer\"><\/div>\n\n\n\n<figure class=\"wp-block-gallery has-nested-images columns-default is-cropped wp-block-gallery-3 is-layout-flex wp-block-gallery-is-layout-flex\">\n<figure class=\"wp-block-image size-full\"><a href=\"https:\/\/enolife.com.ar\/es\/wp-content\/uploads\/2025\/11\/DSC_7978-ed.jpg\" data-rel=\"penci-gallery-image-content\" ><img loading=\"lazy\" decoding=\"async\" width=\"581\" height=\"400\" data-id=\"168921\" src=\"https:\/\/enolife.com.ar\/es\/wp-content\/uploads\/2025\/11\/DSC_7978-ed.jpg\" alt=\"\" class=\"wp-image-168921\" srcset=\"https:\/\/enolife.com.ar\/es\/wp-content\/uploads\/2025\/11\/DSC_7978-ed.jpg 581w, https:\/\/enolife.com.ar\/es\/wp-content\/uploads\/2025\/11\/DSC_7978-ed-300x207.jpg 300w\" sizes=\"auto, (max-width: 581px) 100vw, 581px\" \/><\/a><\/figure>\n\n\n\n<figure class=\"wp-block-image size-full\"><a href=\"https:\/\/enolife.com.ar\/es\/wp-content\/uploads\/2025\/11\/DSC_7776-ed.jpg\" data-rel=\"penci-gallery-image-content\" ><img loading=\"lazy\" decoding=\"async\" width=\"620\" height=\"400\" data-id=\"168925\" src=\"https:\/\/enolife.com.ar\/es\/wp-content\/uploads\/2025\/11\/DSC_7776-ed.jpg\" alt=\"\" class=\"wp-image-168925\" srcset=\"https:\/\/enolife.com.ar\/es\/wp-content\/uploads\/2025\/11\/DSC_7776-ed.jpg 620w, https:\/\/enolife.com.ar\/es\/wp-content\/uploads\/2025\/11\/DSC_7776-ed-300x194.jpg 300w, https:\/\/enolife.com.ar\/es\/wp-content\/uploads\/2025\/11\/DSC_7776-ed-585x377.jpg 585w\" sizes=\"auto, (max-width: 620px) 100vw, 620px\" \/><\/a><\/figure>\n<\/figure>\n\n\n\n<div style=\"height:35px\" aria-hidden=\"true\" class=\"wp-block-spacer\"><\/div>\n\n\n\n<p>Como cada a\u00f1o, tambi\u00e9n se llevar\u00e1 a cabo la&nbsp;tradicional <strong>subasta ben\u00e9fica de vinos de colecci\u00f3n<\/strong>, destinada a <strong>recaudar fondos<\/strong> para la&nbsp;Asociaci\u00f3n Tras-Pasar, que acompa\u00f1a a ni\u00f1os,<strong> ni\u00f1as y adolescentes con c\u00e1ncer.<\/strong><\/p>\n\n\n\n<div style=\"height:35px\" aria-hidden=\"true\" class=\"wp-block-spacer\"><\/div>\n\n\n\n<p><\/p>\n\n\n\n<p><\/p>\n\n\n\n<p><\/p>\n\n\n\n<p><\/p>\n\n\n\n<p><br><\/p>\n","protected":false},"excerpt":{"rendered":"<p>Con una variada selecci\u00f3n de vinos, m\u00fasica en vivo, gastronom\u00eda del restaurante El Capricho, juegos&hellip;<\/p>\n","protected":false},"author":2,"featured_media":168926,"comment_status":"closed","ping_status":"open","sticky":false,"template":"","format":"standard","meta":{"footnotes":""},"categories":[47],"tags":[],"class_list":["post-168911","post","type-post","status-publish","format-standard","has-post-thumbnail","hentry","category-agenda"],"_links":{"self":[{"href":"https:\/\/enolife.com.ar\/es\/wp-json\/wp\/v2\/posts\/168911","targetHints":{"allow":["GET"]}}],"collection":[{"href":"https:\/\/enolife.com.ar\/es\/wp-json\/wp\/v2\/posts"}],"about":[{"href":"https:\/\/enolife.com.ar\/es\/wp-json\/wp\/v2\/types\/post"}],"author":[{"embeddable":true,"href":"https:\/\/enolife.com.ar\/es\/wp-json\/wp\/v2\/users\/2"}],"replies":[{"embeddable":true,"href":"https:\/\/enolife.com.ar\/es\/wp-json\/wp\/v2\/comments?post=168911"}],"version-history":[{"count":0,"href":"https:\/\/enolife.com.ar\/es\/wp-json\/wp\/v2\/posts\/168911\/revisions"}],"wp:featuredmedia":[{"embeddable":true,"href":"https:\/\/enolife.com.ar\/es\/wp-json\/wp\/v2\/media\/168926"}],"wp:attachment":[{"href":"https:\/\/enolife.com.ar\/es\/wp-json\/wp\/v2\/media?parent=168911"}],"wp:term":[{"taxonomy":"category","embeddable":true,"href":"https:\/\/enolife.com.ar\/es\/wp-json\/wp\/v2\/categories?post=168911"},{"taxonomy":"post_tag","embeddable":true,"href":"https:\/\/enolife.com.ar\/es\/wp-json\/wp\/v2\/tags?post=168911"}],"curies":[{"name":"wp","href":"https:\/\/api.w.org\/{rel}","templated":true}]}}